{"id":9985,"date":"2021-11-29T19:11:00","date_gmt":"2021-11-29T18:11:00","guid":{"rendered":"http:\/\/sp2aug.pl\/?p=9985"},"modified":"2021-11-29T19:21:57","modified_gmt":"2021-11-29T18:21:57","slug":"podlaski-uniwersytet-dzieciecy","status":"publish","type":"post","link":"https:\/\/sp2aug.pl\/index.php\/2021\/11\/29\/podlaski-uniwersytet-dzieciecy\/","title":{"rendered":"Podlaski Uniwersytet Dzieci\u0119cy"},"content":{"rendered":"\t\t<div data-elementor-type=\"wp-post\" data-elementor-id=\"9985\" class=\"elementor elementor-9985\">\n\t\t\t\t\t\t<section class=\"elementor-section elementor-top-section elementor-element elementor-element-16a73a8 elementor-section-boxed elementor-section-height-default elementor-section-height-default\" data-id=\"16a73a8\" data-element_type=\"section\">\n\t\t\t\t\t\t<div class=\"elementor-container elementor-column-gap-default\">\n\t\t\t\t\t<div class=\"elementor-column elementor-col-100 elementor-top-column elementor-element elementor-element-47070b6\" data-id=\"47070b6\" data-element_type=\"column\">\n\t\t\t<div class=\"elementor-widget-wrap elementor-element-populated\">\n\t\t\t\t\t\t<div class=\"elementor-element elementor-element-75ce545 elementor-widget elementor-widget-text-editor\" data-id=\"75ce545\" data-element_type=\"widget\" data-widget_type=\"text-editor.default\">\n\t\t\t\t<div class=\"elementor-widget-container\">\n\t\t\t\t\t\t\t\t\t<p>Inauguracja Podlaskiego Uniwersytetu Dzieci\u0119cego<\/p><p>27 listopada uczniowie naszej szko\u0142y wzi\u0119li udzia\u0142 w inauguracji roku akademickiego dla student\u00f3w Podlaskiego Uniwersytetu Dzieci\u0119cego. Uroczysto\u015b\u0107 odby\u0142a si\u0119\u00a0 w auli Wydzia\u0142u Elektrycznego pod przewodnictwem prorektora ds. studenckich Politechniki Bia\u0142ostockiej prof. Jaros\u0142awa Sztusa, zwanego ojcem uniwersytetu dzieci\u0119cego. M\u0142odzi studenci odebrali indeksy, identyfikatory i karty biblioteczne. Nast\u0119pnie odby\u0142 si\u0119 wyk\u0142ad inauguracyjny dr hab. in\u017c. Macieja Zajkowskiego. \u017bakami z naszej szko\u0142y zostali uczniowie:<\/p><p>Bogdanowicz Maja<\/p><p>Dorf Oliwia<\/p><p>Huculak Aleksandra<\/p><p>Karbowska Julia<\/p><p>\u0141ukaszewicz Micha\u0142<\/p><p>Miklaszewska Aleksandra<\/p><p>Muczy\u0144ski Dawid<\/p><p>Narel Kacper<\/p><p>Nawrocka Aniela<\/p><p>Osewska Maja<\/p><p>Romanowski Artur<\/p><p>Roszko Martyna<\/p><p>Rymarczyk Patrycja<\/p><p>Sadowski Kamil Antonii<\/p><p>Strawi\u0144ski Oskar<\/p><p>\u015aleszy\u0144ska Emilia<\/p><p>Trochimowicz Kacper<\/p><p>Wasilewski Bartosz<\/p><p>\u00a0\u00a0\u00a0\u00a0\u00a0\u00a0\u00a0\u00a0\u00a0\u00a0\u00a0\u00a0\u00a0\u00a0\u00a0\u00a0\u00a0\u00a0\u00a0\u00a0\u00a0\u00a0\u00a0\u00a0\u00a0\u00a0\u00a0\u00a0\u00a0\u00a0\u00a0\u00a0\u00a0\u00a0\u00a0\u00a0\u00a0\u00a0\u00a0\u00a0\u00a0\u00a0\u00a0\u00a0\u00a0\u00a0\u00a0\u00a0\u00a0\u00a0\u00a0\u00a0\u00a0\u00a0\u00a0\u00a0\u00a0\u00a0\u00a0\u00a0\u00a0\u00a0<\/p><p>\u00a0<\/p>\t\t\t\t\t\t\t\t<\/div>\n\t\t\t\t<\/div>\n\t\t\t\t\t<\/div>\n\t\t<\/div>\n\t\t\t\t\t<\/div>\n\t\t<\/section>\n\t\t\t\t<section class=\"elementor-section elementor-top-section elementor-element elementor-element-f990421 elementor-section-boxed elementor-section-height-default elementor-section-height-default\" data-id=\"f990421\" data-element_type=\"section\">\n\t\t\t\t\t\t<div class=\"elementor-container elementor-column-gap-default\">\n\t\t\t\t\t<div class=\"elementor-column elementor-col-100 elementor-top-column elementor-element elementor-element-873344b\" data-id=\"873344b\" data-element_type=\"column\">\n\t\t\t<div class=\"elementor-widget-wrap elementor-element-populated\">\n\t\t\t\t\t\t<div class=\"elementor-element elementor-element-7564395 elementor-arrows-position-inside elementor-pagination-position-outside elementor-widget elementor-widget-image-carousel\" data-id=\"7564395\" data-element_type=\"widget\" data-settings=\"{&quot;navigation&quot;:&quot;both&quot;,&quot;autoplay&quot;:&quot;yes&quot;,&quot;pause_on_hover&quot;:&quot;yes&quot;,&quot;pause_on_interaction&quot;:&quot;yes&quot;,&quot;autoplay_speed&quot;:5000,&quot;infinite&quot;:&quot;yes&quot;,&quot;speed&quot;:500}\" data-widget_type=\"image-carousel.default\">\n\t\t\t\t<div class=\"elementor-widget-container\">\n\t\t\t\t\t\t\t<div class=\"elementor-image-carousel-wrapper swiper\" role=\"region\" aria-roledescription=\"carousel\" aria-label=\"Karuzela obrazk\u00f3w\" dir=\"ltr\">\n\t\t\t<div class=\"elementor-image-carousel swiper-wrapper\" aria-live=\"off\">\n\t\t\t\t\t\t\t\t<div class=\"swiper-slide\" role=\"group\" aria-roledescription=\"slide\" aria-label=\"1 z 7\"><a data-elementor-open-lightbox=\"yes\" data-elementor-lightbox-slideshow=\"7564395\" data-elementor-lightbox-title=\"2\" data-e-action-hash=\"#elementor-action%3Aaction%3Dlightbox%26settings%3DeyJpZCI6OTk4NiwidXJsIjoiaHR0cHM6XC9cL3NwMmF1Zy5wbFwvd3AtY29udGVudFwvdXBsb2Fkc1wvMjAyMVwvMTFcLzItMTUuanBnIiwic2xpZGVzaG93IjoiNzU2NDM5NSJ9\" href=\"https:\/\/sp2aug.pl\/wp-content\/uploads\/2021\/11\/2-15.jpg\"><figure class=\"swiper-slide-inner\"><img decoding=\"async\" class=\"swiper-slide-image\" src=\"https:\/\/sp2aug.pl\/wp-content\/uploads\/2021\/11\/2-15-150x150.jpg\" alt=\"2\" \/><\/figure><\/a><\/div><div class=\"swiper-slide\" role=\"group\" aria-roledescription=\"slide\" aria-label=\"2 z 7\"><a data-elementor-open-lightbox=\"yes\" data-elementor-lightbox-slideshow=\"7564395\" data-elementor-lightbox-title=\"3\" data-e-action-hash=\"#elementor-action%3Aaction%3Dlightbox%26settings%3DeyJpZCI6OTk4NywidXJsIjoiaHR0cHM6XC9cL3NwMmF1Zy5wbFwvd3AtY29udGVudFwvdXBsb2Fkc1wvMjAyMVwvMTFcLzMtMTMuanBnIiwic2xpZGVzaG93IjoiNzU2NDM5NSJ9\" href=\"https:\/\/sp2aug.pl\/wp-content\/uploads\/2021\/11\/3-13.jpg\"><figure class=\"swiper-slide-inner\"><img decoding=\"async\" class=\"swiper-slide-image\" src=\"https:\/\/sp2aug.pl\/wp-content\/uploads\/2021\/11\/3-13-150x150.jpg\" alt=\"3\" \/><\/figure><\/a><\/div><div class=\"swiper-slide\" role=\"group\" aria-roledescription=\"slide\" aria-label=\"3 z 7\"><a data-elementor-open-lightbox=\"yes\" data-elementor-lightbox-slideshow=\"7564395\" data-elementor-lightbox-title=\"4\" data-e-action-hash=\"#elementor-action%3Aaction%3Dlightbox%26settings%3DeyJpZCI6OTk4OCwidXJsIjoiaHR0cHM6XC9cL3NwMmF1Zy5wbFwvd3AtY29udGVudFwvdXBsb2Fkc1wvMjAyMVwvMTFcLzQtMTEuanBnIiwic2xpZGVzaG93IjoiNzU2NDM5NSJ9\" href=\"https:\/\/sp2aug.pl\/wp-content\/uploads\/2021\/11\/4-11.jpg\"><figure class=\"swiper-slide-inner\"><img decoding=\"async\" class=\"swiper-slide-image\" src=\"https:\/\/sp2aug.pl\/wp-content\/uploads\/2021\/11\/4-11-150x150.jpg\" alt=\"4\" \/><\/figure><\/a><\/div><div class=\"swiper-slide\" role=\"group\" aria-roledescription=\"slide\" aria-label=\"4 z 7\"><a data-elementor-open-lightbox=\"yes\" data-elementor-lightbox-slideshow=\"7564395\" data-elementor-lightbox-title=\"5\" data-e-action-hash=\"#elementor-action%3Aaction%3Dlightbox%26settings%3DeyJpZCI6OTk4OSwidXJsIjoiaHR0cHM6XC9cL3NwMmF1Zy5wbFwvd3AtY29udGVudFwvdXBsb2Fkc1wvMjAyMVwvMTFcLzUtMTAuanBnIiwic2xpZGVzaG93IjoiNzU2NDM5NSJ9\" href=\"https:\/\/sp2aug.pl\/wp-content\/uploads\/2021\/11\/5-10.jpg\"><figure class=\"swiper-slide-inner\"><img decoding=\"async\" class=\"swiper-slide-image\" src=\"https:\/\/sp2aug.pl\/wp-content\/uploads\/2021\/11\/5-10-150x150.jpg\" alt=\"5\" \/><\/figure><\/a><\/div><div class=\"swiper-slide\" role=\"group\" aria-roledescription=\"slide\" aria-label=\"5 z 7\"><a data-elementor-open-lightbox=\"yes\" data-elementor-lightbox-slideshow=\"7564395\" data-elementor-lightbox-title=\"6\" data-e-action-hash=\"#elementor-action%3Aaction%3Dlightbox%26settings%3DeyJpZCI6OTk5MCwidXJsIjoiaHR0cHM6XC9cL3NwMmF1Zy5wbFwvd3AtY29udGVudFwvdXBsb2Fkc1wvMjAyMVwvMTFcLzYtMy5qcGciLCJzbGlkZXNob3ciOiI3NTY0Mzk1In0%3D\" href=\"https:\/\/sp2aug.pl\/wp-content\/uploads\/2021\/11\/6-3.jpg\"><figure class=\"swiper-slide-inner\"><img decoding=\"async\" class=\"swiper-slide-image\" src=\"https:\/\/sp2aug.pl\/wp-content\/uploads\/2021\/11\/6-3-150x150.jpg\" alt=\"6\" \/><\/figure><\/a><\/div><div class=\"swiper-slide\" role=\"group\" aria-roledescription=\"slide\" aria-label=\"6 z 7\"><a data-elementor-open-lightbox=\"yes\" data-elementor-lightbox-slideshow=\"7564395\" data-elementor-lightbox-title=\"7\" data-e-action-hash=\"#elementor-action%3Aaction%3Dlightbox%26settings%3DeyJpZCI6OTk5MSwidXJsIjoiaHR0cHM6XC9cL3NwMmF1Zy5wbFwvd3AtY29udGVudFwvdXBsb2Fkc1wvMjAyMVwvMTFcLzctMy5qcGciLCJzbGlkZXNob3ciOiI3NTY0Mzk1In0%3D\" href=\"https:\/\/sp2aug.pl\/wp-content\/uploads\/2021\/11\/7-3.jpg\"><figure class=\"swiper-slide-inner\"><img decoding=\"async\" class=\"swiper-slide-image\" src=\"https:\/\/sp2aug.pl\/wp-content\/uploads\/2021\/11\/7-3-150x150.jpg\" alt=\"7\" \/><\/figure><\/a><\/div><div class=\"swiper-slide\" role=\"group\" aria-roledescription=\"slide\" aria-label=\"7 z 7\"><a data-elementor-open-lightbox=\"yes\" data-elementor-lightbox-slideshow=\"7564395\" data-elementor-lightbox-title=\"8\" data-e-action-hash=\"#elementor-action%3Aaction%3Dlightbox%26settings%3DeyJpZCI6OTk5MiwidXJsIjoiaHR0cHM6XC9cL3NwMmF1Zy5wbFwvd3AtY29udGVudFwvdXBsb2Fkc1wvMjAyMVwvMTFcLzgtMS5qcGciLCJzbGlkZXNob3ciOiI3NTY0Mzk1In0%3D\" href=\"https:\/\/sp2aug.pl\/wp-content\/uploads\/2021\/11\/8-1.jpg\"><figure class=\"swiper-slide-inner\"><img decoding=\"async\" class=\"swiper-slide-image\" src=\"https:\/\/sp2aug.pl\/wp-content\/uploads\/2021\/11\/8-1-150x150.jpg\" alt=\"8\" \/><\/figure><\/a><\/div>\t\t\t<\/div>\n\t\t\t\t\t\t\t\t\t\t\t\t<div class=\"elementor-swiper-button elementor-swiper-button-prev\" role=\"button\" tabindex=\"0\">\n\t\t\t\t\t\t<i aria-hidden=\"true\" class=\"eicon-chevron-left\"><\/i>\t\t\t\t\t<\/div>\n\t\t\t\t\t<div class=\"elementor-swiper-button elementor-swiper-button-next\" role=\"button\" tabindex=\"0\">\n\t\t\t\t\t\t<i aria-hidden=\"true\" class=\"eicon-chevron-right\"><\/i>\t\t\t\t\t<\/div>\n\t\t\t\t\n\t\t\t\t\t\t\t\t\t<div class=\"swiper-pagination\"><\/div>\n\t\t\t\t\t\t\t\t\t<\/div>\n\t\t\t\t\t\t<\/div>\n\t\t\t\t<\/div>\n\t\t\t\t\t<\/div>\n\t\t<\/div>\n\t\t\t\t\t<\/div>\n\t\t<\/section>\n\t\t\t\t<\/div>\n\t\t","protected":false},"excerpt":{"rendered":"<p>Inauguracja Podlaskiego Uniwersytetu Dzieci\u0119cego 27 listopada uczniowie naszej szko\u0142y wzi\u0119li udzia\u0142 w inauguracji roku akademickiego dla student\u00f3w Podlaskiego Uniwersytetu Dzieci\u0119cego. Uroczysto\u015b\u0107 odby\u0142a si\u0119\u00a0 w auli Wydzia\u0142u Elektrycznego pod przewodnictwem prorektora ds. studenckich Politechniki Bia\u0142ostockiej prof. Jaros\u0142awa Sztusa, zwanego ojcem uniwersytetu dzieci\u0119cego. M\u0142odzi studenci odebrali indeksy, identyfikatory i karty biblioteczne. Nast\u0119pnie odby\u0142 si\u0119 wyk\u0142ad inauguracyjny dr&hellip;<\/p>\n","protected":false},"author":1,"featured_media":0,"comment_status":"closed","ping_status":"closed","sticky":false,"template":"","format":"standard","meta":{"footnotes":""},"categories":[4],"tags":[],"class_list":["post-9985","post","type-post","status-publish","format-standard","hentry","category-archiwalne"],"_links":{"self":[{"href":"https:\/\/sp2aug.pl\/index.php\/wp-json\/wp\/v2\/posts\/9985","targetHints":{"allow":["GET"]}}],"collection":[{"href":"https:\/\/sp2aug.pl\/index.php\/wp-json\/wp\/v2\/posts"}],"about":[{"href":"https:\/\/sp2aug.pl\/index.php\/wp-json\/wp\/v2\/types\/post"}],"author":[{"embeddable":true,"href":"https:\/\/sp2aug.pl\/index.php\/wp-json\/wp\/v2\/users\/1"}],"replies":[{"embeddable":true,"href":"https:\/\/sp2aug.pl\/index.php\/wp-json\/wp\/v2\/comments?post=9985"}],"version-history":[{"count":2,"href":"https:\/\/sp2aug.pl\/index.php\/wp-json\/wp\/v2\/posts\/9985\/revisions"}],"predecessor-version":[{"id":9994,"href":"https:\/\/sp2aug.pl\/index.php\/wp-json\/wp\/v2\/posts\/9985\/revisions\/9994"}],"wp:attachment":[{"href":"https:\/\/sp2aug.pl\/index.php\/wp-json\/wp\/v2\/media?parent=9985"}],"wp:term":[{"taxonomy":"category","embeddable":true,"href":"https:\/\/sp2aug.pl\/index.php\/wp-json\/wp\/v2\/categories?post=9985"},{"taxonomy":"post_tag","embeddable":true,"href":"https:\/\/sp2aug.pl\/index.php\/wp-json\/wp\/v2\/tags?post=9985"}],"curies":[{"name":"wp","href":"https:\/\/api.w.org\/{rel}","templated":true}]}}