{"id":9883,"date":"2021-11-22T17:39:47","date_gmt":"2021-11-22T16:39:47","guid":{"rendered":"http:\/\/sp2aug.pl\/?p=9883"},"modified":"2021-11-22T17:42:08","modified_gmt":"2021-11-22T16:42:08","slug":"dzien-tolerancji-w-swietlicy","status":"publish","type":"post","link":"https:\/\/sp2aug.pl\/index.php\/2021\/11\/22\/dzien-tolerancji-w-swietlicy\/","title":{"rendered":"Dzie\u0144 tolerancji w \u015bwietlicy"},"content":{"rendered":"\t\t<div data-elementor-type=\"wp-post\" data-elementor-id=\"9883\" class=\"elementor elementor-9883\">\n\t\t\t\t\t\t<section class=\"elementor-section elementor-top-section elementor-element elementor-element-44f3521 elementor-section-boxed elementor-section-height-default elementor-section-height-default\" data-id=\"44f3521\" data-element_type=\"section\">\n\t\t\t\t\t\t<div class=\"elementor-container elementor-column-gap-default\">\n\t\t\t\t\t<div class=\"elementor-column elementor-col-100 elementor-top-column elementor-element elementor-element-969d395\" data-id=\"969d395\" data-element_type=\"column\">\n\t\t\t<div class=\"elementor-widget-wrap elementor-element-populated\">\n\t\t\t\t\t\t<div class=\"elementor-element elementor-element-1ad1c14 elementor-widget elementor-widget-text-editor\" data-id=\"1ad1c14\" data-element_type=\"widget\" data-widget_type=\"text-editor.default\">\n\t\t\t\t<div class=\"elementor-widget-container\">\n\t\t\t\t\t\t\t\t\t<p>W zwi\u0105zki ze \u015awiatowym Dniem Tolerancji, od poniedzia\u0142ku przez ca\u0142y tydzie\u0144 w \u015bwietlicy szkolnej zorganizowane by\u0142y zaj\u0119cia zwi\u0105zane z tym tematem. Dzieciom zaprezentowana zosta\u0142a \u00a0bardzo ciekawa\u00a0 ksi\u0105\u017cka \u201dLudzie\u201d Petera Spiera. Bogato lustrowana ksi\u0105\u017cka, uzmys\u0142owi\u0142a dzieciom \u00a0bogactwo<br \/>\u00a0i r\u00f3\u017cnorodno\u015b\u0107 kultur, ras, religii i zwyczaj\u00f3w ludzi \u017cyj\u0105cych na \u015bwiecie. Dzieci obejrza\u0142y r\u00f3wnie\u017c film pt.\u201d Urodziny Ma\u0107ka czyli kr\u00f3tka historia o tolerancji\u201d. Prowadzone by\u0142y te\u017c rozmowy na temat akceptacji i poszanowania ludzi kt\u00f3rzy s\u0105 inni od nas. Has\u0142o \u201dInni ale tacy sami\u201d, by\u0142o tematem quizu podsumowuj\u0105cego zaj\u0119cia.<\/p><p>\u00a0Laureatami konkursu zostali : Franciszek Raczkowski z kl. IIB ,\u00a0 Aleksander Aksamit z kl. IIID, Ola Wojewnik i Lena Leszkiewicz z kl. IC, rodze\u0144stwo Julia\u00a0 i Jakub Ho\u0142ubowicz z kl. IID, Aleksandra Kazimierczyk z kl. IID oraz Filip Zyskowski z kl. IIA. Zwyci\u0119zcom ufundowane zosta\u0142y nagrody ksi\u0105\u017ckowe, kt\u00f3re wr\u0119czyli pan dyrektor Leszek Mo\u0142odziejko i pani wicedyrektor Iza Holak. Serdecznie gratulujemy.<\/p><p>\u00a0\u00a0\u00a0\u00a0\u00a0\u00a0\u00a0\u00a0\u00a0\u00a0\u00a0\u00a0\u00a0\u00a0\u00a0\u00a0\u00a0\u00a0\u00a0\u00a0\u00a0\u00a0\u00a0\u00a0\u00a0\u00a0\u00a0\u00a0\u00a0\u00a0\u00a0\u00a0\u00a0\u00a0\u00a0\u00a0\u00a0\u00a0\u00a0\u00a0\u00a0\u00a0\u00a0\u00a0\u00a0\u00a0\u00a0\u00a0\u00a0\u00a0\u00a0\u00a0\u00a0\u00a0\u00a0\u00a0\u00a0\u00a0\u00a0\u00a0\u00a0\u00a0\u00a0\u00a0\u00a0\u00a0\u00a0\u00a0\u00a0\u00a0\u00a0\u00a0\u00a0\u00a0\u00a0\u00a0\u00a0\u00a0\u00a0\u00a0\u00a0\u00a0\u00a0\u00a0\u00a0\u00a0\u00a0\u00a0 Wychowawcy \u015bwietlicy:<\/p><p>\u00a0Halina Nowicka, Agnieszka Siemion, Alicja W\u0119grzynowicz, Bo\u017cena Tykocka<\/p>\t\t\t\t\t\t\t\t<\/div>\n\t\t\t\t<\/div>\n\t\t\t\t\t<\/div>\n\t\t<\/div>\n\t\t\t\t\t<\/div>\n\t\t<\/section>\n\t\t\t\t<section class=\"elementor-section elementor-top-section elementor-element elementor-element-f6d7a57 elementor-section-boxed elementor-section-height-default elementor-section-height-default\" data-id=\"f6d7a57\" data-element_type=\"section\">\n\t\t\t\t\t\t<div class=\"elementor-container elementor-column-gap-default\">\n\t\t\t\t\t<div class=\"elementor-column elementor-col-25 elementor-top-column elementor-element elementor-element-81cc47a\" data-id=\"81cc47a\" data-element_type=\"column\">\n\t\t\t<div class=\"elementor-widget-wrap elementor-element-populated\">\n\t\t\t\t\t\t<div class=\"elementor-element elementor-element-731a36c elementor-widget elementor-widget-image\" data-id=\"731a36c\" data-element_type=\"widget\" data-widget_type=\"image.default\">\n\t\t\t\t<div class=\"elementor-widget-container\">\n\t\t\t\t\t\t\t\t\t\t\t\t\t\t\t\t<a href=\"https:\/\/sp2aug.pl\/wp-content\/uploads\/2021\/11\/1-11.jpg\" data-elementor-open-lightbox=\"yes\" data-elementor-lightbox-title=\"1\" data-e-action-hash=\"#elementor-action%3Aaction%3Dlightbox%26settings%3DeyJpZCI6OTg4NCwidXJsIjoiaHR0cHM6XC9cL3NwMmF1Zy5wbFwvd3AtY29udGVudFwvdXBsb2Fkc1wvMjAyMVwvMTFcLzEtMTEuanBnIn0%3D\">\n\t\t\t\t\t\t\t<img fetchpriority=\"high\" decoding=\"async\" width=\"325\" height=\"433\" src=\"https:\/\/sp2aug.pl\/wp-content\/uploads\/2021\/11\/1-11.jpg\" class=\"attachment-large size-large wp-image-9884\" alt=\"\" srcset=\"https:\/\/sp2aug.pl\/wp-content\/uploads\/2021\/11\/1-11.jpg 325w, https:\/\/sp2aug.pl\/wp-content\/uploads\/2021\/11\/1-11-225x300.jpg 225w\" sizes=\"(max-width: 325px) 100vw, 325px\" \/>\t\t\t\t\t\t\t\t<\/a>\n\t\t\t\t\t\t\t\t\t\t\t\t\t\t\t<\/div>\n\t\t\t\t<\/div>\n\t\t\t\t\t<\/div>\n\t\t<\/div>\n\t\t\t\t<div class=\"elementor-column elementor-col-25 elementor-top-column elementor-element elementor-element-d20daaa\" data-id=\"d20daaa\" data-element_type=\"column\">\n\t\t\t<div class=\"elementor-widget-wrap elementor-element-populated\">\n\t\t\t\t\t\t<div class=\"elementor-element elementor-element-8bafabd elementor-widget elementor-widget-spacer\" data-id=\"8bafabd\" data-element_type=\"widget\" data-widget_type=\"spacer.default\">\n\t\t\t\t<div class=\"elementor-widget-container\">\n\t\t\t\t\t\t\t<div class=\"elementor-spacer\">\n\t\t\t<div class=\"elementor-spacer-inner\"><\/div>\n\t\t<\/div>\n\t\t\t\t\t\t<\/div>\n\t\t\t\t<\/div>\n\t\t\t\t<div class=\"elementor-element elementor-element-89416e5 elementor-widget elementor-widget-image\" data-id=\"89416e5\" data-element_type=\"widget\" data-widget_type=\"image.default\">\n\t\t\t\t<div class=\"elementor-widget-container\">\n\t\t\t\t\t\t\t\t\t\t\t\t\t\t\t\t<a href=\"https:\/\/sp2aug.pl\/wp-content\/uploads\/2021\/11\/2-10.jpg\" data-elementor-open-lightbox=\"yes\" data-elementor-lightbox-title=\"2\" data-e-action-hash=\"#elementor-action%3Aaction%3Dlightbox%26settings%3DeyJpZCI6OTg4NSwidXJsIjoiaHR0cHM6XC9cL3NwMmF1Zy5wbFwvd3AtY29udGVudFwvdXBsb2Fkc1wvMjAyMVwvMTFcLzItMTAuanBnIn0%3D\">\n\t\t\t\t\t\t\t<img decoding=\"async\" width=\"537\" height=\"403\" src=\"https:\/\/sp2aug.pl\/wp-content\/uploads\/2021\/11\/2-10.jpg\" class=\"attachment-large size-large wp-image-9885\" alt=\"\" srcset=\"https:\/\/sp2aug.pl\/wp-content\/uploads\/2021\/11\/2-10.jpg 537w, https:\/\/sp2aug.pl\/wp-content\/uploads\/2021\/11\/2-10-300x225.jpg 300w, https:\/\/sp2aug.pl\/wp-content\/uploads\/2021\/11\/2-10-160x120.jpg 160w\" sizes=\"(max-width: 537px) 100vw, 537px\" \/>\t\t\t\t\t\t\t\t<\/a>\n\t\t\t\t\t\t\t\t\t\t\t\t\t\t\t<\/div>\n\t\t\t\t<\/div>\n\t\t\t\t\t<\/div>\n\t\t<\/div>\n\t\t\t\t<div class=\"elementor-column elementor-col-25 elementor-top-column elementor-element elementor-element-ddc1674\" data-id=\"ddc1674\" data-element_type=\"column\">\n\t\t\t<div class=\"elementor-widget-wrap elementor-element-populated\">\n\t\t\t\t\t\t<div class=\"elementor-element elementor-element-b0330de elementor-widget elementor-widget-image\" data-id=\"b0330de\" data-element_type=\"widget\" data-widget_type=\"image.default\">\n\t\t\t\t<div class=\"elementor-widget-container\">\n\t\t\t\t\t\t\t\t\t\t\t\t\t\t\t\t<a href=\"https:\/\/sp2aug.pl\/wp-content\/uploads\/2021\/11\/3-10.jpg\" data-elementor-open-lightbox=\"yes\" data-elementor-lightbox-title=\"3\" data-e-action-hash=\"#elementor-action%3Aaction%3Dlightbox%26settings%3DeyJpZCI6OTg4NiwidXJsIjoiaHR0cHM6XC9cL3NwMmF1Zy5wbFwvd3AtY29udGVudFwvdXBsb2Fkc1wvMjAyMVwvMTFcLzMtMTAuanBnIn0%3D\">\n\t\t\t\t\t\t\t<img decoding=\"async\" width=\"325\" height=\"433\" src=\"https:\/\/sp2aug.pl\/wp-content\/uploads\/2021\/11\/3-10.jpg\" class=\"attachment-large size-large wp-image-9886\" alt=\"\" srcset=\"https:\/\/sp2aug.pl\/wp-content\/uploads\/2021\/11\/3-10.jpg 325w, https:\/\/sp2aug.pl\/wp-content\/uploads\/2021\/11\/3-10-225x300.jpg 225w\" sizes=\"(max-width: 325px) 100vw, 325px\" \/>\t\t\t\t\t\t\t\t<\/a>\n\t\t\t\t\t\t\t\t\t\t\t\t\t\t\t<\/div>\n\t\t\t\t<\/div>\n\t\t\t\t\t<\/div>\n\t\t<\/div>\n\t\t\t\t<div class=\"elementor-column elementor-col-25 elementor-top-column elementor-element elementor-element-fc230e1\" data-id=\"fc230e1\" data-element_type=\"column\">\n\t\t\t<div class=\"elementor-widget-wrap elementor-element-populated\">\n\t\t\t\t\t\t<div class=\"elementor-element elementor-element-9799405 elementor-widget elementor-widget-image\" data-id=\"9799405\" data-element_type=\"widget\" data-widget_type=\"image.default\">\n\t\t\t\t<div class=\"elementor-widget-container\">\n\t\t\t\t\t\t\t\t\t\t\t\t\t\t\t\t<a href=\"https:\/\/sp2aug.pl\/wp-content\/uploads\/2021\/11\/4-8.jpg\" data-elementor-open-lightbox=\"yes\" data-elementor-lightbox-title=\"4\" data-e-action-hash=\"#elementor-action%3Aaction%3Dlightbox%26settings%3DeyJpZCI6OTg4NywidXJsIjoiaHR0cHM6XC9cL3NwMmF1Zy5wbFwvd3AtY29udGVudFwvdXBsb2Fkc1wvMjAyMVwvMTFcLzQtOC5qcGcifQ%3D%3D\">\n\t\t\t\t\t\t\t<img loading=\"lazy\" decoding=\"async\" width=\"325\" height=\"433\" src=\"https:\/\/sp2aug.pl\/wp-content\/uploads\/2021\/11\/4-8.jpg\" class=\"attachment-large size-large wp-image-9887\" alt=\"\" srcset=\"https:\/\/sp2aug.pl\/wp-content\/uploads\/2021\/11\/4-8.jpg 325w, https:\/\/sp2aug.pl\/wp-content\/uploads\/2021\/11\/4-8-225x300.jpg 225w\" sizes=\"(max-width: 325px) 100vw, 325px\" \/>\t\t\t\t\t\t\t\t<\/a>\n\t\t\t\t\t\t\t\t\t\t\t\t\t\t\t<\/div>\n\t\t\t\t<\/div>\n\t\t\t\t\t<\/div>\n\t\t<\/div>\n\t\t\t\t\t<\/div>\n\t\t<\/section>\n\t\t\t\t<\/div>\n\t\t","protected":false},"excerpt":{"rendered":"<p>W zwi\u0105zki ze \u015awiatowym Dniem Tolerancji, od poniedzia\u0142ku przez ca\u0142y tydzie\u0144 w \u015bwietlicy szkolnej zorganizowane by\u0142y zaj\u0119cia zwi\u0105zane z tym tematem. Dzieciom zaprezentowana zosta\u0142a \u00a0bardzo ciekawa\u00a0 ksi\u0105\u017cka \u201dLudzie\u201d Petera Spiera. Bogato lustrowana ksi\u0105\u017cka, uzmys\u0142owi\u0142a dzieciom \u00a0bogactwo\u00a0i r\u00f3\u017cnorodno\u015b\u0107 kultur, ras, religii i zwyczaj\u00f3w ludzi \u017cyj\u0105cych na \u015bwiecie. Dzieci obejrza\u0142y r\u00f3wnie\u017c film pt.\u201d Urodziny Ma\u0107ka czyli kr\u00f3tka&hellip;<\/p>\n","protected":false},"author":1,"featured_media":0,"comment_status":"closed","ping_status":"closed","sticky":false,"template":"","format":"standard","meta":{"footnotes":""},"categories":[4],"tags":[],"class_list":["post-9883","post","type-post","status-publish","format-standard","hentry","category-archiwalne"],"_links":{"self":[{"href":"https:\/\/sp2aug.pl\/index.php\/wp-json\/wp\/v2\/posts\/9883","targetHints":{"allow":["GET"]}}],"collection":[{"href":"https:\/\/sp2aug.pl\/index.php\/wp-json\/wp\/v2\/posts"}],"about":[{"href":"https:\/\/sp2aug.pl\/index.php\/wp-json\/wp\/v2\/types\/post"}],"author":[{"embeddable":true,"href":"https:\/\/sp2aug.pl\/index.php\/wp-json\/wp\/v2\/users\/1"}],"replies":[{"embeddable":true,"href":"https:\/\/sp2aug.pl\/index.php\/wp-json\/wp\/v2\/comments?post=9883"}],"version-history":[{"count":2,"href":"https:\/\/sp2aug.pl\/index.php\/wp-json\/wp\/v2\/posts\/9883\/revisions"}],"predecessor-version":[{"id":9889,"href":"https:\/\/sp2aug.pl\/index.php\/wp-json\/wp\/v2\/posts\/9883\/revisions\/9889"}],"wp:attachment":[{"href":"https:\/\/sp2aug.pl\/index.php\/wp-json\/wp\/v2\/media?parent=9883"}],"wp:term":[{"taxonomy":"category","embeddable":true,"href":"https:\/\/sp2aug.pl\/index.php\/wp-json\/wp\/v2\/categories?post=9883"},{"taxonomy":"post_tag","embeddable":true,"href":"https:\/\/sp2aug.pl\/index.php\/wp-json\/wp\/v2\/tags?post=9883"}],"curies":[{"name":"wp","href":"https:\/\/api.w.org\/{rel}","templated":true}]}}