{"id":9852,"date":"2021-11-21T18:39:21","date_gmt":"2021-11-21T17:39:21","guid":{"rendered":"http:\/\/sp2aug.pl\/?p=9852"},"modified":"2021-11-21T18:41:06","modified_gmt":"2021-11-21T17:41:06","slug":"czytam-pieknie-i-ze-zrozumieniem-2","status":"publish","type":"post","link":"https:\/\/sp2aug.pl\/index.php\/2021\/11\/21\/czytam-pieknie-i-ze-zrozumieniem-2\/","title":{"rendered":"Czytam pi\u0119knie i ze zrozumieniem"},"content":{"rendered":"\t\t<div data-elementor-type=\"wp-post\" data-elementor-id=\"9852\" class=\"elementor elementor-9852\">\n\t\t\t\t\t\t<section class=\"elementor-section elementor-top-section elementor-element elementor-element-4053b18 elementor-section-boxed elementor-section-height-default elementor-section-height-default\" data-id=\"4053b18\" data-element_type=\"section\">\n\t\t\t\t\t\t<div class=\"elementor-container elementor-column-gap-default\">\n\t\t\t\t\t<div class=\"elementor-column elementor-col-100 elementor-top-column elementor-element elementor-element-679796c\" data-id=\"679796c\" data-element_type=\"column\">\n\t\t\t<div class=\"elementor-widget-wrap elementor-element-populated\">\n\t\t\t\t\t\t<div class=\"elementor-element elementor-element-f0438b2 elementor-widget elementor-widget-text-editor\" data-id=\"f0438b2\" data-element_type=\"widget\" data-widget_type=\"text-editor.default\">\n\t\t\t\t<div class=\"elementor-widget-container\">\n\t\t\t\t\t\t\t\t\t<p>17 listopada w Szkole Podstawowej nr 6 w Augustowie odby\u0142a si\u0119 XV edycja mi\u0119dzyszkolnego konkursu czytelniczego <strong>,,Czytam pi\u0119knie i ze zrozumieniem\u201d<\/strong>. W konkursie wzi\u0119\u0142o udzia\u0142 18 uczni\u00f3w z klas drugich i trzecich szk\u00f3\u0142 podstawowych z Miasta i Gminy August\u00f3w.<\/p><p>W pierwszej cz\u0119\u015bci konkursu zadaniem uczestnik\u00f3w by\u0142o przeczytanie tekstu\u00a0\u00a0i wype\u0142nienie testu sprawdzaj\u0105cego jego zrozumienie. Natomiast w cz\u0119\u015bci drugiej nale\u017ca\u0142o pi\u0119knie przeczyta\u0107 nowy tekst.<\/p><p>Komisja konkursowa doceni\u0142a pi\u0119kne czytanie naszych uczni\u00f3w i przyzna\u0142a:<\/p><p><strong>II miejsce<\/strong> <strong>Laurze Lewo\u0144 z klasy IIIc oraz\u00a0 III miejse Filipowi Kukli\u0144skiemu z klasy IIId<\/strong>.<\/p><p><strong>Serdecznie gratulujemy i \u017cyczymy dalszych sukces\u00f3w!<\/strong><\/p>\t\t\t\t\t\t\t\t<\/div>\n\t\t\t\t<\/div>\n\t\t\t\t\t<\/div>\n\t\t<\/div>\n\t\t\t\t\t<\/div>\n\t\t<\/section>\n\t\t\t\t<section class=\"elementor-section elementor-top-section elementor-element elementor-element-728c196 elementor-section-boxed elementor-section-height-default elementor-section-height-default\" data-id=\"728c196\" data-element_type=\"section\">\n\t\t\t\t\t\t<div class=\"elementor-container elementor-column-gap-default\">\n\t\t\t\t\t<div class=\"elementor-column elementor-col-100 elementor-top-column elementor-element elementor-element-63a5e06\" data-id=\"63a5e06\" data-element_type=\"column\">\n\t\t\t<div class=\"elementor-widget-wrap elementor-element-populated\">\n\t\t\t\t\t\t<div class=\"elementor-element elementor-element-c74c82c elementor-arrows-position-inside elementor-pagination-position-outside elementor-widget elementor-widget-image-carousel\" data-id=\"c74c82c\" data-element_type=\"widget\" data-settings=\"{&quot;navigation&quot;:&quot;both&quot;,&quot;autoplay&quot;:&quot;yes&quot;,&quot;pause_on_hover&quot;:&quot;yes&quot;,&quot;pause_on_interaction&quot;:&quot;yes&quot;,&quot;autoplay_speed&quot;:5000,&quot;infinite&quot;:&quot;yes&quot;,&quot;speed&quot;:500}\" data-widget_type=\"image-carousel.default\">\n\t\t\t\t<div class=\"elementor-widget-container\">\n\t\t\t\t\t\t\t<div class=\"elementor-image-carousel-wrapper swiper\" role=\"region\" aria-roledescription=\"carousel\" aria-label=\"Karuzela obrazk\u00f3w\" dir=\"ltr\">\n\t\t\t<div class=\"elementor-image-carousel swiper-wrapper\" aria-live=\"off\">\n\t\t\t\t\t\t\t\t<div class=\"swiper-slide\" role=\"group\" aria-roledescription=\"slide\" aria-label=\"1 z 5\"><a data-elementor-open-lightbox=\"yes\" data-elementor-lightbox-slideshow=\"c74c82c\" data-elementor-lightbox-title=\"1\" data-e-action-hash=\"#elementor-action%3Aaction%3Dlightbox%26settings%3DeyJpZCI6OTg1MywidXJsIjoiaHR0cHM6XC9cL3NwMmF1Zy5wbFwvd3AtY29udGVudFwvdXBsb2Fkc1wvMjAyMVwvMTFcLzEtOS5qcGciLCJzbGlkZXNob3ciOiJjNzRjODJjIn0%3D\" href=\"https:\/\/sp2aug.pl\/wp-content\/uploads\/2021\/11\/1-9.jpg\"><figure class=\"swiper-slide-inner\"><img decoding=\"async\" class=\"swiper-slide-image\" src=\"https:\/\/sp2aug.pl\/wp-content\/uploads\/2021\/11\/1-9-150x150.jpg\" alt=\"1\" \/><\/figure><\/a><\/div><div class=\"swiper-slide\" role=\"group\" aria-roledescription=\"slide\" aria-label=\"2 z 5\"><a data-elementor-open-lightbox=\"yes\" data-elementor-lightbox-slideshow=\"c74c82c\" data-elementor-lightbox-title=\"2\" data-e-action-hash=\"#elementor-action%3Aaction%3Dlightbox%26settings%3DeyJpZCI6OTg1NCwidXJsIjoiaHR0cHM6XC9cL3NwMmF1Zy5wbFwvd3AtY29udGVudFwvdXBsb2Fkc1wvMjAyMVwvMTFcLzItOC5qcGciLCJzbGlkZXNob3ciOiJjNzRjODJjIn0%3D\" href=\"https:\/\/sp2aug.pl\/wp-content\/uploads\/2021\/11\/2-8.jpg\"><figure class=\"swiper-slide-inner\"><img decoding=\"async\" class=\"swiper-slide-image\" src=\"https:\/\/sp2aug.pl\/wp-content\/uploads\/2021\/11\/2-8-150x150.jpg\" alt=\"2\" \/><\/figure><\/a><\/div><div class=\"swiper-slide\" role=\"group\" aria-roledescription=\"slide\" aria-label=\"3 z 5\"><a data-elementor-open-lightbox=\"yes\" data-elementor-lightbox-slideshow=\"c74c82c\" data-elementor-lightbox-title=\"3\" data-e-action-hash=\"#elementor-action%3Aaction%3Dlightbox%26settings%3DeyJpZCI6OTg1NSwidXJsIjoiaHR0cHM6XC9cL3NwMmF1Zy5wbFwvd3AtY29udGVudFwvdXBsb2Fkc1wvMjAyMVwvMTFcLzMtOC5qcGciLCJzbGlkZXNob3ciOiJjNzRjODJjIn0%3D\" href=\"https:\/\/sp2aug.pl\/wp-content\/uploads\/2021\/11\/3-8.jpg\"><figure class=\"swiper-slide-inner\"><img decoding=\"async\" class=\"swiper-slide-image\" src=\"https:\/\/sp2aug.pl\/wp-content\/uploads\/2021\/11\/3-8-150x150.jpg\" alt=\"3\" \/><\/figure><\/a><\/div><div class=\"swiper-slide\" role=\"group\" aria-roledescription=\"slide\" aria-label=\"4 z 5\"><a data-elementor-open-lightbox=\"yes\" data-elementor-lightbox-slideshow=\"c74c82c\" data-elementor-lightbox-title=\"4\" data-e-action-hash=\"#elementor-action%3Aaction%3Dlightbox%26settings%3DeyJpZCI6OTg1NiwidXJsIjoiaHR0cHM6XC9cL3NwMmF1Zy5wbFwvd3AtY29udGVudFwvdXBsb2Fkc1wvMjAyMVwvMTFcLzQtNi5qcGciLCJzbGlkZXNob3ciOiJjNzRjODJjIn0%3D\" href=\"https:\/\/sp2aug.pl\/wp-content\/uploads\/2021\/11\/4-6.jpg\"><figure class=\"swiper-slide-inner\"><img decoding=\"async\" class=\"swiper-slide-image\" src=\"https:\/\/sp2aug.pl\/wp-content\/uploads\/2021\/11\/4-6-150x150.jpg\" alt=\"4\" \/><\/figure><\/a><\/div><div class=\"swiper-slide\" role=\"group\" aria-roledescription=\"slide\" aria-label=\"5 z 5\"><a data-elementor-open-lightbox=\"yes\" data-elementor-lightbox-slideshow=\"c74c82c\" data-elementor-lightbox-title=\"5\" data-e-action-hash=\"#elementor-action%3Aaction%3Dlightbox%26settings%3DeyJpZCI6OTg1NywidXJsIjoiaHR0cHM6XC9cL3NwMmF1Zy5wbFwvd3AtY29udGVudFwvdXBsb2Fkc1wvMjAyMVwvMTFcLzUtNi5qcGciLCJzbGlkZXNob3ciOiJjNzRjODJjIn0%3D\" href=\"https:\/\/sp2aug.pl\/wp-content\/uploads\/2021\/11\/5-6.jpg\"><figure class=\"swiper-slide-inner\"><img decoding=\"async\" class=\"swiper-slide-image\" src=\"https:\/\/sp2aug.pl\/wp-content\/uploads\/2021\/11\/5-6-150x150.jpg\" alt=\"5\" \/><\/figure><\/a><\/div>\t\t\t<\/div>\n\t\t\t\t\t\t\t\t\t\t\t\t<div class=\"elementor-swiper-button elementor-swiper-button-prev\" role=\"button\" tabindex=\"0\">\n\t\t\t\t\t\t<i aria-hidden=\"true\" class=\"eicon-chevron-left\"><\/i>\t\t\t\t\t<\/div>\n\t\t\t\t\t<div class=\"elementor-swiper-button elementor-swiper-button-next\" role=\"button\" tabindex=\"0\">\n\t\t\t\t\t\t<i aria-hidden=\"true\" class=\"eicon-chevron-right\"><\/i>\t\t\t\t\t<\/div>\n\t\t\t\t\n\t\t\t\t\t\t\t\t\t<div class=\"swiper-pagination\"><\/div>\n\t\t\t\t\t\t\t\t\t<\/div>\n\t\t\t\t\t\t<\/div>\n\t\t\t\t<\/div>\n\t\t\t\t\t<\/div>\n\t\t<\/div>\n\t\t\t\t\t<\/div>\n\t\t<\/section>\n\t\t\t\t<\/div>\n\t\t","protected":false},"excerpt":{"rendered":"<p>17 listopada w Szkole Podstawowej nr 6 w Augustowie odby\u0142a si\u0119 XV edycja mi\u0119dzyszkolnego konkursu czytelniczego ,,Czytam pi\u0119knie i ze zrozumieniem\u201d. W konkursie wzi\u0119\u0142o udzia\u0142 18 uczni\u00f3w z klas drugich i trzecich szk\u00f3\u0142 podstawowych z Miasta i Gminy August\u00f3w. W pierwszej cz\u0119\u015bci konkursu zadaniem uczestnik\u00f3w by\u0142o przeczytanie tekstu\u00a0\u00a0i wype\u0142nienie testu sprawdzaj\u0105cego jego zrozumienie. Natomiast w&hellip;<\/p>\n","protected":false},"author":1,"featured_media":0,"comment_status":"closed","ping_status":"closed","sticky":false,"template":"","format":"standard","meta":{"footnotes":""},"categories":[4],"tags":[],"class_list":["post-9852","post","type-post","status-publish","format-standard","hentry","category-archiwalne"],"_links":{"self":[{"href":"https:\/\/sp2aug.pl\/index.php\/wp-json\/wp\/v2\/posts\/9852","targetHints":{"allow":["GET"]}}],"collection":[{"href":"https:\/\/sp2aug.pl\/index.php\/wp-json\/wp\/v2\/posts"}],"about":[{"href":"https:\/\/sp2aug.pl\/index.php\/wp-json\/wp\/v2\/types\/post"}],"author":[{"embeddable":true,"href":"https:\/\/sp2aug.pl\/index.php\/wp-json\/wp\/v2\/users\/1"}],"replies":[{"embeddable":true,"href":"https:\/\/sp2aug.pl\/index.php\/wp-json\/wp\/v2\/comments?post=9852"}],"version-history":[{"count":2,"href":"https:\/\/sp2aug.pl\/index.php\/wp-json\/wp\/v2\/posts\/9852\/revisions"}],"predecessor-version":[{"id":9859,"href":"https:\/\/sp2aug.pl\/index.php\/wp-json\/wp\/v2\/posts\/9852\/revisions\/9859"}],"wp:attachment":[{"href":"https:\/\/sp2aug.pl\/index.php\/wp-json\/wp\/v2\/media?parent=9852"}],"wp:term":[{"taxonomy":"category","embeddable":true,"href":"https:\/\/sp2aug.pl\/index.php\/wp-json\/wp\/v2\/categories?post=9852"},{"taxonomy":"post_tag","embeddable":true,"href":"https:\/\/sp2aug.pl\/index.php\/wp-json\/wp\/v2\/tags?post=9852"}],"curies":[{"name":"wp","href":"https:\/\/api.w.org\/{rel}","templated":true}]}}