{"id":9748,"date":"2021-11-13T17:43:54","date_gmt":"2021-11-13T16:43:54","guid":{"rendered":"http:\/\/sp2aug.pl\/?p=9748"},"modified":"2021-11-13T17:50:40","modified_gmt":"2021-11-13T16:50:40","slug":"wolnosc-kocham-i-rozumiem","status":"publish","type":"post","link":"https:\/\/sp2aug.pl\/index.php\/2021\/11\/13\/wolnosc-kocham-i-rozumiem\/","title":{"rendered":"Wolno\u015b\u0107 kocham i rozumiem"},"content":{"rendered":"\t\t<div data-elementor-type=\"wp-post\" data-elementor-id=\"9748\" class=\"elementor elementor-9748\">\n\t\t\t\t\t\t<section class=\"elementor-section elementor-top-section elementor-element elementor-element-5eff4d2 elementor-section-boxed elementor-section-height-default elementor-section-height-default\" data-id=\"5eff4d2\" data-element_type=\"section\">\n\t\t\t\t\t\t<div class=\"elementor-container elementor-column-gap-default\">\n\t\t\t\t\t<div class=\"elementor-column elementor-col-50 elementor-top-column elementor-element elementor-element-bbd9bad\" data-id=\"bbd9bad\" data-element_type=\"column\">\n\t\t\t<div class=\"elementor-widget-wrap elementor-element-populated\">\n\t\t\t\t\t\t<div class=\"elementor-element elementor-element-81502e9 elementor-widget elementor-widget-image\" data-id=\"81502e9\" data-element_type=\"widget\" data-widget_type=\"image.default\">\n\t\t\t\t<div class=\"elementor-widget-container\">\n\t\t\t\t\t\t\t\t\t\t\t\t\t\t\t<img decoding=\"async\" width=\"132\" height=\"170\" src=\"https:\/\/sp2aug.pl\/wp-content\/uploads\/2021\/11\/baczynski.png\" class=\"attachment-large size-large wp-image-9749\" alt=\"\" \/>\t\t\t\t\t\t\t\t\t\t\t\t\t\t\t<\/div>\n\t\t\t\t<\/div>\n\t\t\t\t\t<\/div>\n\t\t<\/div>\n\t\t\t\t<div class=\"elementor-column elementor-col-50 elementor-top-column elementor-element elementor-element-c2edd42\" data-id=\"c2edd42\" data-element_type=\"column\">\n\t\t\t<div class=\"elementor-widget-wrap elementor-element-populated\">\n\t\t\t\t\t\t<div class=\"elementor-element elementor-element-e42db5c elementor-widget elementor-widget-text-editor\" data-id=\"e42db5c\" data-element_type=\"widget\" data-widget_type=\"text-editor.default\">\n\t\t\t\t<div class=\"elementor-widget-container\">\n\t\t\t\t\t\t\t\t\t<p><strong>Komunikat z posiedzenia jury czwartej edycji wojew\u00f3dzkiego konkursu recytatorskiego pod has\u0142em \u201eWolno\u015b\u0107 kocham i rozumiem\u201d<\/strong><\/p><p>Konkurs po\u015bwi\u0119cony tw\u00f3rczo\u015bci Krzysztofa Kamila Baczy\u0144skiego<\/p><p>w 100. rocznic\u0119 jego urodzin<\/p><p>Konkurs pod honorowym patronatem Prezydenta Miasta Bia\u0142egostoku<\/p><p>M\u0142odzie\u017cowy Dom Kultury w Bia\u0142ymstoku<\/p><p>Zespo\u0142u Plac\u00f3wek O\u015bwiatowych nr 2 w Bia\u0142ymstoku<\/p><p>\u00a0<\/p><p>\u00a0W dniu 9 listopada 2021 roku jury w sk\u0142adzie:<\/p><ol><li><strong> Maria Bartnicka <\/strong>\u2013 nauczycielka j\u0119zyka polskiego w III Liceum Og\u00f3lnokszta\u0142c\u0105cym im. Krzysztofa Kamila Baczy\u0144skiego w Bia\u0142ymstoku, doradca metodyczny Miejskiego O\u015brodka Doradztwa Metodycznego w Bia\u0142ymstoku,<\/li><li><strong> Halina J\u0119drzejczak-Pugliesi <\/strong>\u2013 wieloletni instruktor teatralny M\u0142odzie\u017cowego Domu Kultury w Bia\u0142ymstoku,<\/li><li><strong>Konrad Szczebiot <\/strong>\u2013 dyrektor Knyszy\u0144skiego O\u015brodka Kultury, krytyk teatralny, wyk\u0142adowca w Akademii Teatralnej im. Aleksandra Zelwerowicza w Warszawie Filia w Bia\u0142ymstoku, cz\u0142onek Zarz\u0105du G\u0142\u00f3wnego Zwi\u0105zku Artyst\u00f3w Scen Polskich,<\/li><\/ol><p>\u00a0<\/p><p>po obejrzeniu 37 nades\u0142anych przez uczestnik\u00f3w konkursu prezentacji w trzech kategoriach wiekowych przyzna\u0142o \u0142\u0105cznie 8 nagr\u00f3d i 10 wyr\u00f3\u017cnie\u0144.<\/p><p><strong>Nasza uczennica, Maja Prokop z kl. VIII a, zaj\u0119\u0142a II miejsce. Serdecznie gratulujemy sukcesu!<\/strong><\/p><p>W II kategorii &#8211; uczniowie klas VII \u2013VIII szk\u00f3\u0142 podstawowych<strong>: <\/strong><\/p><p><strong>Nagrody otrzymuj\u0105: <\/strong><\/p><p>\u00a0<strong>I miejsce &#8211; Kamila P\u0119tkowska<\/strong>, lat 13, ze Szko\u0142y Podstawowej nr 2 im. Miko\u0142aja Kopernika w \u0141apach<strong>, <\/strong>opiekun Alicja Zgajewska,<\/p><p>\u00a0<strong>II miejsce &#8211; Maja Prokop<\/strong>, <strong>lat 13, ze Szko\u0142y Podstawowej nr 2 im. Zygmunta Augusta w Augustowie, opiekunowie Beata Tomaszewska, Dorota Prokop, <\/strong><\/p><p><strong>III miejsce &#8211; Hanna Andruszkiewicz<\/strong>, lat 14, z M\u0142odzie\u017cowego Domu Kultury w Bia\u0142ymstoku Zespo\u0142u Plac\u00f3wek O\u015bwiatowych nr 2 w Bia\u0142ymstoku, opiekun Magdalena Kiszko-Dojlidko.<\/p>\t\t\t\t\t\t\t\t<\/div>\n\t\t\t\t<\/div>\n\t\t\t\t\t<\/div>\n\t\t<\/div>\n\t\t\t\t\t<\/div>\n\t\t<\/section>\n\t\t\t\t<\/div>\n\t\t","protected":false},"excerpt":{"rendered":"<p>Komunikat z posiedzenia jury czwartej edycji wojew\u00f3dzkiego konkursu recytatorskiego pod has\u0142em \u201eWolno\u015b\u0107 kocham i rozumiem\u201d Konkurs po\u015bwi\u0119cony tw\u00f3rczo\u015bci Krzysztofa Kamila Baczy\u0144skiego w 100. rocznic\u0119 jego urodzin Konkurs pod honorowym patronatem Prezydenta Miasta Bia\u0142egostoku M\u0142odzie\u017cowy Dom Kultury w Bia\u0142ymstoku Zespo\u0142u Plac\u00f3wek O\u015bwiatowych nr 2 w Bia\u0142ymstoku \u00a0 \u00a0W dniu 9 listopada 2021 roku jury w sk\u0142adzie:&hellip;<\/p>\n","protected":false},"author":1,"featured_media":0,"comment_status":"closed","ping_status":"closed","sticky":false,"template":"","format":"standard","meta":{"footnotes":""},"categories":[4],"tags":[],"class_list":["post-9748","post","type-post","status-publish","format-standard","hentry","category-archiwalne"],"_links":{"self":[{"href":"https:\/\/sp2aug.pl\/index.php\/wp-json\/wp\/v2\/posts\/9748","targetHints":{"allow":["GET"]}}],"collection":[{"href":"https:\/\/sp2aug.pl\/index.php\/wp-json\/wp\/v2\/posts"}],"about":[{"href":"https:\/\/sp2aug.pl\/index.php\/wp-json\/wp\/v2\/types\/post"}],"author":[{"embeddable":true,"href":"https:\/\/sp2aug.pl\/index.php\/wp-json\/wp\/v2\/users\/1"}],"replies":[{"embeddable":true,"href":"https:\/\/sp2aug.pl\/index.php\/wp-json\/wp\/v2\/comments?post=9748"}],"version-history":[{"count":2,"href":"https:\/\/sp2aug.pl\/index.php\/wp-json\/wp\/v2\/posts\/9748\/revisions"}],"predecessor-version":[{"id":9751,"href":"https:\/\/sp2aug.pl\/index.php\/wp-json\/wp\/v2\/posts\/9748\/revisions\/9751"}],"wp:attachment":[{"href":"https:\/\/sp2aug.pl\/index.php\/wp-json\/wp\/v2\/media?parent=9748"}],"wp:term":[{"taxonomy":"category","embeddable":true,"href":"https:\/\/sp2aug.pl\/index.php\/wp-json\/wp\/v2\/categories?post=9748"},{"taxonomy":"post_tag","embeddable":true,"href":"https:\/\/sp2aug.pl\/index.php\/wp-json\/wp\/v2\/tags?post=9748"}],"curies":[{"name":"wp","href":"https:\/\/api.w.org\/{rel}","templated":true}]}}