{"id":9596,"date":"2021-10-27T19:34:33","date_gmt":"2021-10-27T17:34:33","guid":{"rendered":"http:\/\/sp2aug.pl\/?p=9596"},"modified":"2021-10-27T19:37:42","modified_gmt":"2021-10-27T17:37:42","slug":"lekcja-o-funduszach-europejskich-vi","status":"publish","type":"post","link":"https:\/\/sp2aug.pl\/index.php\/2021\/10\/27\/lekcja-o-funduszach-europejskich-vi\/","title":{"rendered":"\u201eLekcja o Funduszach Europejskich VI\u201d"},"content":{"rendered":"\t\t<div data-elementor-type=\"wp-post\" data-elementor-id=\"9596\" class=\"elementor elementor-9596\">\n\t\t\t\t\t\t<section class=\"elementor-section elementor-top-section elementor-element elementor-element-e94450d elementor-section-boxed elementor-section-height-default elementor-section-height-default\" data-id=\"e94450d\" data-element_type=\"section\">\n\t\t\t\t\t\t<div class=\"elementor-container elementor-column-gap-default\">\n\t\t\t\t\t<div class=\"elementor-column elementor-col-100 elementor-top-column elementor-element elementor-element-5834757\" data-id=\"5834757\" data-element_type=\"column\">\n\t\t\t<div class=\"elementor-widget-wrap elementor-element-populated\">\n\t\t\t\t\t\t<div class=\"elementor-element elementor-element-fe883d0 elementor-widget elementor-widget-image\" data-id=\"fe883d0\" data-element_type=\"widget\" data-widget_type=\"image.default\">\n\t\t\t\t<div class=\"elementor-widget-container\">\n\t\t\t\t\t\t\t\t\t\t\t\t\t\t\t<img decoding=\"async\" width=\"300\" height=\"137\" src=\"https:\/\/sp2aug.pl\/wp-content\/uploads\/2021\/10\/1-300x137.png\" class=\"attachment-medium size-medium wp-image-9597\" alt=\"\" srcset=\"https:\/\/sp2aug.pl\/wp-content\/uploads\/2021\/10\/1-300x137.png 300w, https:\/\/sp2aug.pl\/wp-content\/uploads\/2021\/10\/1-768x351.png 768w, https:\/\/sp2aug.pl\/wp-content\/uploads\/2021\/10\/1.png 933w\" sizes=\"(max-width: 300px) 100vw, 300px\" \/>\t\t\t\t\t\t\t\t\t\t\t\t\t\t\t<\/div>\n\t\t\t\t<\/div>\n\t\t\t\t\t<\/div>\n\t\t<\/div>\n\t\t\t\t\t<\/div>\n\t\t<\/section>\n\t\t\t\t<section class=\"elementor-section elementor-top-section elementor-element elementor-element-9828068 elementor-section-boxed elementor-section-height-default elementor-section-height-default\" data-id=\"9828068\" data-element_type=\"section\">\n\t\t\t\t\t\t<div class=\"elementor-container elementor-column-gap-default\">\n\t\t\t\t\t<div class=\"elementor-column elementor-col-100 elementor-top-column elementor-element elementor-element-d24c887\" data-id=\"d24c887\" data-element_type=\"column\">\n\t\t\t<div class=\"elementor-widget-wrap elementor-element-populated\">\n\t\t\t\t\t\t<div class=\"elementor-element elementor-element-f8da62c elementor-widget elementor-widget-text-editor\" data-id=\"f8da62c\" data-element_type=\"widget\" data-widget_type=\"text-editor.default\">\n\t\t\t\t<div class=\"elementor-widget-container\">\n\t\t\t\t\t\t\t\t\t<p><strong>Uczniowie i nauczyciele z naszej szko\u0142y uczestniczyli w akcji edukacyjnej \u201eLekcja\u00a0 o Funduszach Europejskich VI\u201d organizowanej przez Ministerstwo Funduszy i Polityki Regionalnej.<\/strong><\/p><p>\u00a0\u00a0\u00a0\u00a0 Projekt ten by\u0142 realizowany w klasach \u00f3smych w pi\u0119ciu wojew\u00f3dztwach Polski Wschodniej. Celem przedsi\u0119wzi\u0119cia by\u0142o przybli\u017canie wiedzy o Funduszach Europejskich.<\/p><p>\u00a0\u00a0\u00a0\u00a0 W tym roku \u201eLekcja o Funduszach Europejskich VI\u201d koncentrowa\u0142a si\u0119 na rozwoju lokalnym. Uczestnicy projektu dowiedzieli si\u0119, dlaczego ich miejscowo\u015bci powinny rozwija\u0107 si\u0119 w spos\u00f3b zr\u00f3wnowa\u017cony oraz z poszanowaniem \u015brodowiska naturalnego. Poznawali mo\u017cliwo\u015bci zaanga\u017cowania mieszka\u0144c\u00f3w w rozw\u00f3j naszego regionu m.in.\u00a0 poprzez korzystanie z Funduszy Europejskich.<\/p><p>\u00a0\u00a0\u00a0\u00a0\u00a0 Uczniowie otrzymali bezp\u0142atny pakiet materia\u0142\u00f3w dydaktycznych np. edukacyjne gry planszowe \u201ePROJEKT: MIASTO!\u201d.<\/p><p>\u00a0\u00a0\u00a0\u00a0 Jeste\u015bmy jedn\u0105 z zakwalifikowanych 500 klas z pi\u0119ciu wojew\u00f3dztw Polski Wschodniej.<\/p><p><strong><em>Koordynatorzy :<\/em><\/strong><\/p><p><strong><em>Jolanta Borysewicz, Danuta Gregorowicz wraz z uczniami z klas: VIII a i VIII E<\/em><\/strong><\/p><p>\u00a0<\/p>\t\t\t\t\t\t\t\t<\/div>\n\t\t\t\t<\/div>\n\t\t\t\t\t<\/div>\n\t\t<\/div>\n\t\t\t\t\t<\/div>\n\t\t<\/section>\n\t\t\t\t<section class=\"elementor-section elementor-top-section elementor-element elementor-element-271c50e elementor-section-boxed elementor-section-height-default elementor-section-height-default\" data-id=\"271c50e\" data-element_type=\"section\">\n\t\t\t\t\t\t<div class=\"elementor-container elementor-column-gap-default\">\n\t\t\t\t\t<div class=\"elementor-column elementor-col-100 elementor-top-column elementor-element elementor-element-d8fc86d\" data-id=\"d8fc86d\" data-element_type=\"column\">\n\t\t\t<div class=\"elementor-widget-wrap elementor-element-populated\">\n\t\t\t\t\t\t<div class=\"elementor-element elementor-element-01dc081 elementor-arrows-position-inside elementor-pagination-position-outside elementor-widget elementor-widget-image-carousel\" data-id=\"01dc081\" data-element_type=\"widget\" data-settings=\"{&quot;navigation&quot;:&quot;both&quot;,&quot;autoplay&quot;:&quot;yes&quot;,&quot;pause_on_hover&quot;:&quot;yes&quot;,&quot;pause_on_interaction&quot;:&quot;yes&quot;,&quot;autoplay_speed&quot;:5000,&quot;infinite&quot;:&quot;yes&quot;,&quot;speed&quot;:500}\" data-widget_type=\"image-carousel.default\">\n\t\t\t\t<div class=\"elementor-widget-container\">\n\t\t\t\t\t\t\t<div class=\"elementor-image-carousel-wrapper swiper\" role=\"region\" aria-roledescription=\"carousel\" aria-label=\"Karuzela obrazk\u00f3w\" dir=\"ltr\">\n\t\t\t<div class=\"elementor-image-carousel swiper-wrapper\" aria-live=\"off\">\n\t\t\t\t\t\t\t\t<div class=\"swiper-slide\" role=\"group\" aria-roledescription=\"slide\" aria-label=\"1 z 5\"><a data-elementor-open-lightbox=\"yes\" data-elementor-lightbox-slideshow=\"01dc081\" data-elementor-lightbox-title=\"2\" data-e-action-hash=\"#elementor-action%3Aaction%3Dlightbox%26settings%3DeyJpZCI6OTU5OCwidXJsIjoiaHR0cHM6XC9cL3NwMmF1Zy5wbFwvd3AtY29udGVudFwvdXBsb2Fkc1wvMjAyMVwvMTBcLzItMTIuanBnIiwic2xpZGVzaG93IjoiMDFkYzA4MSJ9\" href=\"https:\/\/sp2aug.pl\/wp-content\/uploads\/2021\/10\/2-12.jpg\"><figure class=\"swiper-slide-inner\"><img decoding=\"async\" class=\"swiper-slide-image\" src=\"https:\/\/sp2aug.pl\/wp-content\/uploads\/2021\/10\/2-12-150x150.jpg\" alt=\"2\" \/><\/figure><\/a><\/div><div class=\"swiper-slide\" role=\"group\" aria-roledescription=\"slide\" aria-label=\"2 z 5\"><a data-elementor-open-lightbox=\"yes\" data-elementor-lightbox-slideshow=\"01dc081\" data-elementor-lightbox-title=\"3\" data-e-action-hash=\"#elementor-action%3Aaction%3Dlightbox%26settings%3DeyJpZCI6OTU5OSwidXJsIjoiaHR0cHM6XC9cL3NwMmF1Zy5wbFwvd3AtY29udGVudFwvdXBsb2Fkc1wvMjAyMVwvMTBcLzMtMTMuanBnIiwic2xpZGVzaG93IjoiMDFkYzA4MSJ9\" href=\"https:\/\/sp2aug.pl\/wp-content\/uploads\/2021\/10\/3-13.jpg\"><figure class=\"swiper-slide-inner\"><img decoding=\"async\" class=\"swiper-slide-image\" src=\"https:\/\/sp2aug.pl\/wp-content\/uploads\/2021\/10\/3-13-150x150.jpg\" alt=\"3\" \/><\/figure><\/a><\/div><div class=\"swiper-slide\" role=\"group\" aria-roledescription=\"slide\" aria-label=\"3 z 5\"><a data-elementor-open-lightbox=\"yes\" data-elementor-lightbox-slideshow=\"01dc081\" data-elementor-lightbox-title=\"4\" data-e-action-hash=\"#elementor-action%3Aaction%3Dlightbox%26settings%3DeyJpZCI6OTYwMCwidXJsIjoiaHR0cHM6XC9cL3NwMmF1Zy5wbFwvd3AtY29udGVudFwvdXBsb2Fkc1wvMjAyMVwvMTBcLzQtMTEuanBnIiwic2xpZGVzaG93IjoiMDFkYzA4MSJ9\" href=\"https:\/\/sp2aug.pl\/wp-content\/uploads\/2021\/10\/4-11.jpg\"><figure class=\"swiper-slide-inner\"><img decoding=\"async\" class=\"swiper-slide-image\" src=\"https:\/\/sp2aug.pl\/wp-content\/uploads\/2021\/10\/4-11-150x150.jpg\" alt=\"4\" \/><\/figure><\/a><\/div><div class=\"swiper-slide\" role=\"group\" aria-roledescription=\"slide\" aria-label=\"4 z 5\"><a data-elementor-open-lightbox=\"yes\" data-elementor-lightbox-slideshow=\"01dc081\" data-elementor-lightbox-title=\"5\" data-e-action-hash=\"#elementor-action%3Aaction%3Dlightbox%26settings%3DeyJpZCI6OTYwMSwidXJsIjoiaHR0cHM6XC9cL3NwMmF1Zy5wbFwvd3AtY29udGVudFwvdXBsb2Fkc1wvMjAyMVwvMTBcLzUtMTAuanBnIiwic2xpZGVzaG93IjoiMDFkYzA4MSJ9\" href=\"https:\/\/sp2aug.pl\/wp-content\/uploads\/2021\/10\/5-10.jpg\"><figure class=\"swiper-slide-inner\"><img decoding=\"async\" class=\"swiper-slide-image\" src=\"https:\/\/sp2aug.pl\/wp-content\/uploads\/2021\/10\/5-10-150x150.jpg\" alt=\"5\" \/><\/figure><\/a><\/div><div class=\"swiper-slide\" role=\"group\" aria-roledescription=\"slide\" aria-label=\"5 z 5\"><a data-elementor-open-lightbox=\"yes\" data-elementor-lightbox-slideshow=\"01dc081\" data-elementor-lightbox-title=\"l1\" data-e-action-hash=\"#elementor-action%3Aaction%3Dlightbox%26settings%3DeyJpZCI6OTYwMiwidXJsIjoiaHR0cHM6XC9cL3NwMmF1Zy5wbFwvd3AtY29udGVudFwvdXBsb2Fkc1wvMjAyMVwvMTBcL2wxLTEuanBnIiwic2xpZGVzaG93IjoiMDFkYzA4MSJ9\" href=\"https:\/\/sp2aug.pl\/wp-content\/uploads\/2021\/10\/l1-1.jpg\"><figure class=\"swiper-slide-inner\"><img decoding=\"async\" class=\"swiper-slide-image\" src=\"https:\/\/sp2aug.pl\/wp-content\/uploads\/2021\/10\/l1-1-150x150.jpg\" alt=\"l1\" \/><\/figure><\/a><\/div>\t\t\t<\/div>\n\t\t\t\t\t\t\t\t\t\t\t\t<div class=\"elementor-swiper-button elementor-swiper-button-prev\" role=\"button\" tabindex=\"0\">\n\t\t\t\t\t\t<i aria-hidden=\"true\" class=\"eicon-chevron-left\"><\/i>\t\t\t\t\t<\/div>\n\t\t\t\t\t<div class=\"elementor-swiper-button elementor-swiper-button-next\" role=\"button\" tabindex=\"0\">\n\t\t\t\t\t\t<i aria-hidden=\"true\" class=\"eicon-chevron-right\"><\/i>\t\t\t\t\t<\/div>\n\t\t\t\t\n\t\t\t\t\t\t\t\t\t<div class=\"swiper-pagination\"><\/div>\n\t\t\t\t\t\t\t\t\t<\/div>\n\t\t\t\t\t\t<\/div>\n\t\t\t\t<\/div>\n\t\t\t\t\t<\/div>\n\t\t<\/div>\n\t\t\t\t\t<\/div>\n\t\t<\/section>\n\t\t\t\t<\/div>\n\t\t","protected":false},"excerpt":{"rendered":"<p>Uczniowie i nauczyciele z naszej szko\u0142y uczestniczyli w akcji edukacyjnej \u201eLekcja\u00a0 o Funduszach Europejskich VI\u201d organizowanej przez Ministerstwo Funduszy i Polityki Regionalnej. \u00a0\u00a0\u00a0\u00a0 Projekt ten by\u0142 realizowany w klasach \u00f3smych w pi\u0119ciu wojew\u00f3dztwach Polski Wschodniej. Celem przedsi\u0119wzi\u0119cia by\u0142o przybli\u017canie wiedzy o Funduszach Europejskich. \u00a0\u00a0\u00a0\u00a0 W tym roku \u201eLekcja o Funduszach Europejskich VI\u201d koncentrowa\u0142a si\u0119 na&hellip;<\/p>\n","protected":false},"author":1,"featured_media":0,"comment_status":"closed","ping_status":"closed","sticky":false,"template":"","format":"standard","meta":{"footnotes":""},"categories":[4],"tags":[],"class_list":["post-9596","post","type-post","status-publish","format-standard","hentry","category-archiwalne"],"_links":{"self":[{"href":"https:\/\/sp2aug.pl\/index.php\/wp-json\/wp\/v2\/posts\/9596","targetHints":{"allow":["GET"]}}],"collection":[{"href":"https:\/\/sp2aug.pl\/index.php\/wp-json\/wp\/v2\/posts"}],"about":[{"href":"https:\/\/sp2aug.pl\/index.php\/wp-json\/wp\/v2\/types\/post"}],"author":[{"embeddable":true,"href":"https:\/\/sp2aug.pl\/index.php\/wp-json\/wp\/v2\/users\/1"}],"replies":[{"embeddable":true,"href":"https:\/\/sp2aug.pl\/index.php\/wp-json\/wp\/v2\/comments?post=9596"}],"version-history":[{"count":2,"href":"https:\/\/sp2aug.pl\/index.php\/wp-json\/wp\/v2\/posts\/9596\/revisions"}],"predecessor-version":[{"id":9604,"href":"https:\/\/sp2aug.pl\/index.php\/wp-json\/wp\/v2\/posts\/9596\/revisions\/9604"}],"wp:attachment":[{"href":"https:\/\/sp2aug.pl\/index.php\/wp-json\/wp\/v2\/media?parent=9596"}],"wp:term":[{"taxonomy":"category","embeddable":true,"href":"https:\/\/sp2aug.pl\/index.php\/wp-json\/wp\/v2\/categories?post=9596"},{"taxonomy":"post_tag","embeddable":true,"href":"https:\/\/sp2aug.pl\/index.php\/wp-json\/wp\/v2\/tags?post=9596"}],"curies":[{"name":"wp","href":"https:\/\/api.w.org\/{rel}","templated":true}]}}