{"id":9481,"date":"2021-10-17T18:21:15","date_gmt":"2021-10-17T16:21:15","guid":{"rendered":"http:\/\/sp2aug.pl\/?p=9481"},"modified":"2021-10-17T18:23:50","modified_gmt":"2021-10-17T16:23:50","slug":"sztafetowe-biegi-przelajowe-3","status":"publish","type":"post","link":"https:\/\/sp2aug.pl\/index.php\/2021\/10\/17\/sztafetowe-biegi-przelajowe-3\/","title":{"rendered":"SZTAFETOWE BIEGI PRZE\u0141AJOWE"},"content":{"rendered":"\t\t<div data-elementor-type=\"wp-post\" data-elementor-id=\"9481\" class=\"elementor elementor-9481\">\n\t\t\t\t\t\t<section class=\"elementor-section elementor-top-section elementor-element elementor-element-85cf174 elementor-section-boxed elementor-section-height-default elementor-section-height-default\" data-id=\"85cf174\" data-element_type=\"section\">\n\t\t\t\t\t\t<div class=\"elementor-container elementor-column-gap-default\">\n\t\t\t\t\t<div class=\"elementor-column elementor-col-50 elementor-top-column elementor-element elementor-element-e1fdf6d\" data-id=\"e1fdf6d\" data-element_type=\"column\">\n\t\t\t<div class=\"elementor-widget-wrap elementor-element-populated\">\n\t\t\t\t\t\t<div class=\"elementor-element elementor-element-e046713 elementor-widget elementor-widget-spacer\" data-id=\"e046713\" data-element_type=\"widget\" data-widget_type=\"spacer.default\">\n\t\t\t\t<div class=\"elementor-widget-container\">\n\t\t\t\t\t\t\t<div class=\"elementor-spacer\">\n\t\t\t<div class=\"elementor-spacer-inner\"><\/div>\n\t\t<\/div>\n\t\t\t\t\t\t<\/div>\n\t\t\t\t<\/div>\n\t\t\t\t<div class=\"elementor-element elementor-element-c68098d elementor-widget elementor-widget-image\" data-id=\"c68098d\" data-element_type=\"widget\" data-widget_type=\"image.default\">\n\t\t\t\t<div class=\"elementor-widget-container\">\n\t\t\t\t\t\t\t\t\t\t\t\t\t\t\t\t<a href=\"https:\/\/sp2aug.pl\/wp-content\/uploads\/2021\/10\/sytafeta.jpg\" data-elementor-open-lightbox=\"yes\" data-elementor-lightbox-title=\"sytafeta\" data-e-action-hash=\"#elementor-action%3Aaction%3Dlightbox%26settings%3DeyJpZCI6OTQ4MiwidXJsIjoiaHR0cHM6XC9cL3NwMmF1Zy5wbFwvd3AtY29udGVudFwvdXBsb2Fkc1wvMjAyMVwvMTBcL3N5dGFmZXRhLmpwZyJ9\">\n\t\t\t\t\t\t\t<img fetchpriority=\"high\" decoding=\"async\" width=\"605\" height=\"807\" src=\"https:\/\/sp2aug.pl\/wp-content\/uploads\/2021\/10\/sytafeta.jpg\" class=\"attachment-large size-large wp-image-9482\" alt=\"\" srcset=\"https:\/\/sp2aug.pl\/wp-content\/uploads\/2021\/10\/sytafeta.jpg 605w, https:\/\/sp2aug.pl\/wp-content\/uploads\/2021\/10\/sytafeta-225x300.jpg 225w\" sizes=\"(max-width: 605px) 100vw, 605px\" \/>\t\t\t\t\t\t\t\t<\/a>\n\t\t\t\t\t\t\t\t\t\t\t\t\t\t\t<\/div>\n\t\t\t\t<\/div>\n\t\t\t\t\t<\/div>\n\t\t<\/div>\n\t\t\t\t<div class=\"elementor-column elementor-col-50 elementor-top-column elementor-element elementor-element-02bf48f\" data-id=\"02bf48f\" data-element_type=\"column\">\n\t\t\t<div class=\"elementor-widget-wrap elementor-element-populated\">\n\t\t\t\t\t\t<div class=\"elementor-element elementor-element-02660a0 elementor-widget elementor-widget-text-editor\" data-id=\"02660a0\" data-element_type=\"widget\" data-widget_type=\"text-editor.default\">\n\t\t\t\t<div class=\"elementor-widget-container\">\n\t\t\t\t\t\t\t\t\t<p>12 pa\u017adziernika w Przewi\u0119zi odby\u0142 si\u0119 P\u00f3\u0142fina\u0142 Wojew\u00f3dzki w Sztafetowych Biegach Prze\u0142ajowych Dzieci i M\u0142odzie\u017cy.<\/p><p>Nasz\u0105 szko\u0142\u0119 reprezentowa\u0142y trzy dru\u017cyny : dru\u017cyna ch\u0142opc\u00f3w kl. IV \u2013 VI pod opiek\u0105 pana Tomasza Kami\u0144skiego, \u00a0dru\u017cyna dziewcz\u0105t kl. VII \u2013 VIII pod okiem pani Agnieszki Zarzeckiej i dru\u017cyna ch\u0142opc\u00f3w kl. VII- VIII pana Wojciecha Sikory.<\/p><p>W Igrzyskach Dzieci ch\u0142opcy zaj\u0119li VI miejsce.<\/p><p>W Igrzyskach M\u0142odzie\u017cy Szkolnej ch\u0142opcy uzyskali VII miejsce, a dziewczyny w sk\u0142adzie:<\/p><ol><li>Aleksandra Grochowska kl.8a<\/li><li>Kol\u0119da Dominika kl. 8a<\/li><li>Mojsiewicz Marta kl. 8a<\/li><li>Wysocka Milena kl. 8a<\/li><li>Wasilewska Wiktoria kl. 8d<\/li><li>Piekarska Wiktoria kl. 8d<\/li><\/ol><p>REZERWOWE:\u00a0 Rymarczyk Emilia kl.7d<\/p><p>\u00a0\u00a0\u00a0\u00a0\u00a0\u00a0\u00a0\u00a0\u00a0\u00a0\u00a0\u00a0\u00a0\u00a0\u00a0\u00a0\u00a0\u00a0\u00a0\u00a0\u00a0\u00a0\u00a0\u00a0 \u00a0\u00a0Wojewnik Amelia kl.8c<\/p><p>uplasowa\u0142y si\u0119 na IV miejscu i <strong><u>\u00a0awansowa\u0142y do fina\u0142u wojew\u00f3dzkiego<\/u><\/strong>.<\/p><p>Gratulacje dla zespo\u0142\u00f3w i ich nauczycieli.<\/p>\t\t\t\t\t\t\t\t<\/div>\n\t\t\t\t<\/div>\n\t\t\t\t\t<\/div>\n\t\t<\/div>\n\t\t\t\t\t<\/div>\n\t\t<\/section>\n\t\t\t\t<section class=\"elementor-section elementor-top-section elementor-element elementor-element-0557397 elementor-section-boxed elementor-section-height-default elementor-section-height-default\" data-id=\"0557397\" data-element_type=\"section\">\n\t\t\t\t\t\t<div class=\"elementor-container elementor-column-gap-default\">\n\t\t\t\t\t<div class=\"elementor-column elementor-col-100 elementor-top-column elementor-element elementor-element-b834fc9\" data-id=\"b834fc9\" data-element_type=\"column\">\n\t\t\t<div class=\"elementor-widget-wrap\">\n\t\t\t\t\t\t\t<\/div>\n\t\t<\/div>\n\t\t\t\t\t<\/div>\n\t\t<\/section>\n\t\t\t\t<\/div>\n\t\t","protected":false},"excerpt":{"rendered":"<p>12 pa\u017adziernika w Przewi\u0119zi odby\u0142 si\u0119 P\u00f3\u0142fina\u0142 Wojew\u00f3dzki w Sztafetowych Biegach Prze\u0142ajowych Dzieci i M\u0142odzie\u017cy. Nasz\u0105 szko\u0142\u0119 reprezentowa\u0142y trzy dru\u017cyny : dru\u017cyna ch\u0142opc\u00f3w kl. IV \u2013 VI pod opiek\u0105 pana Tomasza Kami\u0144skiego, \u00a0dru\u017cyna dziewcz\u0105t kl. VII \u2013 VIII pod okiem pani Agnieszki Zarzeckiej i dru\u017cyna ch\u0142opc\u00f3w kl. VII- VIII pana Wojciecha Sikory. W Igrzyskach Dzieci&hellip;<\/p>\n","protected":false},"author":1,"featured_media":0,"comment_status":"closed","ping_status":"closed","sticky":false,"template":"","format":"standard","meta":{"footnotes":""},"categories":[4],"tags":[],"class_list":["post-9481","post","type-post","status-publish","format-standard","hentry","category-archiwalne"],"_links":{"self":[{"href":"https:\/\/sp2aug.pl\/index.php\/wp-json\/wp\/v2\/posts\/9481","targetHints":{"allow":["GET"]}}],"collection":[{"href":"https:\/\/sp2aug.pl\/index.php\/wp-json\/wp\/v2\/posts"}],"about":[{"href":"https:\/\/sp2aug.pl\/index.php\/wp-json\/wp\/v2\/types\/post"}],"author":[{"embeddable":true,"href":"https:\/\/sp2aug.pl\/index.php\/wp-json\/wp\/v2\/users\/1"}],"replies":[{"embeddable":true,"href":"https:\/\/sp2aug.pl\/index.php\/wp-json\/wp\/v2\/comments?post=9481"}],"version-history":[{"count":2,"href":"https:\/\/sp2aug.pl\/index.php\/wp-json\/wp\/v2\/posts\/9481\/revisions"}],"predecessor-version":[{"id":9484,"href":"https:\/\/sp2aug.pl\/index.php\/wp-json\/wp\/v2\/posts\/9481\/revisions\/9484"}],"wp:attachment":[{"href":"https:\/\/sp2aug.pl\/index.php\/wp-json\/wp\/v2\/media?parent=9481"}],"wp:term":[{"taxonomy":"category","embeddable":true,"href":"https:\/\/sp2aug.pl\/index.php\/wp-json\/wp\/v2\/categories?post=9481"},{"taxonomy":"post_tag","embeddable":true,"href":"https:\/\/sp2aug.pl\/index.php\/wp-json\/wp\/v2\/tags?post=9481"}],"curies":[{"name":"wp","href":"https:\/\/api.w.org\/{rel}","templated":true}]}}