{"id":8987,"date":"2021-07-14T13:10:04","date_gmt":"2021-07-14T11:10:04","guid":{"rendered":"http:\/\/sp2aug.pl\/?p=8987"},"modified":"2021-07-14T13:13:16","modified_gmt":"2021-07-14T11:13:16","slug":"uczcilismy-76-rocznice-ofiar-pamieci-oblawy-augustowskiej","status":"publish","type":"post","link":"https:\/\/sp2aug.pl\/index.php\/2021\/07\/14\/uczcilismy-76-rocznice-ofiar-pamieci-oblawy-augustowskiej\/","title":{"rendered":"Uczcili\u015bmy 76.rocznic\u0119 Ofiar Pami\u0119ci Ob\u0142awy Augustowskiej"},"content":{"rendered":"\t\t<div data-elementor-type=\"wp-post\" data-elementor-id=\"8987\" class=\"elementor elementor-8987\">\n\t\t\t\t\t\t<section class=\"elementor-section elementor-top-section elementor-element elementor-element-9738490 elementor-section-boxed elementor-section-height-default elementor-section-height-default\" data-id=\"9738490\" data-element_type=\"section\">\n\t\t\t\t\t\t<div class=\"elementor-container elementor-column-gap-default\">\n\t\t\t\t\t<div class=\"elementor-column elementor-col-100 elementor-top-column elementor-element elementor-element-f229d53\" data-id=\"f229d53\" data-element_type=\"column\">\n\t\t\t<div class=\"elementor-widget-wrap elementor-element-populated\">\n\t\t\t\t\t\t<div class=\"elementor-element elementor-element-cf64fd8 elementor-widget elementor-widget-text-editor\" data-id=\"cf64fd8\" data-element_type=\"widget\" data-widget_type=\"text-editor.default\">\n\t\t\t\t<div class=\"elementor-widget-container\">\n\t\t\t\t\t\t\t\t\t<p>12 lipca \u2013 na mocy ustawy uchwalonej przez Sejm \u2013 obchodzili\u015bmy Dzie\u0144 Pami\u0119ci Ofiar Ob\u0142awy Augustowskiej z lipca 1945 roku.\u00a0 Dzie\u0144 ten zosta\u0142 ustanowiony\u00a0<em>\u201e<\/em>w ho\u0142dzie bohaterom antykomunistycznego podziemia niepodleg\u0142o\u015bciowego, kt\u00f3rzy nie pogodzili si\u0119 z now\u0105 sowieck\u0105 okupacj\u0105, zamordowanym z rozkazu Stalina na terenie p\u00f3\u0142nocno-wschodniej Polski w czasie pokoju po kapitulacji hitlerowskich Niemiec\u201d.<\/p><p>\u00a0\u00a0\u00a0\u00a0\u00a0\u00a0 Sztandar naszej Szko\u0142y Podstawowej nr 2 im. Zygmunta Augusta by\u0142 godnie i wzorowo reprezentowany przez nast\u0119puj\u0105cych uczni\u00f3w: Mariusza Filipkowskiego z kl. VIII E, Oliwi\u0119 Warack\u0105 z kl. VIII E, Wiktori\u0119 Wasilewsk\u0105 z kl. VIII D, Ann\u0119 Jarz\u0105bsk\u0105 z kl. VIII D pod opiek\u0105 p. Danuty Gregorowicz.<\/p><p>\u00a0\u00a0\u00a0\u00a0\u00a0\u00a0 Uroczysto\u015bci rozpocz\u0119\u0142y si\u0119 przed Domem Turka o g. 17.30. Delegacje z r\u00f3\u017cnych instytucji, miasta, rodziny pomordowanych, \u017co\u0142nierze, Sybiracy, policjanci, stowarzyszenia, kluby i organizacje historyczne oraz osoby prywatne z\u0142o\u017cy\u0142y kwiaty i zapali\u0142y znicze przez tablic\u0105 po\u015bwi\u0119con\u0105 Ofiarom Pami\u0119ci Polak\u00f3w katowanych i zamordowanych przez oprawc\u00f3w stalinowskich NKWD i UB w latach 1939 i 1941 -1956.<\/p><p>\u00a0\u00a0\u00a0\u00a0\u00a0\u00a0 P\u00f3\u017aniej wszyscy uczestnicy uroczysto\u015bci przeszli do Bazyliki NSJ w Augustowie, gdzie zosta\u0142a celebrowana Msza \u015bw. pod przewodnictwem ks. Bpa prof. dr hab. Andrzeja Franciszka Dziuby, biskupa \u0142owickiego i ks. Proboszcza Wojciecha Jab\u0142o\u0144skiego.<\/p><p><em>\u00a0\u00a0\u00a0\u00a0\u00a0\u00a0 \u201eWed\u0142ug ustale\u0144 historyk\u00f3w w sumie zatrzymano ponad 7 tysi\u0119cy os\u00f3b, cz\u0119\u015b\u0107 z nich wi\u0119ziono i poddawano brutalnemu \u015bledztwu. Ok. 600 os\u00f3b by\u0142o zaginionych i nigdy nie powr\u00f3ci\u0142o do dom\u00f3w. Ich dalsze losy oraz miejsce poch\u00f3wku nie s\u0105 do dzi\u015b znane. \u015aledztwo w tej sprawie prowadzi Oddzia\u0142owa Komisja \u015acigania Zbrodni przeciwko Narodowi Polskiemu w Bia\u0142ymstoku.\u201d<\/em><\/p><p>\u00a0\u00a0\u00a0\u00a0\u00a0 Na zako\u0144czenie odby\u0142o si\u0119 wydarzenie pod has\u0142em \u201ePrzywr\u00f3\u0107my im twarze i imiona\u201d, podczas kt\u00f3rego odczytywano nazwiska znanych Ofiar Ob\u0142awy Augustowskiej.<\/p><p>\u00a0\u00a0\u00a0\u00a0\u00a0\u00a0 Wszystkim uczniom i nauczycielom gratulujemy obywatelskiego zaanga\u017cowania w tych podnios\u0142ych uroczysto\u015bciach patriotycznych.<\/p><p><strong><em>Opiekun pocztu<\/em><\/strong><em>: D.J. Gregorowicz<\/em><\/p><p><strong><em>Zdj\u0119cia<\/em><\/strong><em>: Oliwia Waracka , ucz. kl. VIII E i D. J. Gregorowicz.<\/em><\/p><p>\u00a0<\/p><p>\u00a0<\/p>\t\t\t\t\t\t\t\t<\/div>\n\t\t\t\t<\/div>\n\t\t\t\t\t<\/div>\n\t\t<\/div>\n\t\t\t\t\t<\/div>\n\t\t<\/section>\n\t\t\t\t<section class=\"elementor-section elementor-top-section elementor-element elementor-element-d95f60c elementor-section-boxed elementor-section-height-default elementor-section-height-default\" data-id=\"d95f60c\" data-element_type=\"section\">\n\t\t\t\t\t\t<div class=\"elementor-container elementor-column-gap-default\">\n\t\t\t\t\t<div class=\"elementor-column elementor-col-100 elementor-top-column elementor-element elementor-element-6c3d1b1\" data-id=\"6c3d1b1\" data-element_type=\"column\">\n\t\t\t<div class=\"elementor-widget-wrap elementor-element-populated\">\n\t\t\t\t\t\t<div class=\"elementor-element elementor-element-f49a234 elementor-arrows-position-inside elementor-pagination-position-outside elementor-widget elementor-widget-image-carousel\" data-id=\"f49a234\" data-element_type=\"widget\" data-settings=\"{&quot;navigation&quot;:&quot;both&quot;,&quot;autoplay&quot;:&quot;yes&quot;,&quot;pause_on_hover&quot;:&quot;yes&quot;,&quot;pause_on_interaction&quot;:&quot;yes&quot;,&quot;autoplay_speed&quot;:5000,&quot;infinite&quot;:&quot;yes&quot;,&quot;speed&quot;:500}\" data-widget_type=\"image-carousel.default\">\n\t\t\t\t<div class=\"elementor-widget-container\">\n\t\t\t\t\t\t\t<div class=\"elementor-image-carousel-wrapper swiper\" role=\"region\" aria-roledescription=\"carousel\" aria-label=\"Karuzela obrazk\u00f3w\" dir=\"ltr\">\n\t\t\t<div class=\"elementor-image-carousel swiper-wrapper\" aria-live=\"off\">\n\t\t\t\t\t\t\t\t<div class=\"swiper-slide\" role=\"group\" aria-roledescription=\"slide\" aria-label=\"1 z 7\"><a data-elementor-open-lightbox=\"yes\" data-elementor-lightbox-slideshow=\"f49a234\" data-elementor-lightbox-title=\"1\" data-e-action-hash=\"#elementor-action%3Aaction%3Dlightbox%26settings%3DeyJpZCI6ODk4OCwidXJsIjoiaHR0cHM6XC9cL3NwMmF1Zy5wbFwvd3AtY29udGVudFwvdXBsb2Fkc1wvMjAyMVwvMDdcLzEuanBnIiwic2xpZGVzaG93IjoiZjQ5YTIzNCJ9\" href=\"https:\/\/sp2aug.pl\/wp-content\/uploads\/2021\/07\/1.jpg\"><figure class=\"swiper-slide-inner\"><img decoding=\"async\" class=\"swiper-slide-image\" src=\"https:\/\/sp2aug.pl\/wp-content\/uploads\/2021\/07\/1-150x150.jpg\" alt=\"1\" \/><\/figure><\/a><\/div><div class=\"swiper-slide\" role=\"group\" aria-roledescription=\"slide\" aria-label=\"2 z 7\"><a data-elementor-open-lightbox=\"yes\" data-elementor-lightbox-slideshow=\"f49a234\" data-elementor-lightbox-title=\"2\" data-e-action-hash=\"#elementor-action%3Aaction%3Dlightbox%26settings%3DeyJpZCI6ODk4OSwidXJsIjoiaHR0cHM6XC9cL3NwMmF1Zy5wbFwvd3AtY29udGVudFwvdXBsb2Fkc1wvMjAyMVwvMDdcLzIuanBnIiwic2xpZGVzaG93IjoiZjQ5YTIzNCJ9\" href=\"https:\/\/sp2aug.pl\/wp-content\/uploads\/2021\/07\/2.jpg\"><figure class=\"swiper-slide-inner\"><img decoding=\"async\" class=\"swiper-slide-image\" src=\"https:\/\/sp2aug.pl\/wp-content\/uploads\/2021\/07\/2-150x150.jpg\" alt=\"2\" \/><\/figure><\/a><\/div><div class=\"swiper-slide\" role=\"group\" aria-roledescription=\"slide\" aria-label=\"3 z 7\"><a data-elementor-open-lightbox=\"yes\" data-elementor-lightbox-slideshow=\"f49a234\" data-elementor-lightbox-title=\"3\" data-e-action-hash=\"#elementor-action%3Aaction%3Dlightbox%26settings%3DeyJpZCI6ODk5MCwidXJsIjoiaHR0cHM6XC9cL3NwMmF1Zy5wbFwvd3AtY29udGVudFwvdXBsb2Fkc1wvMjAyMVwvMDdcLzMuanBnIiwic2xpZGVzaG93IjoiZjQ5YTIzNCJ9\" href=\"https:\/\/sp2aug.pl\/wp-content\/uploads\/2021\/07\/3.jpg\"><figure class=\"swiper-slide-inner\"><img decoding=\"async\" class=\"swiper-slide-image\" src=\"https:\/\/sp2aug.pl\/wp-content\/uploads\/2021\/07\/3-150x150.jpg\" alt=\"3\" \/><\/figure><\/a><\/div><div class=\"swiper-slide\" role=\"group\" aria-roledescription=\"slide\" aria-label=\"4 z 7\"><a data-elementor-open-lightbox=\"yes\" data-elementor-lightbox-slideshow=\"f49a234\" data-elementor-lightbox-title=\"4\" data-e-action-hash=\"#elementor-action%3Aaction%3Dlightbox%26settings%3DeyJpZCI6ODk5MSwidXJsIjoiaHR0cHM6XC9cL3NwMmF1Zy5wbFwvd3AtY29udGVudFwvdXBsb2Fkc1wvMjAyMVwvMDdcLzQuanBnIiwic2xpZGVzaG93IjoiZjQ5YTIzNCJ9\" href=\"https:\/\/sp2aug.pl\/wp-content\/uploads\/2021\/07\/4.jpg\"><figure class=\"swiper-slide-inner\"><img decoding=\"async\" class=\"swiper-slide-image\" src=\"https:\/\/sp2aug.pl\/wp-content\/uploads\/2021\/07\/4-150x150.jpg\" alt=\"4\" \/><\/figure><\/a><\/div><div class=\"swiper-slide\" role=\"group\" aria-roledescription=\"slide\" aria-label=\"5 z 7\"><a data-elementor-open-lightbox=\"yes\" data-elementor-lightbox-slideshow=\"f49a234\" data-elementor-lightbox-title=\"5\" data-e-action-hash=\"#elementor-action%3Aaction%3Dlightbox%26settings%3DeyJpZCI6ODk5MiwidXJsIjoiaHR0cHM6XC9cL3NwMmF1Zy5wbFwvd3AtY29udGVudFwvdXBsb2Fkc1wvMjAyMVwvMDdcLzUuanBnIiwic2xpZGVzaG93IjoiZjQ5YTIzNCJ9\" href=\"https:\/\/sp2aug.pl\/wp-content\/uploads\/2021\/07\/5.jpg\"><figure class=\"swiper-slide-inner\"><img decoding=\"async\" class=\"swiper-slide-image\" src=\"https:\/\/sp2aug.pl\/wp-content\/uploads\/2021\/07\/5-150x150.jpg\" alt=\"5\" \/><\/figure><\/a><\/div><div class=\"swiper-slide\" role=\"group\" aria-roledescription=\"slide\" aria-label=\"6 z 7\"><a data-elementor-open-lightbox=\"yes\" data-elementor-lightbox-slideshow=\"f49a234\" data-elementor-lightbox-title=\"6\" data-e-action-hash=\"#elementor-action%3Aaction%3Dlightbox%26settings%3DeyJpZCI6ODk5MywidXJsIjoiaHR0cHM6XC9cL3NwMmF1Zy5wbFwvd3AtY29udGVudFwvdXBsb2Fkc1wvMjAyMVwvMDdcLzYuanBnIiwic2xpZGVzaG93IjoiZjQ5YTIzNCJ9\" href=\"https:\/\/sp2aug.pl\/wp-content\/uploads\/2021\/07\/6.jpg\"><figure class=\"swiper-slide-inner\"><img decoding=\"async\" class=\"swiper-slide-image\" src=\"https:\/\/sp2aug.pl\/wp-content\/uploads\/2021\/07\/6-150x150.jpg\" alt=\"6\" \/><\/figure><\/a><\/div><div class=\"swiper-slide\" role=\"group\" aria-roledescription=\"slide\" aria-label=\"7 z 7\"><a data-elementor-open-lightbox=\"yes\" data-elementor-lightbox-slideshow=\"f49a234\" data-elementor-lightbox-title=\"7\" data-e-action-hash=\"#elementor-action%3Aaction%3Dlightbox%26settings%3DeyJpZCI6ODk5NCwidXJsIjoiaHR0cHM6XC9cL3NwMmF1Zy5wbFwvd3AtY29udGVudFwvdXBsb2Fkc1wvMjAyMVwvMDdcLzcuanBnIiwic2xpZGVzaG93IjoiZjQ5YTIzNCJ9\" href=\"https:\/\/sp2aug.pl\/wp-content\/uploads\/2021\/07\/7.jpg\"><figure class=\"swiper-slide-inner\"><img decoding=\"async\" class=\"swiper-slide-image\" src=\"https:\/\/sp2aug.pl\/wp-content\/uploads\/2021\/07\/7-150x150.jpg\" alt=\"7\" \/><\/figure><\/a><\/div>\t\t\t<\/div>\n\t\t\t\t\t\t\t\t\t\t\t\t<div class=\"elementor-swiper-button elementor-swiper-button-prev\" role=\"button\" tabindex=\"0\">\n\t\t\t\t\t\t<i aria-hidden=\"true\" class=\"eicon-chevron-left\"><\/i>\t\t\t\t\t<\/div>\n\t\t\t\t\t<div class=\"elementor-swiper-button elementor-swiper-button-next\" role=\"button\" tabindex=\"0\">\n\t\t\t\t\t\t<i aria-hidden=\"true\" class=\"eicon-chevron-right\"><\/i>\t\t\t\t\t<\/div>\n\t\t\t\t\n\t\t\t\t\t\t\t\t\t<div class=\"swiper-pagination\"><\/div>\n\t\t\t\t\t\t\t\t\t<\/div>\n\t\t\t\t\t\t<\/div>\n\t\t\t\t<\/div>\n\t\t\t\t\t<\/div>\n\t\t<\/div>\n\t\t\t\t\t<\/div>\n\t\t<\/section>\n\t\t\t\t<\/div>\n\t\t","protected":false},"excerpt":{"rendered":"<p>12 lipca \u2013 na mocy ustawy uchwalonej przez Sejm \u2013 obchodzili\u015bmy Dzie\u0144 Pami\u0119ci Ofiar Ob\u0142awy Augustowskiej z lipca 1945 roku.\u00a0 Dzie\u0144 ten zosta\u0142 ustanowiony\u00a0\u201ew ho\u0142dzie bohaterom antykomunistycznego podziemia niepodleg\u0142o\u015bciowego, kt\u00f3rzy nie pogodzili si\u0119 z now\u0105 sowieck\u0105 okupacj\u0105, zamordowanym z rozkazu Stalina na terenie p\u00f3\u0142nocno-wschodniej Polski w czasie pokoju po kapitulacji hitlerowskich Niemiec\u201d. \u00a0\u00a0\u00a0\u00a0\u00a0\u00a0 Sztandar naszej&hellip;<\/p>\n","protected":false},"author":1,"featured_media":0,"comment_status":"closed","ping_status":"closed","sticky":false,"template":"","format":"standard","meta":{"footnotes":""},"categories":[4],"tags":[],"class_list":["post-8987","post","type-post","status-publish","format-standard","hentry","category-archiwalne"],"_links":{"self":[{"href":"https:\/\/sp2aug.pl\/index.php\/wp-json\/wp\/v2\/posts\/8987","targetHints":{"allow":["GET"]}}],"collection":[{"href":"https:\/\/sp2aug.pl\/index.php\/wp-json\/wp\/v2\/posts"}],"about":[{"href":"https:\/\/sp2aug.pl\/index.php\/wp-json\/wp\/v2\/types\/post"}],"author":[{"embeddable":true,"href":"https:\/\/sp2aug.pl\/index.php\/wp-json\/wp\/v2\/users\/1"}],"replies":[{"embeddable":true,"href":"https:\/\/sp2aug.pl\/index.php\/wp-json\/wp\/v2\/comments?post=8987"}],"version-history":[{"count":2,"href":"https:\/\/sp2aug.pl\/index.php\/wp-json\/wp\/v2\/posts\/8987\/revisions"}],"predecessor-version":[{"id":8996,"href":"https:\/\/sp2aug.pl\/index.php\/wp-json\/wp\/v2\/posts\/8987\/revisions\/8996"}],"wp:attachment":[{"href":"https:\/\/sp2aug.pl\/index.php\/wp-json\/wp\/v2\/media?parent=8987"}],"wp:term":[{"taxonomy":"category","embeddable":true,"href":"https:\/\/sp2aug.pl\/index.php\/wp-json\/wp\/v2\/categories?post=8987"},{"taxonomy":"post_tag","embeddable":true,"href":"https:\/\/sp2aug.pl\/index.php\/wp-json\/wp\/v2\/tags?post=8987"}],"curies":[{"name":"wp","href":"https:\/\/api.w.org\/{rel}","templated":true}]}}