{"id":8732,"date":"2021-06-17T15:31:04","date_gmt":"2021-06-17T13:31:04","guid":{"rendered":"http:\/\/sp2aug.pl\/?p=8732"},"modified":"2021-06-17T15:35:04","modified_gmt":"2021-06-17T13:35:04","slug":"konsultacje-nowego-stypendium","status":"publish","type":"post","link":"https:\/\/sp2aug.pl\/index.php\/2021\/06\/17\/konsultacje-nowego-stypendium\/","title":{"rendered":"Konsultacje Nowego Stypendium"},"content":{"rendered":"\t\t<div data-elementor-type=\"wp-post\" data-elementor-id=\"8732\" class=\"elementor elementor-8732\">\n\t\t\t\t\t\t<section class=\"elementor-section elementor-top-section elementor-element elementor-element-8874a0e elementor-section-boxed elementor-section-height-default elementor-section-height-default\" data-id=\"8874a0e\" data-element_type=\"section\">\n\t\t\t\t\t\t<div class=\"elementor-container elementor-column-gap-default\">\n\t\t\t\t\t<div class=\"elementor-column elementor-col-100 elementor-top-column elementor-element elementor-element-239649b\" data-id=\"239649b\" data-element_type=\"column\">\n\t\t\t<div class=\"elementor-widget-wrap elementor-element-populated\">\n\t\t\t\t\t\t<div class=\"elementor-element elementor-element-090a55f elementor-widget elementor-widget-text-editor\" data-id=\"090a55f\" data-element_type=\"widget\" data-widget_type=\"text-editor.default\">\n\t\t\t\t<div class=\"elementor-widget-container\">\n\t\t\t\t\t\t\t\t\t<p>\u00a0<\/p><p>Dnia 14 czerwca odby\u0142y si\u0119 w formie online <strong>Konsultacje Nowego Stypendium Prezesa Rady Ministr\u00f3w<\/strong>. Konsultacje zosta\u0142y zorganizowane przez pe\u0142nomocnika rz\u0105du ds. polityki m\u0142odzie\u017cowej Piotra Mazurka we wsp\u00f3\u0142pracy z pe\u0142nomocnik prezesa Rady Ministr\u00f3w ds. GovTech Justyn\u0105 Or\u0142owsk\u0105, z Rad\u0105 Dialogu z M\u0142odym Pokoleniem i z GovTech Polska.<\/p><p>G\u0142\u00f3wnym celem planowanej reformy jest wi\u0119ksze docenienie dzia\u0142alno\u015bci uczni\u00f3w poza szko\u0142\u0105 i dopasowanie zasad przyznawania stypendium do ich potrzeb i oczekiwa\u0144. Ponadto dzi\u0119ki planowanym zmiano stypendium ma by\u0107 dost\u0119pne dla wi\u0119kszej liczby uczni\u00f3w. Chodzi te\u017c o to, aby zwi\u0119kszy\u0107 rol\u0119 m\u0142odych ludzi w procesach decyzyjnych.<\/p><p>W spotkaniu, w kt\u00f3rym sw\u00f3j akces zadeklarowa\u0142o 3,5 tys. m\u0142odych ludzi, wzi\u0119\u0142y udzia\u0142 uczennice z kl. 8 c: <strong>Aleksandra Siedlecka, Gabriela Sza\u0142wi\u0144ska oraz Izabela Krukowska<\/strong>.<\/p><p><em>B.Tomaszewska<\/em><\/p>\t\t\t\t\t\t\t\t<\/div>\n\t\t\t\t<\/div>\n\t\t\t\t\t<\/div>\n\t\t<\/div>\n\t\t\t\t\t<\/div>\n\t\t<\/section>\n\t\t\t\t<section class=\"elementor-section elementor-top-section elementor-element elementor-element-330a0bb elementor-section-boxed elementor-section-height-default elementor-section-height-default\" data-id=\"330a0bb\" data-element_type=\"section\">\n\t\t\t\t\t\t<div class=\"elementor-container elementor-column-gap-default\">\n\t\t\t\t\t<div class=\"elementor-column elementor-col-50 elementor-top-column elementor-element elementor-element-3d41230\" data-id=\"3d41230\" data-element_type=\"column\">\n\t\t\t<div class=\"elementor-widget-wrap elementor-element-populated\">\n\t\t\t\t\t\t<div class=\"elementor-element elementor-element-ece9c7b elementor-widget elementor-widget-image\" data-id=\"ece9c7b\" data-element_type=\"widget\" data-widget_type=\"image.default\">\n\t\t\t\t<div class=\"elementor-widget-container\">\n\t\t\t\t\t\t\t\t\t\t\t\t\t\t\t\t<a href=\"https:\/\/sp2aug.pl\/wp-content\/uploads\/2021\/06\/2.jpeg\" data-elementor-open-lightbox=\"yes\" data-elementor-lightbox-title=\"2\" data-e-action-hash=\"#elementor-action%3Aaction%3Dlightbox%26settings%3DeyJpZCI6ODczNCwidXJsIjoiaHR0cHM6XC9cL3NwMmF1Zy5wbFwvd3AtY29udGVudFwvdXBsb2Fkc1wvMjAyMVwvMDZcLzIuanBlZyJ9\">\n\t\t\t\t\t\t\t<img decoding=\"async\" width=\"150\" height=\"150\" src=\"https:\/\/sp2aug.pl\/wp-content\/uploads\/2021\/06\/2-150x150.jpeg\" class=\"attachment-thumbnail size-thumbnail wp-image-8734\" alt=\"\" srcset=\"https:\/\/sp2aug.pl\/wp-content\/uploads\/2021\/06\/2-150x150.jpeg 150w, https:\/\/sp2aug.pl\/wp-content\/uploads\/2021\/06\/2-300x300.jpeg 300w\" sizes=\"(max-width: 150px) 100vw, 150px\" \/>\t\t\t\t\t\t\t\t<\/a>\n\t\t\t\t\t\t\t\t\t\t\t\t\t\t\t<\/div>\n\t\t\t\t<\/div>\n\t\t\t\t\t<\/div>\n\t\t<\/div>\n\t\t\t\t<div class=\"elementor-column elementor-col-50 elementor-top-column elementor-element elementor-element-aa24dc8\" data-id=\"aa24dc8\" data-element_type=\"column\">\n\t\t\t<div class=\"elementor-widget-wrap elementor-element-populated\">\n\t\t\t\t\t\t<div class=\"elementor-element elementor-element-03f8586 elementor-widget elementor-widget-image\" data-id=\"03f8586\" data-element_type=\"widget\" data-widget_type=\"image.default\">\n\t\t\t\t<div class=\"elementor-widget-container\">\n\t\t\t\t\t\t\t\t\t\t\t\t\t\t\t\t<a href=\"https:\/\/sp2aug.pl\/wp-content\/uploads\/2021\/06\/1.jpeg\" data-elementor-open-lightbox=\"yes\" data-elementor-lightbox-title=\"1\" data-e-action-hash=\"#elementor-action%3Aaction%3Dlightbox%26settings%3DeyJpZCI6ODczMywidXJsIjoiaHR0cHM6XC9cL3NwMmF1Zy5wbFwvd3AtY29udGVudFwvdXBsb2Fkc1wvMjAyMVwvMDZcLzEuanBlZyJ9\">\n\t\t\t\t\t\t\t<img decoding=\"async\" width=\"150\" height=\"150\" src=\"https:\/\/sp2aug.pl\/wp-content\/uploads\/2021\/06\/1-150x150.jpeg\" class=\"attachment-thumbnail size-thumbnail wp-image-8733\" alt=\"\" srcset=\"https:\/\/sp2aug.pl\/wp-content\/uploads\/2021\/06\/1-150x150.jpeg 150w, https:\/\/sp2aug.pl\/wp-content\/uploads\/2021\/06\/1-300x300.jpeg 300w\" sizes=\"(max-width: 150px) 100vw, 150px\" \/>\t\t\t\t\t\t\t\t<\/a>\n\t\t\t\t\t\t\t\t\t\t\t\t\t\t\t<\/div>\n\t\t\t\t<\/div>\n\t\t\t\t\t<\/div>\n\t\t<\/div>\n\t\t\t\t\t<\/div>\n\t\t<\/section>\n\t\t\t\t<\/div>\n\t\t","protected":false},"excerpt":{"rendered":"<p>\u00a0 Dnia 14 czerwca odby\u0142y si\u0119 w formie online Konsultacje Nowego Stypendium Prezesa Rady Ministr\u00f3w. Konsultacje zosta\u0142y zorganizowane przez pe\u0142nomocnika rz\u0105du ds. polityki m\u0142odzie\u017cowej Piotra Mazurka we wsp\u00f3\u0142pracy z pe\u0142nomocnik prezesa Rady Ministr\u00f3w ds. GovTech Justyn\u0105 Or\u0142owsk\u0105, z Rad\u0105 Dialogu z M\u0142odym Pokoleniem i z GovTech Polska. G\u0142\u00f3wnym celem planowanej reformy jest wi\u0119ksze docenienie dzia\u0142alno\u015bci&hellip;<\/p>\n","protected":false},"author":1,"featured_media":0,"comment_status":"closed","ping_status":"closed","sticky":false,"template":"","format":"standard","meta":{"footnotes":""},"categories":[4],"tags":[],"class_list":["post-8732","post","type-post","status-publish","format-standard","hentry","category-archiwalne"],"_links":{"self":[{"href":"https:\/\/sp2aug.pl\/index.php\/wp-json\/wp\/v2\/posts\/8732","targetHints":{"allow":["GET"]}}],"collection":[{"href":"https:\/\/sp2aug.pl\/index.php\/wp-json\/wp\/v2\/posts"}],"about":[{"href":"https:\/\/sp2aug.pl\/index.php\/wp-json\/wp\/v2\/types\/post"}],"author":[{"embeddable":true,"href":"https:\/\/sp2aug.pl\/index.php\/wp-json\/wp\/v2\/users\/1"}],"replies":[{"embeddable":true,"href":"https:\/\/sp2aug.pl\/index.php\/wp-json\/wp\/v2\/comments?post=8732"}],"version-history":[{"count":2,"href":"https:\/\/sp2aug.pl\/index.php\/wp-json\/wp\/v2\/posts\/8732\/revisions"}],"predecessor-version":[{"id":8736,"href":"https:\/\/sp2aug.pl\/index.php\/wp-json\/wp\/v2\/posts\/8732\/revisions\/8736"}],"wp:attachment":[{"href":"https:\/\/sp2aug.pl\/index.php\/wp-json\/wp\/v2\/media?parent=8732"}],"wp:term":[{"taxonomy":"category","embeddable":true,"href":"https:\/\/sp2aug.pl\/index.php\/wp-json\/wp\/v2\/categories?post=8732"},{"taxonomy":"post_tag","embeddable":true,"href":"https:\/\/sp2aug.pl\/index.php\/wp-json\/wp\/v2\/tags?post=8732"}],"curies":[{"name":"wp","href":"https:\/\/api.w.org\/{rel}","templated":true}]}}