{"id":8631,"date":"2021-06-08T18:27:08","date_gmt":"2021-06-08T16:27:08","guid":{"rendered":"http:\/\/sp2aug.pl\/?p=8631"},"modified":"2021-06-08T18:28:01","modified_gmt":"2021-06-08T16:28:01","slug":"zajecia-dydaktyczne-w-puszczy-augustowskiej","status":"publish","type":"post","link":"https:\/\/sp2aug.pl\/index.php\/2021\/06\/08\/zajecia-dydaktyczne-w-puszczy-augustowskiej\/","title":{"rendered":"Zaj\u0119cia dydaktyczne w Puszczy Augustowskiej"},"content":{"rendered":"\t\t<div data-elementor-type=\"wp-post\" data-elementor-id=\"8631\" class=\"elementor elementor-8631\">\n\t\t\t\t\t\t<section class=\"elementor-section elementor-top-section elementor-element elementor-element-f5eb116 elementor-section-boxed elementor-section-height-default elementor-section-height-default\" data-id=\"f5eb116\" data-element_type=\"section\">\n\t\t\t\t\t\t<div class=\"elementor-container elementor-column-gap-default\">\n\t\t\t\t\t<div class=\"elementor-column elementor-col-50 elementor-top-column elementor-element elementor-element-d975b3f\" data-id=\"d975b3f\" data-element_type=\"column\">\n\t\t\t<div class=\"elementor-widget-wrap elementor-element-populated\">\n\t\t\t\t\t\t<div class=\"elementor-element elementor-element-4216a49 elementor-widget elementor-widget-spacer\" data-id=\"4216a49\" data-element_type=\"widget\" data-widget_type=\"spacer.default\">\n\t\t\t\t<div class=\"elementor-widget-container\">\n\t\t\t\t\t\t\t<div class=\"elementor-spacer\">\n\t\t\t<div class=\"elementor-spacer-inner\"><\/div>\n\t\t<\/div>\n\t\t\t\t\t\t<\/div>\n\t\t\t\t<\/div>\n\t\t\t\t<div class=\"elementor-element elementor-element-3c0fe84 elementor-widget elementor-widget-image\" data-id=\"3c0fe84\" data-element_type=\"widget\" data-widget_type=\"image.default\">\n\t\t\t\t<div class=\"elementor-widget-container\">\n\t\t\t\t\t\t\t\t\t\t\t\t\t\t\t\t<a href=\"https:\/\/sp2aug.pl\/wp-content\/uploads\/2021\/06\/wyycieczka.jpg\" data-elementor-open-lightbox=\"yes\" data-elementor-lightbox-title=\"wyycieczka\" data-e-action-hash=\"#elementor-action%3Aaction%3Dlightbox%26settings%3DeyJpZCI6ODYzMiwidXJsIjoiaHR0cHM6XC9cL3NwMmF1Zy5wbFwvd3AtY29udGVudFwvdXBsb2Fkc1wvMjAyMVwvMDZcL3d5eWNpZWN6a2EuanBnIn0%3D\">\n\t\t\t\t\t\t\t<img fetchpriority=\"high\" decoding=\"async\" width=\"923\" height=\"692\" src=\"https:\/\/sp2aug.pl\/wp-content\/uploads\/2021\/06\/wyycieczka-1024x768.jpg\" class=\"attachment-large size-large wp-image-8632\" alt=\"\" srcset=\"https:\/\/sp2aug.pl\/wp-content\/uploads\/2021\/06\/wyycieczka-1024x768.jpg 1024w, https:\/\/sp2aug.pl\/wp-content\/uploads\/2021\/06\/wyycieczka-300x225.jpg 300w, https:\/\/sp2aug.pl\/wp-content\/uploads\/2021\/06\/wyycieczka-768x576.jpg 768w, https:\/\/sp2aug.pl\/wp-content\/uploads\/2021\/06\/wyycieczka-160x120.jpg 160w, https:\/\/sp2aug.pl\/wp-content\/uploads\/2021\/06\/wyycieczka.jpg 1200w\" sizes=\"(max-width: 923px) 100vw, 923px\" \/>\t\t\t\t\t\t\t\t<\/a>\n\t\t\t\t\t\t\t\t\t\t\t\t\t\t\t<\/div>\n\t\t\t\t<\/div>\n\t\t\t\t\t<\/div>\n\t\t<\/div>\n\t\t\t\t<div class=\"elementor-column elementor-col-50 elementor-top-column elementor-element elementor-element-59ed9d2\" data-id=\"59ed9d2\" data-element_type=\"column\">\n\t\t\t<div class=\"elementor-widget-wrap elementor-element-populated\">\n\t\t\t\t\t\t<div class=\"elementor-element elementor-element-0f2d1f3 elementor-widget elementor-widget-text-editor\" data-id=\"0f2d1f3\" data-element_type=\"widget\" data-widget_type=\"text-editor.default\">\n\t\t\t\t<div class=\"elementor-widget-container\">\n\t\t\t\t\t\t\t\t\t<p>Nauka stacjonarna to nie tylko&nbsp; sala lekcyjna. Korzystaj\u0105c z letniej pogody uczniowie klasy IV b uczestniczyli w zaj\u0119ciach edukacyjnych w plenerze.<\/p>\n<p>&nbsp;Rodzice wraz z Hufcem ZHP August\u00f3w i Nadle\u015bnictwem August\u00f3w zorganizowali zaj\u0119cia dydaktyczne w formie gry terenowej z wykorzystaniem mapy i kompasu. Zadania dla uczni\u00f3w to m.in. ustalanie kierunk\u00f3w \u015bwiata w praktyce i orientacja w terenie, rozpoznawanie drzew i innych ro\u015blin dziko rosn\u0105cych, rozpalanie i post\u0119powanie z ogniem i ogniskiem.<\/p>\n<p>Po zaj\u0119ciach oczywi\u015bcie by\u0142 czas na ognisko i wsp\u00f3ln\u0105 zabaw\u0119.<\/p><p>Iza Holak<br><\/p>\t\t\t\t\t\t\t\t<\/div>\n\t\t\t\t<\/div>\n\t\t\t\t\t<\/div>\n\t\t<\/div>\n\t\t\t\t\t<\/div>\n\t\t<\/section>\n\t\t\t\t<\/div>\n\t\t","protected":false},"excerpt":{"rendered":"<p>Nauka stacjonarna to nie tylko&nbsp; sala lekcyjna. Korzystaj\u0105c z letniej pogody uczniowie klasy IV b uczestniczyli w zaj\u0119ciach edukacyjnych w plenerze. &nbsp;Rodzice wraz z Hufcem ZHP August\u00f3w i Nadle\u015bnictwem August\u00f3w zorganizowali zaj\u0119cia dydaktyczne w formie gry terenowej z wykorzystaniem mapy i kompasu. Zadania dla uczni\u00f3w to m.in. ustalanie kierunk\u00f3w \u015bwiata w praktyce i orientacja w&hellip;<\/p>\n","protected":false},"author":1,"featured_media":0,"comment_status":"closed","ping_status":"closed","sticky":false,"template":"","format":"standard","meta":{"footnotes":""},"categories":[4],"tags":[],"class_list":["post-8631","post","type-post","status-publish","format-standard","hentry","category-archiwalne"],"_links":{"self":[{"href":"https:\/\/sp2aug.pl\/index.php\/wp-json\/wp\/v2\/posts\/8631","targetHints":{"allow":["GET"]}}],"collection":[{"href":"https:\/\/sp2aug.pl\/index.php\/wp-json\/wp\/v2\/posts"}],"about":[{"href":"https:\/\/sp2aug.pl\/index.php\/wp-json\/wp\/v2\/types\/post"}],"author":[{"embeddable":true,"href":"https:\/\/sp2aug.pl\/index.php\/wp-json\/wp\/v2\/users\/1"}],"replies":[{"embeddable":true,"href":"https:\/\/sp2aug.pl\/index.php\/wp-json\/wp\/v2\/comments?post=8631"}],"version-history":[{"count":2,"href":"https:\/\/sp2aug.pl\/index.php\/wp-json\/wp\/v2\/posts\/8631\/revisions"}],"predecessor-version":[{"id":8634,"href":"https:\/\/sp2aug.pl\/index.php\/wp-json\/wp\/v2\/posts\/8631\/revisions\/8634"}],"wp:attachment":[{"href":"https:\/\/sp2aug.pl\/index.php\/wp-json\/wp\/v2\/media?parent=8631"}],"wp:term":[{"taxonomy":"category","embeddable":true,"href":"https:\/\/sp2aug.pl\/index.php\/wp-json\/wp\/v2\/categories?post=8631"},{"taxonomy":"post_tag","embeddable":true,"href":"https:\/\/sp2aug.pl\/index.php\/wp-json\/wp\/v2\/tags?post=8631"}],"curies":[{"name":"wp","href":"https:\/\/api.w.org\/{rel}","templated":true}]}}