{"id":8464,"date":"2021-05-29T11:56:55","date_gmt":"2021-05-29T09:56:55","guid":{"rendered":"http:\/\/sp2aug.pl\/?p=8464"},"modified":"2021-05-29T11:59:15","modified_gmt":"2021-05-29T09:59:15","slug":"uroczystosc-wreczenia-odznaczen-panstwowych","status":"publish","type":"post","link":"https:\/\/sp2aug.pl\/index.php\/2021\/05\/29\/uroczystosc-wreczenia-odznaczen-panstwowych\/","title":{"rendered":"Uroczysto\u015b\u0107 wr\u0119czenia odznacze\u0144 pa\u0144stwowych"},"content":{"rendered":"\t\t<div data-elementor-type=\"wp-post\" data-elementor-id=\"8464\" class=\"elementor elementor-8464\">\n\t\t\t\t\t\t<section class=\"elementor-section elementor-top-section elementor-element elementor-element-e97d82b elementor-section-boxed elementor-section-height-default elementor-section-height-default\" data-id=\"e97d82b\" data-element_type=\"section\">\n\t\t\t\t\t\t<div class=\"elementor-container elementor-column-gap-default\">\n\t\t\t\t\t<div class=\"elementor-column elementor-col-100 elementor-top-column elementor-element elementor-element-e48acba\" data-id=\"e48acba\" data-element_type=\"column\">\n\t\t\t<div class=\"elementor-widget-wrap elementor-element-populated\">\n\t\t\t\t\t\t<div class=\"elementor-element elementor-element-5a968f8 elementor-widget elementor-widget-text-editor\" data-id=\"5a968f8\" data-element_type=\"widget\" data-widget_type=\"text-editor.default\">\n\t\t\t\t<div class=\"elementor-widget-container\">\n\t\t\t\t\t\t\t\t\t<p>Dnia 28 maja 2021 r. w Kuratorium O\u015bwiaty w Bia\u0142ymstoku odby\u0142a si\u0119 uroczysto\u015b\u0107 z udzia\u0142em pana Dariusza Piontkowskiego- Wiceministra Edukacji i Nauki, kt\u00f3ra zgromadzi\u0142a nauczycieli uhonorowanych odznaczeniami pa\u0144stwowymi.\u00a0 W\u015br\u00f3d grona wyr\u00f3\u017cnionych nauczycieli by\u0142y nauczycielki z naszej szko\u0142y:<\/p><p><strong>pani Teresa Paczkowska<\/strong>&#8211; zosta\u0142a odznaczona <strong>Medalem Z\u0142otym za D\u0142ugoletni\u0105 S\u0142u\u017cb\u0119<\/strong><\/p><p>oraz <strong>pani<\/strong> <strong>Beata Tomaszewska<\/strong>&#8211; zosta\u0142a odznaczona <strong>Br\u0105zowym Krzy\u017cem Zas\u0142ugi.<\/strong><\/p><p>Gratulujemy i \u017cyczymy realizacji plan\u00f3w zawodowych!<\/p><p><strong><em>Kilka ciekawostek\u2026<\/em><\/strong><\/p><p><strong>Krzy\u017c Zas\u0142ugi<\/strong><\/p><p>Ustanowiony w 1923 r. nadawany jest osobom, kt\u00f3re po\u0142o\u017cy\u0142y zas\u0142ugi dla pa\u0144stwa lub obywateli spe\u0142niaj\u0105c czyny przekraczaj\u0105ce zakres ich zwyk\u0142ych obowi\u0105zk\u00f3w, a przynosz\u0105ce znaczn\u0105 korzy\u015b\u0107 pa\u0144stwu lub obywatelom, ofiarn\u0105 dzia\u0142alno\u015b\u0107 publiczn\u0105, ofiarne niesienie pomocy oraz dzia\u0142alno\u015b\u0107 charytatywn\u0105. Dzieli si\u0119 na trzy stopnie:<br \/><br \/>I stopie\u0144 Z\u0142oty Krzy\u017c Zas\u0142ugi,<br \/>II stopie\u0144 Srebrny Krzy\u017c Zas\u0142ugi,<br \/>III stopie\u0144 Br\u0105zowy Krzy\u017c Zas\u0142ugi<\/p><p><strong>Medal za D\u0142ugoletni\u0105 S\u0142u\u017cb\u0119<\/strong><\/p><p>Ustanowiony w 1938 r., a przywr\u00f3cony w 2007 r., jest nadawany za wzorowe, wyj\u0105tkowo sumienne wykonywanie obowi\u0105zk\u00f3w wynikaj\u0105cych z pracy zawodowej w s\u0142u\u017cbie Pa\u0144stwa.<\/p><p>\u00a0Medal za D\u0142ugoletni\u0105 S\u0142u\u017cb\u0119 dzieli si\u0119 na trzy stopnie:<br \/>I stopie\u0144 \u2013 Medal Z\u0142oty za D\u0142ugoletni\u0105 S\u0142u\u017cb\u0119,<br \/>II stopie\u0144 \u2013 Medal Srebrny za D\u0142ugoletni\u0105 S\u0142u\u017cb\u0119,<br \/>III stopie\u0144 \u2013 Medal Br\u0105zowy za D\u0142ugoletni\u0105 S\u0142u\u017cb\u0119,<\/p>\t\t\t\t\t\t\t\t<\/div>\n\t\t\t\t<\/div>\n\t\t\t\t\t<\/div>\n\t\t<\/div>\n\t\t\t\t\t<\/div>\n\t\t<\/section>\n\t\t\t\t<section class=\"elementor-section elementor-top-section elementor-element elementor-element-40e6204 elementor-section-boxed elementor-section-height-default elementor-section-height-default\" data-id=\"40e6204\" data-element_type=\"section\">\n\t\t\t\t\t\t<div class=\"elementor-container elementor-column-gap-default\">\n\t\t\t\t\t<div class=\"elementor-column elementor-col-100 elementor-top-column elementor-element elementor-element-4fb4926\" data-id=\"4fb4926\" data-element_type=\"column\">\n\t\t\t<div class=\"elementor-widget-wrap elementor-element-populated\">\n\t\t\t\t\t\t<div class=\"elementor-element elementor-element-274d9ab elementor-arrows-position-inside elementor-pagination-position-outside elementor-widget elementor-widget-image-carousel\" data-id=\"274d9ab\" data-element_type=\"widget\" data-settings=\"{&quot;navigation&quot;:&quot;both&quot;,&quot;autoplay&quot;:&quot;yes&quot;,&quot;pause_on_hover&quot;:&quot;yes&quot;,&quot;pause_on_interaction&quot;:&quot;yes&quot;,&quot;autoplay_speed&quot;:5000,&quot;infinite&quot;:&quot;yes&quot;,&quot;speed&quot;:500}\" data-widget_type=\"image-carousel.default\">\n\t\t\t\t<div class=\"elementor-widget-container\">\n\t\t\t\t\t\t\t<div class=\"elementor-image-carousel-wrapper swiper\" role=\"region\" aria-roledescription=\"carousel\" aria-label=\"Karuzela obrazk\u00f3w\" dir=\"ltr\">\n\t\t\t<div class=\"elementor-image-carousel swiper-wrapper\" aria-live=\"off\">\n\t\t\t\t\t\t\t\t<div class=\"swiper-slide\" role=\"group\" aria-roledescription=\"slide\" aria-label=\"1 z 6\"><a data-elementor-open-lightbox=\"yes\" data-elementor-lightbox-slideshow=\"274d9ab\" data-elementor-lightbox-title=\"1\" data-e-action-hash=\"#elementor-action%3Aaction%3Dlightbox%26settings%3DeyJpZCI6ODQ2NSwidXJsIjoiaHR0cHM6XC9cL3NwMmF1Zy5wbFwvd3AtY29udGVudFwvdXBsb2Fkc1wvMjAyMVwvMDVcLzEtMTEuanBnIiwic2xpZGVzaG93IjoiMjc0ZDlhYiJ9\" href=\"https:\/\/sp2aug.pl\/wp-content\/uploads\/2021\/05\/1-11.jpg\"><figure class=\"swiper-slide-inner\"><img decoding=\"async\" class=\"swiper-slide-image\" src=\"https:\/\/sp2aug.pl\/wp-content\/uploads\/2021\/05\/1-11-150x150.jpg\" alt=\"1\" \/><\/figure><\/a><\/div><div class=\"swiper-slide\" role=\"group\" aria-roledescription=\"slide\" aria-label=\"2 z 6\"><a data-elementor-open-lightbox=\"yes\" data-elementor-lightbox-slideshow=\"274d9ab\" data-elementor-lightbox-title=\"2\" data-e-action-hash=\"#elementor-action%3Aaction%3Dlightbox%26settings%3DeyJpZCI6ODQ2NiwidXJsIjoiaHR0cHM6XC9cL3NwMmF1Zy5wbFwvd3AtY29udGVudFwvdXBsb2Fkc1wvMjAyMVwvMDVcLzItMTAuanBnIiwic2xpZGVzaG93IjoiMjc0ZDlhYiJ9\" href=\"https:\/\/sp2aug.pl\/wp-content\/uploads\/2021\/05\/2-10.jpg\"><figure class=\"swiper-slide-inner\"><img decoding=\"async\" class=\"swiper-slide-image\" src=\"https:\/\/sp2aug.pl\/wp-content\/uploads\/2021\/05\/2-10-150x150.jpg\" alt=\"2\" \/><\/figure><\/a><\/div><div class=\"swiper-slide\" role=\"group\" aria-roledescription=\"slide\" aria-label=\"3 z 6\"><a data-elementor-open-lightbox=\"yes\" data-elementor-lightbox-slideshow=\"274d9ab\" data-elementor-lightbox-title=\"3\" data-e-action-hash=\"#elementor-action%3Aaction%3Dlightbox%26settings%3DeyJpZCI6ODQ2NywidXJsIjoiaHR0cHM6XC9cL3NwMmF1Zy5wbFwvd3AtY29udGVudFwvdXBsb2Fkc1wvMjAyMVwvMDVcLzMuanBlZyIsInNsaWRlc2hvdyI6IjI3NGQ5YWIifQ%3D%3D\" href=\"https:\/\/sp2aug.pl\/wp-content\/uploads\/2021\/05\/3.jpeg\"><figure class=\"swiper-slide-inner\"><img decoding=\"async\" class=\"swiper-slide-image\" src=\"https:\/\/sp2aug.pl\/wp-content\/uploads\/2021\/05\/3-150x150.jpeg\" alt=\"3\" \/><\/figure><\/a><\/div><div class=\"swiper-slide\" role=\"group\" aria-roledescription=\"slide\" aria-label=\"4 z 6\"><a data-elementor-open-lightbox=\"yes\" data-elementor-lightbox-slideshow=\"274d9ab\" data-elementor-lightbox-title=\"4\" data-e-action-hash=\"#elementor-action%3Aaction%3Dlightbox%26settings%3DeyJpZCI6ODQ2OCwidXJsIjoiaHR0cHM6XC9cL3NwMmF1Zy5wbFwvd3AtY29udGVudFwvdXBsb2Fkc1wvMjAyMVwvMDVcLzQuanBlZyIsInNsaWRlc2hvdyI6IjI3NGQ5YWIifQ%3D%3D\" href=\"https:\/\/sp2aug.pl\/wp-content\/uploads\/2021\/05\/4.jpeg\"><figure class=\"swiper-slide-inner\"><img decoding=\"async\" class=\"swiper-slide-image\" src=\"https:\/\/sp2aug.pl\/wp-content\/uploads\/2021\/05\/4-150x150.jpeg\" alt=\"4\" \/><\/figure><\/a><\/div><div class=\"swiper-slide\" role=\"group\" aria-roledescription=\"slide\" aria-label=\"5 z 6\"><a data-elementor-open-lightbox=\"yes\" data-elementor-lightbox-slideshow=\"274d9ab\" data-elementor-lightbox-title=\"5\" data-e-action-hash=\"#elementor-action%3Aaction%3Dlightbox%26settings%3DeyJpZCI6ODQ2OSwidXJsIjoiaHR0cHM6XC9cL3NwMmF1Zy5wbFwvd3AtY29udGVudFwvdXBsb2Fkc1wvMjAyMVwvMDVcLzUuanBlZyIsInNsaWRlc2hvdyI6IjI3NGQ5YWIifQ%3D%3D\" href=\"https:\/\/sp2aug.pl\/wp-content\/uploads\/2021\/05\/5.jpeg\"><figure class=\"swiper-slide-inner\"><img decoding=\"async\" class=\"swiper-slide-image\" src=\"https:\/\/sp2aug.pl\/wp-content\/uploads\/2021\/05\/5-150x150.jpeg\" alt=\"5\" \/><\/figure><\/a><\/div><div class=\"swiper-slide\" role=\"group\" aria-roledescription=\"slide\" aria-label=\"6 z 6\"><a data-elementor-open-lightbox=\"yes\" data-elementor-lightbox-slideshow=\"274d9ab\" data-elementor-lightbox-title=\"6\" data-e-action-hash=\"#elementor-action%3Aaction%3Dlightbox%26settings%3DeyJpZCI6ODQ3MCwidXJsIjoiaHR0cHM6XC9cL3NwMmF1Zy5wbFwvd3AtY29udGVudFwvdXBsb2Fkc1wvMjAyMVwvMDVcLzYtNC5qcGciLCJzbGlkZXNob3ciOiIyNzRkOWFiIn0%3D\" href=\"https:\/\/sp2aug.pl\/wp-content\/uploads\/2021\/05\/6-4.jpg\"><figure class=\"swiper-slide-inner\"><img decoding=\"async\" class=\"swiper-slide-image\" src=\"https:\/\/sp2aug.pl\/wp-content\/uploads\/2021\/05\/6-4-150x150.jpg\" alt=\"6\" \/><\/figure><\/a><\/div>\t\t\t<\/div>\n\t\t\t\t\t\t\t\t\t\t\t\t<div class=\"elementor-swiper-button elementor-swiper-button-prev\" role=\"button\" tabindex=\"0\">\n\t\t\t\t\t\t<i aria-hidden=\"true\" class=\"eicon-chevron-left\"><\/i>\t\t\t\t\t<\/div>\n\t\t\t\t\t<div class=\"elementor-swiper-button elementor-swiper-button-next\" role=\"button\" tabindex=\"0\">\n\t\t\t\t\t\t<i aria-hidden=\"true\" class=\"eicon-chevron-right\"><\/i>\t\t\t\t\t<\/div>\n\t\t\t\t\n\t\t\t\t\t\t\t\t\t<div class=\"swiper-pagination\"><\/div>\n\t\t\t\t\t\t\t\t\t<\/div>\n\t\t\t\t\t\t<\/div>\n\t\t\t\t<\/div>\n\t\t\t\t\t<\/div>\n\t\t<\/div>\n\t\t\t\t\t<\/div>\n\t\t<\/section>\n\t\t\t\t<\/div>\n\t\t","protected":false},"excerpt":{"rendered":"<p>Dnia 28 maja 2021 r. w Kuratorium O\u015bwiaty w Bia\u0142ymstoku odby\u0142a si\u0119 uroczysto\u015b\u0107 z udzia\u0142em pana Dariusza Piontkowskiego- Wiceministra Edukacji i Nauki, kt\u00f3ra zgromadzi\u0142a nauczycieli uhonorowanych odznaczeniami pa\u0144stwowymi.\u00a0 W\u015br\u00f3d grona wyr\u00f3\u017cnionych nauczycieli by\u0142y nauczycielki z naszej szko\u0142y: pani Teresa Paczkowska&#8211; zosta\u0142a odznaczona Medalem Z\u0142otym za D\u0142ugoletni\u0105 S\u0142u\u017cb\u0119 oraz pani Beata Tomaszewska&#8211; zosta\u0142a odznaczona Br\u0105zowym Krzy\u017cem&hellip;<\/p>\n","protected":false},"author":1,"featured_media":0,"comment_status":"closed","ping_status":"closed","sticky":false,"template":"","format":"standard","meta":{"footnotes":""},"categories":[4],"tags":[],"class_list":["post-8464","post","type-post","status-publish","format-standard","hentry","category-archiwalne"],"_links":{"self":[{"href":"https:\/\/sp2aug.pl\/index.php\/wp-json\/wp\/v2\/posts\/8464","targetHints":{"allow":["GET"]}}],"collection":[{"href":"https:\/\/sp2aug.pl\/index.php\/wp-json\/wp\/v2\/posts"}],"about":[{"href":"https:\/\/sp2aug.pl\/index.php\/wp-json\/wp\/v2\/types\/post"}],"author":[{"embeddable":true,"href":"https:\/\/sp2aug.pl\/index.php\/wp-json\/wp\/v2\/users\/1"}],"replies":[{"embeddable":true,"href":"https:\/\/sp2aug.pl\/index.php\/wp-json\/wp\/v2\/comments?post=8464"}],"version-history":[{"count":2,"href":"https:\/\/sp2aug.pl\/index.php\/wp-json\/wp\/v2\/posts\/8464\/revisions"}],"predecessor-version":[{"id":8472,"href":"https:\/\/sp2aug.pl\/index.php\/wp-json\/wp\/v2\/posts\/8464\/revisions\/8472"}],"wp:attachment":[{"href":"https:\/\/sp2aug.pl\/index.php\/wp-json\/wp\/v2\/media?parent=8464"}],"wp:term":[{"taxonomy":"category","embeddable":true,"href":"https:\/\/sp2aug.pl\/index.php\/wp-json\/wp\/v2\/categories?post=8464"},{"taxonomy":"post_tag","embeddable":true,"href":"https:\/\/sp2aug.pl\/index.php\/wp-json\/wp\/v2\/tags?post=8464"}],"curies":[{"name":"wp","href":"https:\/\/api.w.org\/{rel}","templated":true}]}}