{"id":8291,"date":"2021-05-10T19:33:21","date_gmt":"2021-05-10T17:33:21","guid":{"rendered":"http:\/\/sp2aug.pl\/?p=8291"},"modified":"2021-05-10T19:34:21","modified_gmt":"2021-05-10T17:34:21","slug":"maja-prokop-laureatka-ogolnopolskiego-konkursu-literackiego","status":"publish","type":"post","link":"https:\/\/sp2aug.pl\/index.php\/2021\/05\/10\/maja-prokop-laureatka-ogolnopolskiego-konkursu-literackiego\/","title":{"rendered":"Maja Prokop- laureatk\u0105 Og\u00f3lnopolskiego Konkursu Literackiego!"},"content":{"rendered":"\t\t<div data-elementor-type=\"wp-post\" data-elementor-id=\"8291\" class=\"elementor elementor-8291\">\n\t\t\t\t\t\t<section class=\"elementor-section elementor-top-section elementor-element elementor-element-719283e elementor-section-boxed elementor-section-height-default elementor-section-height-default\" data-id=\"719283e\" data-element_type=\"section\">\n\t\t\t\t\t\t<div class=\"elementor-container elementor-column-gap-default\">\n\t\t\t\t\t<div class=\"elementor-column elementor-col-100 elementor-top-column elementor-element elementor-element-42126fb\" data-id=\"42126fb\" data-element_type=\"column\">\n\t\t\t<div class=\"elementor-widget-wrap elementor-element-populated\">\n\t\t\t\t\t\t<div class=\"elementor-element elementor-element-3eff293 elementor-widget elementor-widget-text-editor\" data-id=\"3eff293\" data-element_type=\"widget\" data-widget_type=\"text-editor.default\">\n\t\t\t\t<div class=\"elementor-widget-container\">\n\t\t\t\t\t\t\t\t\t<p>Od Kapitu\u0142y Konkursu wp\u0142yn\u0119\u0142o do nas pismo, kt\u00f3rego tre\u015b\u0107 przytaczam:<\/p><p><strong>Serdecznie gratulujemy zdobycia nagrody przez ucznia Pa\u0144stwa Szko\u0142y- Mai Prokop- w XI Og\u00f3lnopolskim Konkursie Literackim \u201eP\u0142yn\u0105\u0107 pod pr\u0105d\u201d. <\/strong><\/p><p><strong>Uprzejmie informujemy, \u017ce uroczyste wr\u0119czenie nagr\u00f3d laureatom planowane jest w pa\u017adzierniku 2021 roku podczas XXII Zjazdu Klubu Herbertowskich Szk\u00f3\u0142.<\/strong> Zapraszamy nagrodzonych uczni\u00f3w wraz z opiekunami.<\/p><p>Aktualne informacje znajduj\u0105 si\u0119 na stronie konkursowej:<\/p><p><a href=\"http:\/\/javatech.zsi.pwr.wroc.pl\/konkurs\/\">http:\/\/javatech.zsi.pwr.wroc.pl\/konkurs\/<\/a><\/p><p><strong>\u00a0<\/strong><strong>W tym roku do konkursu zg\u0142osi\u0142o si\u0119 254 uczni\u00f3w ze 181 szk\u00f3\u0142.<\/strong><\/p><p>Cz\u0142onkami Jury byli: mgr Katarzyna Borkowska, mgr Magdalena Domaga\u0142a, mgr Maria Drozdowska, mgr Jolanta G\u00f3reczna-Nowak, mgr Karolina Junik, mgr Lucyna Kasjanowicz, mgr Katarzyna Kawa\u0142ko-Pudlis, mgr El\u017cbieta Kielman, dr Anna Kondracka-Zieli\u0144ska, mgr Karolina Kropielnicka, mgr Ma\u0142gorzata Kr\u00f3l, mgr Anuncjata Kusz, mgr Beata Majchrzak, mgr Barbara Modrzejewska, mgr Barbara Por\u0119bska, mgr Ma\u0142gorzata Sakwerda, mgr Dorota Sobieraj, mgr Ma\u0142gorzata Stasiak, mgr Dorota Szemro-Aleksandrowicz, dr Sabina \u015awita\u0142a, mgr Anna Tracz-Molasy, mgr Ma\u0142gorzata Wi\u015bniewska-Olejnik, mgr Teresa Witkiewicz, mgr Agata Wodzi\u0144ska, mgr Ma\u0142gorzata Wo\u017aniak oraz mgr Ewa Zi\u0119tarska-Piotrowska. Jury oceni\u0142o nades\u0142ane prace i\u00a0przyzna\u0142o nast\u0119puj\u0105ce nagrody dla laureat\u00f3w oraz dyplomy uznania dla finalist\u00f3w:<\/p><p>\u00a0<strong>LAUREACI<\/strong><\/p><p><strong>Edycja 2021: nagrody w kategorii szk\u00f3\u0142 podstawowych \u2013 wiersz<\/strong><\/p><table><tbody><tr><td width=\"92\"><p>I nagroda<\/p><\/td><td width=\"524\"><p>Ma\u0142gorzata Godlewska ze Szko\u0142y Podstawowej im. \u015bw. Jadwigi \u015al\u0105skiej w \u017bernikach Wroc\u0142awskich za prac\u0119 pt. \u201eMosty\u201d<\/p><\/td><\/tr><tr><td width=\"92\"><p>II nagroda<\/p><\/td><td width=\"524\"><p>Weronika Wy\u017cli\u0144ska z Publicznej Szko\u0142y Podstawowej im. Gustawa Morcinka w Chr\u00f3\u015bcinie za prac\u0119 pt. \u201ePytania z pozoru proste\u201d<\/p><\/td><\/tr><tr><td width=\"92\"><p>III nagroda<\/p><\/td><td width=\"524\"><p>Piotr Cwajda ze Szko\u0142y Podstawowej nr 64 im. W\u0142adys\u0142awa Broniewskiego we Wroc\u0142awiu za prac\u0119 pt. \u201eBezcenne meldunki\u201d<\/p><\/td><\/tr><tr><td width=\"92\"><p>III nagroda<\/p><\/td><td width=\"524\"><p>Jana Kulik ze Szko\u0142y Podstawowej im. Bohater\u00f3w Warszawy w Podkowie Le\u015bnej za prac\u0119 pt. \u201ePrezent urodzinowy\u201d<\/p><\/td><\/tr><\/tbody><\/table><p><strong>\u00a0<\/strong><\/p><p><strong>Edycja 2021: nagrody w kategorii szk\u00f3\u0142 ponadpodstawowych \u2013 wiersz<\/strong><\/p><table><tbody><tr><td width=\"96\"><p>I nagroda<\/p><\/td><td width=\"520\"><p>Tomasz Grewenda z Uniwersyteckiego I Liceum Og\u00f3lnokszta\u0142c\u0105cego im. Juliusza S\u0142owackiego w Chorzowie za prac\u0119 pt. \u201eEntropia &#8211; Epitafium dla Ludwiga Boltzmanna\u201d<\/p><\/td><\/tr><tr><td width=\"96\"><p>II nagroda<\/p><\/td><td width=\"520\"><p>Magdalena Marja\u0144ska z NoBell Liceum w Konstancinie-Jeziornie za prac\u0119 pt. \u201eFranciszek Kujawski\u201d<\/p><\/td><\/tr><tr><td width=\"96\"><p>III nagroda<\/p><\/td><td width=\"520\"><p>Katarzyna Fija\u0142kowska z I Liceum Og\u00f3lnokszta\u0142c\u0105cego im. Boles\u0142awa Krzywoustego w S\u0142upsku za prac\u0119 pt. \u201eWidz\u0119 ci\u0119 w bia\u0142ym fartuszku\u201d<\/p><\/td><\/tr><\/tbody><\/table><p><strong>\u00a0<\/strong><\/p><p><strong>Edycja 2021: nagrody w kategorii szk\u00f3\u0142 podstawowych \u2013 proza<\/strong><\/p><table><tbody><tr><td width=\"96\"><p>I nagroda<\/p><\/td><td width=\"520\"><p>Natalia Broszko ze Szko\u0142y Podstawowej nr 4 im. Jana Matejki w Boles\u0142awcu za prac\u0119 pt. \u201eAnio\u0142 z cmentarza\u201d<\/p><\/td><\/tr><tr><td width=\"96\"><p>II nagroda<\/p><\/td><td width=\"520\"><p>Ma\u0142gorzata Godlewska ze Szko\u0142y Podstawowej im. \u015bw. Jadwigi \u015al\u0105skiej w \u017bernikach Wroc\u0142awskich za prac\u0119 pt. \u201eBro\u0144 nieoczywista\u201d<\/p><\/td><\/tr><tr><td width=\"96\"><p>II nagroda<\/p><\/td><td width=\"520\"><p>Wiktoria Kalinowska ze Szko\u0142y Podstawowej w Zespole Szkolno- Przedszkolnym w Halinowie za prac\u0119 pt. \u201eTrzy ma\u0142e dworce\u201d<\/p><\/td><\/tr><tr><td width=\"96\"><p><strong>III nagroda<\/strong><\/p><\/td><td width=\"520\"><p><strong>Maja Prokop ze Szko\u0142y Podstawowej nr 2 im. Zygmunta Augusta w Augustowie za prac\u0119 pt. \u201ePami\u0119tnik w bia\u0142o-niebieskiej ok\u0142adce\u201d<\/strong><\/p><\/td><\/tr><\/tbody><\/table><p>Serdecznie gratulujemy!<\/p><p><em>B.Tomaszewska<\/em><\/p><p>\u00a0<\/p>\t\t\t\t\t\t\t\t<\/div>\n\t\t\t\t<\/div>\n\t\t\t\t\t<\/div>\n\t\t<\/div>\n\t\t\t\t\t<\/div>\n\t\t<\/section>\n\t\t\t\t<\/div>\n\t\t","protected":false},"excerpt":{"rendered":"<p>Od Kapitu\u0142y Konkursu wp\u0142yn\u0119\u0142o do nas pismo, kt\u00f3rego tre\u015b\u0107 przytaczam: Serdecznie gratulujemy zdobycia nagrody przez ucznia Pa\u0144stwa Szko\u0142y- Mai Prokop- w XI Og\u00f3lnopolskim Konkursie Literackim \u201eP\u0142yn\u0105\u0107 pod pr\u0105d\u201d. Uprzejmie informujemy, \u017ce uroczyste wr\u0119czenie nagr\u00f3d laureatom planowane jest w pa\u017adzierniku 2021 roku podczas XXII Zjazdu Klubu Herbertowskich Szk\u00f3\u0142. Zapraszamy nagrodzonych uczni\u00f3w wraz z opiekunami. Aktualne informacje&hellip;<\/p>\n","protected":false},"author":1,"featured_media":0,"comment_status":"closed","ping_status":"closed","sticky":false,"template":"","format":"standard","meta":{"footnotes":""},"categories":[4],"tags":[],"class_list":["post-8291","post","type-post","status-publish","format-standard","hentry","category-archiwalne"],"_links":{"self":[{"href":"https:\/\/sp2aug.pl\/index.php\/wp-json\/wp\/v2\/posts\/8291","targetHints":{"allow":["GET"]}}],"collection":[{"href":"https:\/\/sp2aug.pl\/index.php\/wp-json\/wp\/v2\/posts"}],"about":[{"href":"https:\/\/sp2aug.pl\/index.php\/wp-json\/wp\/v2\/types\/post"}],"author":[{"embeddable":true,"href":"https:\/\/sp2aug.pl\/index.php\/wp-json\/wp\/v2\/users\/1"}],"replies":[{"embeddable":true,"href":"https:\/\/sp2aug.pl\/index.php\/wp-json\/wp\/v2\/comments?post=8291"}],"version-history":[{"count":2,"href":"https:\/\/sp2aug.pl\/index.php\/wp-json\/wp\/v2\/posts\/8291\/revisions"}],"predecessor-version":[{"id":8293,"href":"https:\/\/sp2aug.pl\/index.php\/wp-json\/wp\/v2\/posts\/8291\/revisions\/8293"}],"wp:attachment":[{"href":"https:\/\/sp2aug.pl\/index.php\/wp-json\/wp\/v2\/media?parent=8291"}],"wp:term":[{"taxonomy":"category","embeddable":true,"href":"https:\/\/sp2aug.pl\/index.php\/wp-json\/wp\/v2\/categories?post=8291"},{"taxonomy":"post_tag","embeddable":true,"href":"https:\/\/sp2aug.pl\/index.php\/wp-json\/wp\/v2\/tags?post=8291"}],"curies":[{"name":"wp","href":"https:\/\/api.w.org\/{rel}","templated":true}]}}