{"id":8220,"date":"2021-05-07T17:43:38","date_gmt":"2021-05-07T15:43:38","guid":{"rendered":"http:\/\/sp2aug.pl\/?p=8220"},"modified":"2021-05-07T17:44:55","modified_gmt":"2021-05-07T15:44:55","slug":"kurtyna-w-gore-odslaniamy-tajemnice-tegorocznego-konkursu-odyseja-umyslu","status":"publish","type":"post","link":"https:\/\/sp2aug.pl\/index.php\/2021\/05\/07\/kurtyna-w-gore-odslaniamy-tajemnice-tegorocznego-konkursu-odyseja-umyslu\/","title":{"rendered":"Kurtyna w g\u00f3r\u0119! Ods\u0142aniamy tajemnice tegorocznego konkursu Odyseja Umys\u0142u"},"content":{"rendered":"\t\t<div data-elementor-type=\"wp-post\" data-elementor-id=\"8220\" class=\"elementor elementor-8220\">\n\t\t\t\t\t\t<section class=\"elementor-section elementor-top-section elementor-element elementor-element-05a15ed elementor-section-boxed elementor-section-height-default elementor-section-height-default\" data-id=\"05a15ed\" data-element_type=\"section\">\n\t\t\t\t\t\t<div class=\"elementor-container elementor-column-gap-default\">\n\t\t\t\t\t<div class=\"elementor-column elementor-col-100 elementor-top-column elementor-element elementor-element-612c35f\" data-id=\"612c35f\" data-element_type=\"column\">\n\t\t\t<div class=\"elementor-widget-wrap elementor-element-populated\">\n\t\t\t\t\t\t<div class=\"elementor-element elementor-element-f229996 elementor-widget elementor-widget-text-editor\" data-id=\"f229996\" data-element_type=\"widget\" data-widget_type=\"text-editor.default\">\n\t\t\t\t<div class=\"elementor-widget-container\">\n\t\t\t\t\t\t\t\t\t<p>W ramach <strong>30.Fina\u0142u Og\u00f3lnopolskiego Konkursu Odyseja Umys\u0142u (to Konkurs Kreatywnego My\u015blenia) nad kt\u00f3rym patronat sprawuje Minister Edukacji Narodowej<\/strong> dwie <strong>Dru\u017cyny Odyseuszek z kl. 7 a oraz kl. 8 c<\/strong>, uczennic <strong>Szko\u0142y Podstawowej nr 2 im. Zygmunta Augusta<\/strong> w Augustowie, wybra\u0142y w tym roku <strong>Problem nr 3. pt. \u201eWitajcie w waszej bajce\u201d oraz \u201eProblem nr 5. pt. \u201eSkarpety bardzo super- wci\u0105g dalszy nast\u0105pi\u201d.<\/strong> Fabu\u0142\u0119 przedstawie\u0144 Odyseuszki wymy\u015bli\u0142y samodzielnie, zaprojektowa\u0142y i wykona\u0142y kostiumy oraz scenografi\u0119, bo taka jest idea konkursu, by Dru\u017cyna nie korzysta\u0142a z pomocy z zewn\u0105trz. W przedstawieniu, zgodnie z wytycznymi zadania, musia\u0142o wyst\u0105pi\u0107 ponad 20. element\u00f3w, kt\u00f3re zostan\u0105 ocenione przez S\u0119dzi\u00f3w. Wyniki konkursu poznamy niebawem, bo ju\u017c <strong>15 maja<\/strong>.<\/p>\n<p>W spektaklu przygotowanym przez Dru\u017cyn\u0119 dziewcz\u0105t z kl. 7 a pewna M\u0142oda Os\u00f3bka trafi do krainy ba\u015bni. Zapozna tam Nieprzeci\u0119tnego Przewodnika, kt\u00f3ry odkryje przed ni\u0105 \u015bwiat, gdzie wsp\u00f3\u0142istniej\u0105 ze sob\u0105 postacie oraz rzeczy z r\u00f3\u017cnych bajek. Z wizyty w owym miejscu m\u0142ody cz\u0142owiek wyniesie istotn\u0105 \u017cyciow\u0105 lekcj\u0119\u2026<strong>w naszym zamy\u015ble dotyczy ona warto\u015bci p\u0142yn\u0105cych z czytania ksi\u0105\u017cek. <\/strong>Ponadto w przedstawieniu musia\u0142y pojawi\u0107 si\u0119 rzeczy, kt\u00f3rych wykonanie zwi\u0105zane by\u0142o z wykorzystaniem sody oczyszczonej. Tak wi\u0119c w naszej prezentacji nie zabrak\u0142o tre\u015bci humanistycznych, naukowych oraz dydaktycznych. Warto te\u017c doda\u0107, \u017ce Dru\u017cyna pracuje w programie Odysei Umys\u0142u od czterech lat, a przygotowanie zadania trwa\u0142o szalone trzy miesi\u0105ce.<\/p>\n<p><strong>Obsada spektaklu: <\/strong><\/p>\n<p>Aleksandra Grochowska- M\u0142oda Os\u00f3bka<\/p>\n<p>Hanna Chodorska- Nieprzeci\u0119tny Przewodnik<\/p>\n<p>Marta Mojsiewicz- kr\u00f3lewna z bajki \u201eTrzej bracia i z\u0142ote jab\u0142ko\u201d<\/p>\n<p>Milena Wysocka- Ma\u0142gosia z bajki \u201eJa\u015b i Ma\u0142gosia\u201d<\/p>\n<p>Natalia Podhajska- Wiatr<\/p>\n<p>Weronika Citkowska- Kr\u00f3lowa \u015aniegu<\/p>\n<p>Dru\u017cyna druga, dziewczyny z kl. 8 c, musia\u0142a przygotowa\u0107 oryginalne przedstawienie, kt\u00f3rego akcj\u0119 otworzy \u201erozpocz\u0119cie w dramatycznym momencie\u201d, bo oto stworzony przez Dru\u017cyn\u0119 Superbohater znajdzie si\u0119 w trudnej sytuacji, ale odkryje, \u017ce po na\u0142o\u017ceniu Superskarpet (mog\u0142o to by\u0107 cokolwiek, co wymy\u015bli Dru\u017cyna) zdobywa zupe\u0142nie now\u0105, wyj\u0105tkow\u0105 moc. Wykorzystuj\u0105c j\u0105, wychodzi z tarapat\u00f3w i pokonuje Arcy-Adwersarza. W spektaklu dziewczyny musia\u0142y pokaza\u0107 ponadto sceneri\u0119 jakich\u015b ekstremalnych warunk\u00f3w pogodowych\u2026u nas jest to przyp\u0142yw Nadziei, pojawienie si\u0119 Pociesznej Postaci i efekt d\u017awi\u0119kowy- rozbrzmiewaj\u0105cy, ilekro\u0107 aktywowane by\u0142y Superskarpety.&nbsp; Dru\u017cyna Odyseuszek pracuje w programie od dw\u00f3ch lat i jest to ich debiut na konkursie.<\/p>\n<p><strong>Obsada spektaklu: <\/strong><\/p>\n<p>Aleksandra Siedlecka- Superbohater<\/p>\n<p>Julia Rozmys\u0142owicz- Arcy-Adwersarz<\/p>\n<p>Gabriela Sza\u0142wi\u0144ska- Pocieszna Posta\u0107<\/p>\n<p>Oliwia Piekarska- Bard<\/p>\n<p>Izabela Krukowska- Nadzieja<\/p>\n<p>Julia Kopania- Ekspresja<\/p>\n<p>Weronika Haraburda- Pomy\u015blnik<\/p>\n<p>W dniach 25 kwietnia i 2 maja Dru\u017cyny zmierzy\u0142y si\u0119 ponadto z zadaniem- niespodziank\u0105 tzw. <strong>\u201eSpontanem<\/strong>\u201d, na kt\u00f3rego rozwi\u0105zanie mia\u0142y ok. 30 minut. Towarzyszy\u0142am im, wi\u0119c wiem, \u017ce pomimo stresu, dziewczyny wykaza\u0142y si\u0119 refleksem i pomys\u0142owo\u015bci\u0105. Oczywi\u015bcie wszystko jest teraz w r\u0119kach S\u0119dzi\u00f3w, ale niezale\u017cnie od wyniku konkursu, moje Dru\u017cyny ju\u017c zwyci\u0119\u017cy\u0142y, poniewa\u017c ich zaanga\u017cowanie zas\u0142uguje na najwy\u017csze uznanie, a zasada Odysei Umys\u0142u: \u201eMarzymy, Tworzymy, Dzia\u0142amy\u201d w 200% towarzyszy\u0142a nam podczas kolejnych, tw\u00f3rczych spotka\u0144.<\/p>\n<p>Prac\u0119 nad spektaklami nadzorowa\u0142a: Beata Tomaszewska, trener programu Odyseja Umys\u0142u.<\/p>\n<p><\/p><br><p><\/p>\n<p><\/p>\t\t\t\t\t\t\t\t<\/div>\n\t\t\t\t<\/div>\n\t\t\t\t\t<\/div>\n\t\t<\/div>\n\t\t\t\t\t<\/div>\n\t\t<\/section>\n\t\t\t\t<\/div>\n\t\t","protected":false},"excerpt":{"rendered":"<p>W ramach 30.Fina\u0142u Og\u00f3lnopolskiego Konkursu Odyseja Umys\u0142u (to Konkurs Kreatywnego My\u015blenia) nad kt\u00f3rym patronat sprawuje Minister Edukacji Narodowej dwie Dru\u017cyny Odyseuszek z kl. 7 a oraz kl. 8 c, uczennic Szko\u0142y Podstawowej nr 2 im. Zygmunta Augusta w Augustowie, wybra\u0142y w tym roku Problem nr 3. pt. \u201eWitajcie w waszej bajce\u201d oraz \u201eProblem nr 5.&hellip;<\/p>\n","protected":false},"author":1,"featured_media":0,"comment_status":"closed","ping_status":"closed","sticky":false,"template":"","format":"standard","meta":{"footnotes":""},"categories":[4],"tags":[],"class_list":["post-8220","post","type-post","status-publish","format-standard","hentry","category-archiwalne"],"_links":{"self":[{"href":"https:\/\/sp2aug.pl\/index.php\/wp-json\/wp\/v2\/posts\/8220","targetHints":{"allow":["GET"]}}],"collection":[{"href":"https:\/\/sp2aug.pl\/index.php\/wp-json\/wp\/v2\/posts"}],"about":[{"href":"https:\/\/sp2aug.pl\/index.php\/wp-json\/wp\/v2\/types\/post"}],"author":[{"embeddable":true,"href":"https:\/\/sp2aug.pl\/index.php\/wp-json\/wp\/v2\/users\/1"}],"replies":[{"embeddable":true,"href":"https:\/\/sp2aug.pl\/index.php\/wp-json\/wp\/v2\/comments?post=8220"}],"version-history":[{"count":2,"href":"https:\/\/sp2aug.pl\/index.php\/wp-json\/wp\/v2\/posts\/8220\/revisions"}],"predecessor-version":[{"id":8222,"href":"https:\/\/sp2aug.pl\/index.php\/wp-json\/wp\/v2\/posts\/8220\/revisions\/8222"}],"wp:attachment":[{"href":"https:\/\/sp2aug.pl\/index.php\/wp-json\/wp\/v2\/media?parent=8220"}],"wp:term":[{"taxonomy":"category","embeddable":true,"href":"https:\/\/sp2aug.pl\/index.php\/wp-json\/wp\/v2\/categories?post=8220"},{"taxonomy":"post_tag","embeddable":true,"href":"https:\/\/sp2aug.pl\/index.php\/wp-json\/wp\/v2\/tags?post=8220"}],"curies":[{"name":"wp","href":"https:\/\/api.w.org\/{rel}","templated":true}]}}