{"id":8214,"date":"2021-05-06T18:12:17","date_gmt":"2021-05-06T16:12:17","guid":{"rendered":"http:\/\/sp2aug.pl\/?p=8214"},"modified":"2021-05-06T18:13:45","modified_gmt":"2021-05-06T16:13:45","slug":"akademickie-liceum-ogolnoksztalcace-politechniki-bialostockiej-zaprasza","status":"publish","type":"post","link":"https:\/\/sp2aug.pl\/index.php\/2021\/05\/06\/akademickie-liceum-ogolnoksztalcace-politechniki-bialostockiej-zaprasza\/","title":{"rendered":"Akademickie Liceum Og\u00f3lnokszta\u0142c\u0105ce Politechniki Bia\u0142ostockiej zaprasza"},"content":{"rendered":"\t\t<div data-elementor-type=\"wp-post\" data-elementor-id=\"8214\" class=\"elementor elementor-8214\">\n\t\t\t\t\t\t<section class=\"elementor-section elementor-top-section elementor-element elementor-element-20ed878 elementor-section-boxed elementor-section-height-default elementor-section-height-default\" data-id=\"20ed878\" data-element_type=\"section\">\n\t\t\t\t\t\t<div class=\"elementor-container elementor-column-gap-default\">\n\t\t\t\t\t<div class=\"elementor-column elementor-col-50 elementor-top-column elementor-element elementor-element-7ff87eb\" data-id=\"7ff87eb\" data-element_type=\"column\">\n\t\t\t<div class=\"elementor-widget-wrap elementor-element-populated\">\n\t\t\t\t\t\t<div class=\"elementor-element elementor-element-888d3ee elementor-widget elementor-widget-image\" data-id=\"888d3ee\" data-element_type=\"widget\" data-widget_type=\"image.default\">\n\t\t\t\t<div class=\"elementor-widget-container\">\n\t\t\t\t\t\t\t\t\t\t\t\t\t\t\t<img fetchpriority=\"high\" decoding=\"async\" width=\"800\" height=\"800\" src=\"https:\/\/sp2aug.pl\/wp-content\/uploads\/2021\/05\/lopoli.jpg\" class=\"attachment-large size-large wp-image-8215\" alt=\"\" srcset=\"https:\/\/sp2aug.pl\/wp-content\/uploads\/2021\/05\/lopoli.jpg 800w, https:\/\/sp2aug.pl\/wp-content\/uploads\/2021\/05\/lopoli-300x300.jpg 300w, https:\/\/sp2aug.pl\/wp-content\/uploads\/2021\/05\/lopoli-150x150.jpg 150w, https:\/\/sp2aug.pl\/wp-content\/uploads\/2021\/05\/lopoli-768x768.jpg 768w\" sizes=\"(max-width: 800px) 100vw, 800px\" \/>\t\t\t\t\t\t\t\t\t\t\t\t\t\t\t<\/div>\n\t\t\t\t<\/div>\n\t\t\t\t\t<\/div>\n\t\t<\/div>\n\t\t\t\t<div class=\"elementor-column elementor-col-50 elementor-top-column elementor-element elementor-element-9bd8bc1\" data-id=\"9bd8bc1\" data-element_type=\"column\">\n\t\t\t<div class=\"elementor-widget-wrap elementor-element-populated\">\n\t\t\t\t\t\t<div class=\"elementor-element elementor-element-315bd79 elementor-widget elementor-widget-text-editor\" data-id=\"315bd79\" data-element_type=\"widget\" data-widget_type=\"text-editor.default\">\n\t\t\t\t<div class=\"elementor-widget-container\">\n\t\t\t\t\t\t\t\t\t<p>Dzie\u0144 dobry,<\/p><p>\u00a0<\/p><p>Bardzo serdecznie zapraszam uczni\u00f3w Pa\u0144stwa szko\u0142y do wzi\u0119cia udzia\u0142u w wydarzeniu #poznajALOPB, kt\u00f3re jest swoistymi, wirtualnymi dniami otwartymi naszego Liceum. Prosz\u0119 o udost\u0119pnienie informacji wychowawcom, nauczycielom i uczniom oraz, w miar\u0119 mo\u017cliwo\u015bci, o udost\u0119pnienie wydarzenia na Pa\u0144stwa stronie na Facebooku oraz stronie szko\u0142y. Wydarzenie #poznajALOPB dost\u0119pne jest ju\u017c na naszej stronie na Facebooku:<\/p><p>\u00a0<\/p><p><a href=\"https:\/\/www.facebook.com\/LiceumPB\">https:\/\/www.facebook.com\/LiceumPB<\/a><\/p><p>\u00a0<\/p><p>stronie internetowej szko\u0142y:<\/p><p>\u00a0<\/p><p><a href=\"https:\/\/liceum.pb.edu.pl\/\">https:\/\/liceum.pb.edu.pl<\/a><\/p><p>\u00a0<\/p><p>oraz kanale YouTube:<\/p><p>\u00a0<\/p><p><a href=\"https:\/\/youtube.com\/playlist?list=PL7ybvYJHI7IGyNSx-l-8NXX3dH2Uk748F\">https:\/\/youtube.com\/playlist?list=PL7ybvYJHI7IGyNSx-l-8NXX3dH2Uk748F<\/a><\/p><p>\u00a0<\/p><p>Dodatkowo, z my\u015bl\u0105 o egzaminie \u00f3smoklasisty przygotowali\u015bmy podsumowanie najwa\u017cniejszych informacji o egzaminach z j\u0119zyka polskiego, matematyki oraz j\u0119zyka angielskiego: Ostatnie Szlify &#8211; Egzamin \u00d3smoklasisty z ALOPB. S\u0105 to om\u00f3wienia wymaga\u0144 egzaminacyjnych, arkuszy oraz najcz\u0119\u015bciej pojawiaj\u0105cych si\u0119 zada\u0144. Filmy udost\u0119pnione b\u0119d\u0105 na dwa tygodnie przed egzaminami, czyli odpowiednio:<\/p><p>\u00a0<\/p><p>&#8211; 11.05.2021 &#8211; J\u0118ZYK POLSKI (dr Marta Bia\u0142obrzeska)<\/p><p>&#8211; 12.05.2021 &#8211; MATEMATYKA (mgr Hubert Anisimowicz)<\/p><p>&#8211; 13.05.2021 &#8211; J\u0118ZYK ANGIELSKI (mgr Pawe\u0142 Malinowski)<\/p><p>\u00a0<\/p><p>To wydarzenie dost\u0119pne b\u0119dzie r\u00f3wnie\u017c na naszym Facebooku:<\/p><p>\u00a0<\/p><p><a href=\"https:\/\/fb.me\/e\/3NaQnwJfX\">https:\/\/fb.me\/e\/3NaQnwJfX<\/a><\/p><p>\u00a0<\/p><p>Akademickie Liceum Og\u00f3lnokszta\u0142c\u0105ce Politechniki Bia\u0142ostockiej jest szko\u0142\u0105 bezp\u0142atn\u0105, a rekrutacja odbywa si\u0119 poza miejskimi systemami rekrutacji. W tym roku nasi uczniowie dopiero po raz trzeci podchodz\u0105 do egzaminu maturalnego, ale ju\u017c mo\u017cemy pochwali\u0107 si\u0119 mocn\u0105, ugruntowan\u0105 pozycj\u0105, o czym \u015bwiadczy chocia\u017cby tytu\u0142 Z\u0142otej Szko\u0142y w rankingu czasopisma Perspektywy. Stuprocentowa zdawalno\u015b\u0107 matury, jedne z najwy\u017cszych wynik\u00f3w na egzaminie w wojew\u00f3dztwie podlaskim oraz liczne osi\u0105gni\u0119cia uczni\u00f3w w olimpiadach i konkursach niech b\u0119d\u0105 nasz\u0105 najlepsz\u0105 wizyt\u00f3wk\u0105.<\/p><p>\u00a0<\/p><p>\u0141\u0105cz\u0119 serdecznie pozdrowienia i zach\u0119cam do kontaktu<\/p><p>\u00a0<\/p><p>\u00a0<\/p><p>Tomasz Grzegorz Buczkowicz<\/p><p>dyrektor ds. programowych<\/p><p>Akademickiego Liceum Og\u00f3lnokszta\u0142c\u0105cego<\/p><p>Politechniki Bia\u0142ostockiej<\/p><p>tel. 85 746 71 33<\/p>\t\t\t\t\t\t\t\t<\/div>\n\t\t\t\t<\/div>\n\t\t\t\t\t<\/div>\n\t\t<\/div>\n\t\t\t\t\t<\/div>\n\t\t<\/section>\n\t\t\t\t<\/div>\n\t\t","protected":false},"excerpt":{"rendered":"<p>Dzie\u0144 dobry, \u00a0 Bardzo serdecznie zapraszam uczni\u00f3w Pa\u0144stwa szko\u0142y do wzi\u0119cia udzia\u0142u w wydarzeniu #poznajALOPB, kt\u00f3re jest swoistymi, wirtualnymi dniami otwartymi naszego Liceum. Prosz\u0119 o udost\u0119pnienie informacji wychowawcom, nauczycielom i uczniom oraz, w miar\u0119 mo\u017cliwo\u015bci, o udost\u0119pnienie wydarzenia na Pa\u0144stwa stronie na Facebooku oraz stronie szko\u0142y. Wydarzenie #poznajALOPB dost\u0119pne jest ju\u017c na naszej stronie na&hellip;<\/p>\n","protected":false},"author":1,"featured_media":0,"comment_status":"closed","ping_status":"closed","sticky":false,"template":"","format":"standard","meta":{"footnotes":""},"categories":[4],"tags":[],"class_list":["post-8214","post","type-post","status-publish","format-standard","hentry","category-archiwalne"],"_links":{"self":[{"href":"https:\/\/sp2aug.pl\/index.php\/wp-json\/wp\/v2\/posts\/8214","targetHints":{"allow":["GET"]}}],"collection":[{"href":"https:\/\/sp2aug.pl\/index.php\/wp-json\/wp\/v2\/posts"}],"about":[{"href":"https:\/\/sp2aug.pl\/index.php\/wp-json\/wp\/v2\/types\/post"}],"author":[{"embeddable":true,"href":"https:\/\/sp2aug.pl\/index.php\/wp-json\/wp\/v2\/users\/1"}],"replies":[{"embeddable":true,"href":"https:\/\/sp2aug.pl\/index.php\/wp-json\/wp\/v2\/comments?post=8214"}],"version-history":[{"count":2,"href":"https:\/\/sp2aug.pl\/index.php\/wp-json\/wp\/v2\/posts\/8214\/revisions"}],"predecessor-version":[{"id":8217,"href":"https:\/\/sp2aug.pl\/index.php\/wp-json\/wp\/v2\/posts\/8214\/revisions\/8217"}],"wp:attachment":[{"href":"https:\/\/sp2aug.pl\/index.php\/wp-json\/wp\/v2\/media?parent=8214"}],"wp:term":[{"taxonomy":"category","embeddable":true,"href":"https:\/\/sp2aug.pl\/index.php\/wp-json\/wp\/v2\/categories?post=8214"},{"taxonomy":"post_tag","embeddable":true,"href":"https:\/\/sp2aug.pl\/index.php\/wp-json\/wp\/v2\/tags?post=8214"}],"curies":[{"name":"wp","href":"https:\/\/api.w.org\/{rel}","templated":true}]}}