{"id":8050,"date":"2021-04-14T10:16:18","date_gmt":"2021-04-14T08:16:18","guid":{"rendered":"http:\/\/sp2aug.pl\/?p=8050"},"modified":"2021-04-18T17:48:03","modified_gmt":"2021-04-18T15:48:03","slug":"sukces-mai-prokop-na-powiatowym-konkursie-mlodego-aktora","status":"publish","type":"post","link":"https:\/\/sp2aug.pl\/index.php\/2021\/04\/14\/sukces-mai-prokop-na-powiatowym-konkursie-mlodego-aktora\/","title":{"rendered":"Sukces Mai Prokop na Powiatowym Konkursie M\u0142odego Aktora"},"content":{"rendered":"\t\t<div data-elementor-type=\"wp-post\" data-elementor-id=\"8050\" class=\"elementor elementor-8050\">\n\t\t\t\t\t\t<section class=\"elementor-section elementor-top-section elementor-element elementor-element-f84a59e elementor-section-boxed elementor-section-height-default elementor-section-height-default\" data-id=\"f84a59e\" data-element_type=\"section\">\n\t\t\t\t\t\t<div class=\"elementor-container elementor-column-gap-default\">\n\t\t\t\t\t<div class=\"elementor-column elementor-col-50 elementor-top-column elementor-element elementor-element-ad3a557\" data-id=\"ad3a557\" data-element_type=\"column\">\n\t\t\t<div class=\"elementor-widget-wrap elementor-element-populated\">\n\t\t\t\t\t\t<div class=\"elementor-element elementor-element-8f1fb65 elementor-widget elementor-widget-spacer\" data-id=\"8f1fb65\" data-element_type=\"widget\" data-widget_type=\"spacer.default\">\n\t\t\t\t<div class=\"elementor-widget-container\">\n\t\t\t\t\t\t\t<div class=\"elementor-spacer\">\n\t\t\t<div class=\"elementor-spacer-inner\"><\/div>\n\t\t<\/div>\n\t\t\t\t\t\t<\/div>\n\t\t\t\t<\/div>\n\t\t\t\t<div class=\"elementor-element elementor-element-cf738f9 elementor-widget elementor-widget-image\" data-id=\"cf738f9\" data-element_type=\"widget\" data-widget_type=\"image.default\">\n\t\t\t\t<div class=\"elementor-widget-container\">\n\t\t\t\t\t\t\t\t\t\t\t\t\t\t\t\t<a href=\"https:\/\/sp2aug.pl\/wp-content\/uploads\/2021\/04\/Maja-Prokop.jpg\" data-elementor-open-lightbox=\"yes\" data-elementor-lightbox-title=\"Maja Prokop\" data-e-action-hash=\"#elementor-action%3Aaction%3Dlightbox%26settings%3DeyJpZCI6ODA3NSwidXJsIjoiaHR0cHM6XC9cL3NwMmF1Zy5wbFwvd3AtY29udGVudFwvdXBsb2Fkc1wvMjAyMVwvMDRcL01hamEtUHJva29wLmpwZyJ9\">\n\t\t\t\t\t\t\t<img fetchpriority=\"high\" decoding=\"async\" width=\"800\" height=\"599\" src=\"https:\/\/sp2aug.pl\/wp-content\/uploads\/2021\/04\/Maja-Prokop.jpg\" class=\"attachment-large size-large wp-image-8075\" alt=\"\" srcset=\"https:\/\/sp2aug.pl\/wp-content\/uploads\/2021\/04\/Maja-Prokop.jpg 800w, https:\/\/sp2aug.pl\/wp-content\/uploads\/2021\/04\/Maja-Prokop-300x225.jpg 300w, https:\/\/sp2aug.pl\/wp-content\/uploads\/2021\/04\/Maja-Prokop-768x575.jpg 768w, https:\/\/sp2aug.pl\/wp-content\/uploads\/2021\/04\/Maja-Prokop-160x120.jpg 160w\" sizes=\"(max-width: 800px) 100vw, 800px\" \/>\t\t\t\t\t\t\t\t<\/a>\n\t\t\t\t\t\t\t\t\t\t\t\t\t\t\t<\/div>\n\t\t\t\t<\/div>\n\t\t\t\t\t<\/div>\n\t\t<\/div>\n\t\t\t\t<div class=\"elementor-column elementor-col-50 elementor-top-column elementor-element elementor-element-c19e2ce\" data-id=\"c19e2ce\" data-element_type=\"column\">\n\t\t\t<div class=\"elementor-widget-wrap elementor-element-populated\">\n\t\t\t\t\t\t<div class=\"elementor-element elementor-element-9101155 elementor-widget elementor-widget-text-editor\" data-id=\"9101155\" data-element_type=\"widget\" data-widget_type=\"text-editor.default\">\n\t\t\t\t<div class=\"elementor-widget-container\">\n\t\t\t\t\t\t\t\t\t<p><strong><br><\/strong><\/p>\n<p>Dnia 12 kwietnia odby\u0142a si\u0119 wirtualna ods\u0142ona XIX edycji Powiatowego Konkursu M\u0142odego Aktora (jej organizatorem jest I Liceum Og\u00f3lnokszta\u0142c\u0105ce w Augustowie), w kt\u00f3rej wzi\u0119\u0142a udzia\u0142 uczennica kl. 7 a- Maja Prokop. Maja musia\u0142a przygotowa\u0107 indywidualn\u0105 prezentacj\u0119 sceniczn\u0105, wzi\u0105\u0107 udzia\u0142 w zadaniu aktorskim oraz zespo\u0142owej prezentacji teatralnej. Jej wyst\u0119p by\u0142 starannie przygotowany i jury doceni\u0142o aktorskie umiej\u0119tno\u015bci naszej uczennicy, kt\u00f3ra <strong>zdoby\u0142a II miejsce. <\/strong><br><\/p><p>Gratuluj\u0119 Mai sukcesu i \u017cycz\u0119 dalszego rozwoju.<\/p>\n<p>Opiekun: B.Tomaszewska<\/p>\t\t\t\t\t\t\t\t<\/div>\n\t\t\t\t<\/div>\n\t\t\t\t\t<\/div>\n\t\t<\/div>\n\t\t\t\t\t<\/div>\n\t\t<\/section>\n\t\t\t\t<\/div>\n\t\t","protected":false},"excerpt":{"rendered":"<p>Dnia 12 kwietnia odby\u0142a si\u0119 wirtualna ods\u0142ona XIX edycji Powiatowego Konkursu M\u0142odego Aktora (jej organizatorem jest I Liceum Og\u00f3lnokszta\u0142c\u0105ce w Augustowie), w kt\u00f3rej wzi\u0119\u0142a udzia\u0142 uczennica kl. 7 a- Maja Prokop. Maja musia\u0142a przygotowa\u0107 indywidualn\u0105 prezentacj\u0119 sceniczn\u0105, wzi\u0105\u0107 udzia\u0142 w zadaniu aktorskim oraz zespo\u0142owej prezentacji teatralnej. Jej wyst\u0119p by\u0142 starannie przygotowany i jury doceni\u0142o aktorskie&hellip;<\/p>\n","protected":false},"author":1,"featured_media":0,"comment_status":"closed","ping_status":"closed","sticky":false,"template":"","format":"standard","meta":{"footnotes":""},"categories":[4],"tags":[],"class_list":["post-8050","post","type-post","status-publish","format-standard","hentry","category-archiwalne"],"_links":{"self":[{"href":"https:\/\/sp2aug.pl\/index.php\/wp-json\/wp\/v2\/posts\/8050","targetHints":{"allow":["GET"]}}],"collection":[{"href":"https:\/\/sp2aug.pl\/index.php\/wp-json\/wp\/v2\/posts"}],"about":[{"href":"https:\/\/sp2aug.pl\/index.php\/wp-json\/wp\/v2\/types\/post"}],"author":[{"embeddable":true,"href":"https:\/\/sp2aug.pl\/index.php\/wp-json\/wp\/v2\/users\/1"}],"replies":[{"embeddable":true,"href":"https:\/\/sp2aug.pl\/index.php\/wp-json\/wp\/v2\/comments?post=8050"}],"version-history":[{"count":4,"href":"https:\/\/sp2aug.pl\/index.php\/wp-json\/wp\/v2\/posts\/8050\/revisions"}],"predecessor-version":[{"id":8077,"href":"https:\/\/sp2aug.pl\/index.php\/wp-json\/wp\/v2\/posts\/8050\/revisions\/8077"}],"wp:attachment":[{"href":"https:\/\/sp2aug.pl\/index.php\/wp-json\/wp\/v2\/media?parent=8050"}],"wp:term":[{"taxonomy":"category","embeddable":true,"href":"https:\/\/sp2aug.pl\/index.php\/wp-json\/wp\/v2\/categories?post=8050"},{"taxonomy":"post_tag","embeddable":true,"href":"https:\/\/sp2aug.pl\/index.php\/wp-json\/wp\/v2\/tags?post=8050"}],"curies":[{"name":"wp","href":"https:\/\/api.w.org\/{rel}","templated":true}]}}