{"id":8041,"date":"2021-04-13T07:46:11","date_gmt":"2021-04-13T05:46:11","guid":{"rendered":"http:\/\/sp2aug.pl\/?p=8041"},"modified":"2021-04-13T07:46:58","modified_gmt":"2021-04-13T05:46:58","slug":"kwiecien-miesiacem-pamieci","status":"publish","type":"post","link":"https:\/\/sp2aug.pl\/index.php\/2021\/04\/13\/kwiecien-miesiacem-pamieci\/","title":{"rendered":"Kwiecie\u0144 \u2013 miesi\u0105cem pami\u0119ci"},"content":{"rendered":"\t\t<div data-elementor-type=\"wp-post\" data-elementor-id=\"8041\" class=\"elementor elementor-8041\">\n\t\t\t\t\t\t<section class=\"elementor-section elementor-top-section elementor-element elementor-element-4c495ed elementor-section-boxed elementor-section-height-default elementor-section-height-default\" data-id=\"4c495ed\" data-element_type=\"section\">\n\t\t\t\t\t\t<div class=\"elementor-container elementor-column-gap-default\">\n\t\t\t\t\t<div class=\"elementor-column elementor-col-100 elementor-top-column elementor-element elementor-element-1a91e6d\" data-id=\"1a91e6d\" data-element_type=\"column\">\n\t\t\t<div class=\"elementor-widget-wrap elementor-element-populated\">\n\t\t\t\t\t\t<div class=\"elementor-element elementor-element-7652b0f elementor-widget elementor-widget-text-editor\" data-id=\"7652b0f\" data-element_type=\"widget\" data-widget_type=\"text-editor.default\">\n\t\t\t\t<div class=\"elementor-widget-container\">\n\t\t\t\t\t\t\t\t\t<p>&nbsp; 13 kwietnia jako Dzie\u0144 Pami\u0119ci Ofiar Zbrodni Katy\u0144skiej zosta\u0142 ustanowiony przez Sejm 14 listopada 2007 roku. Upami\u0119tnia on rocznic\u0119 opublikowania przez Niemcy w 1943 roku informacji o odkryciu w Katyniu pod Smole\u0144skiem w Rosji, masowych grob\u00f3w oficer\u00f3w Wojska Polskiego.<\/p>\n<p>&nbsp;&nbsp;&nbsp;&nbsp;&nbsp;&nbsp; W nocy z 12 na 13 kwietnia 1940 r.&nbsp; rozpocz\u0119\u0142a si\u0119 druga deportacja, kt\u00f3ra obj\u0119\u0142a urz\u0119dnik\u00f3w pa\u0144stwowych, policjant\u00f3w, nauczycieli, dzia\u0142aczy politycznych i&nbsp;przedstawicieli ziemia\u0144stwa.<\/p>\n<p>&nbsp;&nbsp;&nbsp;&nbsp;&nbsp;&nbsp; Zachowajmy pami\u0119\u0107 o tych wydarzeniach. <br><\/p><p>Zapraszamy do obejrzenia prezentacji.<br><\/p>\t\t\t\t\t\t\t\t<\/div>\n\t\t\t\t<\/div>\n\t\t\t\t\t<\/div>\n\t\t<\/div>\n\t\t\t\t\t<\/div>\n\t\t<\/section>\n\t\t\t\t<\/div>\n\t\t","protected":false},"excerpt":{"rendered":"<p>&nbsp; 13 kwietnia jako Dzie\u0144 Pami\u0119ci Ofiar Zbrodni Katy\u0144skiej zosta\u0142 ustanowiony przez Sejm 14 listopada 2007 roku. Upami\u0119tnia on rocznic\u0119 opublikowania przez Niemcy w 1943 roku informacji o odkryciu w Katyniu pod Smole\u0144skiem w Rosji, masowych grob\u00f3w oficer\u00f3w Wojska Polskiego. &nbsp;&nbsp;&nbsp;&nbsp;&nbsp;&nbsp; W nocy z 12 na 13 kwietnia 1940 r.&nbsp; rozpocz\u0119\u0142a si\u0119 druga deportacja, kt\u00f3ra&hellip;<\/p>\n","protected":false},"author":1,"featured_media":0,"comment_status":"closed","ping_status":"closed","sticky":false,"template":"","format":"standard","meta":{"footnotes":""},"categories":[4],"tags":[],"class_list":["post-8041","post","type-post","status-publish","format-standard","hentry","category-archiwalne"],"_links":{"self":[{"href":"https:\/\/sp2aug.pl\/index.php\/wp-json\/wp\/v2\/posts\/8041","targetHints":{"allow":["GET"]}}],"collection":[{"href":"https:\/\/sp2aug.pl\/index.php\/wp-json\/wp\/v2\/posts"}],"about":[{"href":"https:\/\/sp2aug.pl\/index.php\/wp-json\/wp\/v2\/types\/post"}],"author":[{"embeddable":true,"href":"https:\/\/sp2aug.pl\/index.php\/wp-json\/wp\/v2\/users\/1"}],"replies":[{"embeddable":true,"href":"https:\/\/sp2aug.pl\/index.php\/wp-json\/wp\/v2\/comments?post=8041"}],"version-history":[{"count":2,"href":"https:\/\/sp2aug.pl\/index.php\/wp-json\/wp\/v2\/posts\/8041\/revisions"}],"predecessor-version":[{"id":8043,"href":"https:\/\/sp2aug.pl\/index.php\/wp-json\/wp\/v2\/posts\/8041\/revisions\/8043"}],"wp:attachment":[{"href":"https:\/\/sp2aug.pl\/index.php\/wp-json\/wp\/v2\/media?parent=8041"}],"wp:term":[{"taxonomy":"category","embeddable":true,"href":"https:\/\/sp2aug.pl\/index.php\/wp-json\/wp\/v2\/categories?post=8041"},{"taxonomy":"post_tag","embeddable":true,"href":"https:\/\/sp2aug.pl\/index.php\/wp-json\/wp\/v2\/tags?post=8041"}],"curies":[{"name":"wp","href":"https:\/\/api.w.org\/{rel}","templated":true}]}}