{"id":8030,"date":"2021-04-12T19:13:01","date_gmt":"2021-04-12T17:13:01","guid":{"rendered":"http:\/\/sp2aug.pl\/?p=8030"},"modified":"2021-04-12T19:21:01","modified_gmt":"2021-04-12T17:21:01","slug":"konkurs-plastyczny-kanal-augustowski","status":"publish","type":"post","link":"https:\/\/sp2aug.pl\/index.php\/2021\/04\/12\/konkurs-plastyczny-kanal-augustowski\/","title":{"rendered":"Konkurs plastyczny \u201eKana\u0142 Augustowski\u201d"},"content":{"rendered":"\t\t<div data-elementor-type=\"wp-post\" data-elementor-id=\"8030\" class=\"elementor elementor-8030\">\n\t\t\t\t\t\t<section class=\"elementor-section elementor-top-section elementor-element elementor-element-5891ad1 elementor-section-boxed elementor-section-height-default elementor-section-height-default\" data-id=\"5891ad1\" data-element_type=\"section\">\n\t\t\t\t\t\t<div class=\"elementor-container elementor-column-gap-default\">\n\t\t\t\t\t<div class=\"elementor-column elementor-col-100 elementor-top-column elementor-element elementor-element-6382d7d\" data-id=\"6382d7d\" data-element_type=\"column\">\n\t\t\t<div class=\"elementor-widget-wrap elementor-element-populated\">\n\t\t\t\t\t\t<div class=\"elementor-element elementor-element-76b5380 elementor-widget elementor-widget-text-editor\" data-id=\"76b5380\" data-element_type=\"widget\" data-widget_type=\"text-editor.default\">\n\t\t\t\t<div class=\"elementor-widget-container\">\n\t\t\t\t\t\t\t\t\t<p><strong>Organizator:<\/strong><\/p><p>Augustowskie plac\u00f3wki kultury-Miejska Biblioteka Publiczna- Filia Biblioteczna Nr 2 w Augustowie<\/p><p>Konkurs og\u0142oszono w zwi\u0105zku ze spotkaniem \u201eOpowie\u015b\u0107 o Kanale Augustowskim\u201d z cyklu \u201ePogaw\u0119dki na Komunalnej\u201d<\/p><p>\u00a0<\/p><p><strong>Cele: <\/strong><\/p><ul><li>Pobudzenie wyobra\u017ani tw\u00f3rczej, rozwijanie i doskonalenie warsztatu plastycznego<\/li><li>Promowanie i rozpowszechnianie zainteresowa\u0144 dzieci histori\u0105 Kana\u0142u Augustowskiego<\/li><li>Zach\u0119cenie dzieci do korzystania ze zbior\u00f3w Biblioteki<\/li><\/ul><p>\u00a0<\/p><p><strong>\u00a0 Warunki uczestnictwa:\u00a0\u00a0\u00a0\u00a0\u00a0 <\/strong><\/p><p>\u00a0<\/p><p>Konkurs przeznaczony jest dla dzieci w wieku 10-13 lat.<\/p><p>Ka\u017cdy uczestnik samodzielnie wykonuje jedn\u0105 prac\u0119.<\/p><p>Prace nale\u017cy przedstawi\u0107 w formacie A3 w dowolnej technice plastycznej: malarskiej (akwarele, olej, tempera), rysunku, kola\u017cu, wyklejanki, origami p\u0142askie. Przy tworzeniu wyklucza si\u0119 u\u017cycie materia\u0142\u00f3w sypkich (kaszy, ry\u017cu, m\u0105ki itp.). Prace, kt\u00f3re b\u0119d\u0105 zawiera\u0142y t\u0119 technik\u0119 nie b\u0119d\u0105 brane pod uwag\u0119.<\/p><p>Ka\u017cdy rysunek powinien by\u0107 opatrzony informacj\u0105 : imi\u0119 i nazwisko autora pracy, wiek, imi\u0119 i nazwisko oraz telefon opiekuna \/rodzica.<\/p><p>Prace dzieci oraz podpisane przez rodzic\u00f3w RODO ( zgody na przetwarzanie danych osobowych) prosimy dostarczy\u0107 do Miejskiej Biblioteki Publicznej w Augustowie przy ul. Ho\u017cej 7 oraz do Filii Bibliotecznej Nr 2 przy ul. Komunalnej 2 w Augustowie do dnia 30.04.2021 r.<\/p><p>\u00a0<\/p><p><strong>Podsumowanie konkursu:<\/strong><\/p><p>\u00a0<\/p><ol><li>Oceny prac dokona jury powo\u0142ane przez organizatora konkursu.<\/li><li>Podsumowanie nast\u0105pi z ko\u0144cem kwietnia 2021r.<\/li><li>Konkurs zostanie zako\u0144czony wystaw\u0105 najlepszych prac i wr\u0119czeniem nagr\u00f3d.<\/li><\/ol><p>Bli\u017csze informacje pod numerem telefonu 87\u00a0643 21 78<\/p><p>\u00a0<\/p><p>Zapraszamy do wzi\u0119cia udzia\u0142u<\/p><p>\u00a0<\/p><p><strong>Organizatorzy<\/strong><\/p>\t\t\t\t\t\t\t\t<\/div>\n\t\t\t\t<\/div>\n\t\t\t\t\t<\/div>\n\t\t<\/div>\n\t\t\t\t\t<\/div>\n\t\t<\/section>\n\t\t\t\t<section class=\"elementor-section elementor-top-section elementor-element elementor-element-22e871c elementor-section-boxed elementor-section-height-default elementor-section-height-default\" data-id=\"22e871c\" data-element_type=\"section\">\n\t\t\t\t\t\t<div class=\"elementor-container elementor-column-gap-default\">\n\t\t\t\t\t<div class=\"elementor-column elementor-col-100 elementor-top-column elementor-element elementor-element-b059a64\" data-id=\"b059a64\" data-element_type=\"column\">\n\t\t\t<div class=\"elementor-widget-wrap elementor-element-populated\">\n\t\t\t\t\t\t<div class=\"elementor-element elementor-element-971084a elementor-align-center elementor-widget elementor-widget-button\" data-id=\"971084a\" data-element_type=\"widget\" data-widget_type=\"button.default\">\n\t\t\t\t<div class=\"elementor-widget-container\">\n\t\t\t\t\t\t\t\t\t<div class=\"elementor-button-wrapper\">\n\t\t\t\t\t<a class=\"elementor-button elementor-button-link elementor-size-md\" href=\"https:\/\/sp2aug.pl\/Aktualnosci\/zgodakanal.pdf\" target=\"_blank\">\n\t\t\t\t\t\t<span class=\"elementor-button-content-wrapper\">\n\t\t\t\t\t\t\t\t\t<span class=\"elementor-button-text\">Zgoda na przetwarzanie danych osobowych<\/span>\n\t\t\t\t\t<\/span>\n\t\t\t\t\t<\/a>\n\t\t\t\t<\/div>\n\t\t\t\t\t\t\t\t<\/div>\n\t\t\t\t<\/div>\n\t\t\t\t\t<\/div>\n\t\t<\/div>\n\t\t\t\t\t<\/div>\n\t\t<\/section>\n\t\t\t\t<\/div>\n\t\t","protected":false},"excerpt":{"rendered":"<p>Organizator: Augustowskie plac\u00f3wki kultury-Miejska Biblioteka Publiczna- Filia Biblioteczna Nr 2 w Augustowie Konkurs og\u0142oszono w zwi\u0105zku ze spotkaniem \u201eOpowie\u015b\u0107 o Kanale Augustowskim\u201d z cyklu \u201ePogaw\u0119dki na Komunalnej\u201d \u00a0 Cele: Pobudzenie wyobra\u017ani tw\u00f3rczej, rozwijanie i doskonalenie warsztatu plastycznego Promowanie i rozpowszechnianie zainteresowa\u0144 dzieci histori\u0105 Kana\u0142u Augustowskiego Zach\u0119cenie dzieci do korzystania ze zbior\u00f3w Biblioteki \u00a0 \u00a0 Warunki&hellip;<\/p>\n","protected":false},"author":1,"featured_media":0,"comment_status":"closed","ping_status":"closed","sticky":false,"template":"","format":"standard","meta":{"footnotes":""},"categories":[4],"tags":[],"class_list":["post-8030","post","type-post","status-publish","format-standard","hentry","category-archiwalne"],"_links":{"self":[{"href":"https:\/\/sp2aug.pl\/index.php\/wp-json\/wp\/v2\/posts\/8030","targetHints":{"allow":["GET"]}}],"collection":[{"href":"https:\/\/sp2aug.pl\/index.php\/wp-json\/wp\/v2\/posts"}],"about":[{"href":"https:\/\/sp2aug.pl\/index.php\/wp-json\/wp\/v2\/types\/post"}],"author":[{"embeddable":true,"href":"https:\/\/sp2aug.pl\/index.php\/wp-json\/wp\/v2\/users\/1"}],"replies":[{"embeddable":true,"href":"https:\/\/sp2aug.pl\/index.php\/wp-json\/wp\/v2\/comments?post=8030"}],"version-history":[{"count":2,"href":"https:\/\/sp2aug.pl\/index.php\/wp-json\/wp\/v2\/posts\/8030\/revisions"}],"predecessor-version":[{"id":8032,"href":"https:\/\/sp2aug.pl\/index.php\/wp-json\/wp\/v2\/posts\/8030\/revisions\/8032"}],"wp:attachment":[{"href":"https:\/\/sp2aug.pl\/index.php\/wp-json\/wp\/v2\/media?parent=8030"}],"wp:term":[{"taxonomy":"category","embeddable":true,"href":"https:\/\/sp2aug.pl\/index.php\/wp-json\/wp\/v2\/categories?post=8030"},{"taxonomy":"post_tag","embeddable":true,"href":"https:\/\/sp2aug.pl\/index.php\/wp-json\/wp\/v2\/tags?post=8030"}],"curies":[{"name":"wp","href":"https:\/\/api.w.org\/{rel}","templated":true}]}}