{"id":7507,"date":"2021-02-09T18:59:48","date_gmt":"2021-02-09T17:59:48","guid":{"rendered":"http:\/\/sp2aug.pl\/?p=7507"},"modified":"2021-02-09T19:01:04","modified_gmt":"2021-02-09T18:01:04","slug":"konkurs-historyczny-o-sybirakach","status":"publish","type":"post","link":"https:\/\/sp2aug.pl\/index.php\/2021\/02\/09\/konkurs-historyczny-o-sybirakach\/","title":{"rendered":"Konkurs historyczny o Sybirakach"},"content":{"rendered":"\t\t<div data-elementor-type=\"wp-post\" data-elementor-id=\"7507\" class=\"elementor elementor-7507\">\n\t\t\t\t\t\t<section class=\"elementor-section elementor-top-section elementor-element elementor-element-9b3d6be elementor-section-boxed elementor-section-height-default elementor-section-height-default\" data-id=\"9b3d6be\" data-element_type=\"section\">\n\t\t\t\t\t\t<div class=\"elementor-container elementor-column-gap-default\">\n\t\t\t\t\t<div class=\"elementor-column elementor-col-100 elementor-top-column elementor-element elementor-element-86c3358\" data-id=\"86c3358\" data-element_type=\"column\">\n\t\t\t<div class=\"elementor-widget-wrap elementor-element-populated\">\n\t\t\t\t\t\t<div class=\"elementor-element elementor-element-55f3823 elementor-widget elementor-widget-text-editor\" data-id=\"55f3823\" data-element_type=\"widget\" data-widget_type=\"text-editor.default\">\n\t\t\t\t<div class=\"elementor-widget-container\">\n\t\t\t\t\t\t\t\t\t<p>Zapraszam do udzia\u0142u w konkursie historycznym o Sybirakach.<br \/>10 lutego 2021 r. przypada 81 rocznica pierwszej deportacji na Sybir mieszka\u0144c\u00f3w Ziemi Augustowskiej. Niekt\u00f3rzy z Was zapewne maj\u0105 w swoich rodzinach Sybirak\u00f3w, by\u0107 mo\u017ce podczas spotka\u0144 rodzinnych wspominaj\u0105 o historii zes\u0142a\u0144.<br \/>Cele konkursu:<br \/>&#8211; upowszechnienie wiedzy o Sybirakach, o okoliczno\u015bciach zes\u0142ania i trudnych warunkach egzystencji daleko od Polski;<br \/>&#8211; wzbudzenie zainteresowania histori\u0105 lokaln\u0105 oraz przesz\u0142o\u015bci\u0105 swojej rodziny;<br \/>&#8211; po\u0142\u0105czenie wiedzy historycznej z umiejetnosciami IT;<br \/>&#8211; kontyuowanie pami\u0119ci o Sybirakach i wa\u017cnym elemencie z historii regionu, Polski i Europy.<br \/>Zasady konkursu:<br \/>1. Mo\u017cna b\u0119dzie zdoby\u0107 tytu\u0142 mistrza zada\u0144 o tematyce historii wsp\u00f3\u0142czesnej w trzech kategoriach:<br \/>a) Mistrza generatora krzy\u017c\u00f3wek w dziedzinie historii wsp\u00f3\u0142czesnej,<br \/>b) Mistrza QR w dziedzinie historii wsp\u00f3\u0142czesnej,<br \/>c) Mistrza \u0142amig\u0142\u00f3wek w dziedzinie historii wsp\u00f3\u0142czesnej.<br \/>2. Zadania b\u0119d\u0105 udost\u0119pnione 10 lutego 2021 r. i pierwsi uczniowie, kt\u00f3rzy nade\u015bl\u0105 prawid\u0142owe rozwi\u0105zania, otrzymaj\u0105 pochwa\u0142y, oceny cz\u0105stkowe z historii lub z wiedzy o spo\u0142ecze\u0144stwie oraz wirtualne dyplomy zwyci\u0119zc\u00f3w.<br \/><br \/>Wszystkie zadania, krzy\u017c\u00f3wki, \u0142amig\u0142\u00f3wki u\u0142o\u017cyli uczniowie ko\u0142a historycznego.<\/p><p>Danuta\u00a0 J. Gregorowicz<\/p>\t\t\t\t\t\t\t\t<\/div>\n\t\t\t\t<\/div>\n\t\t\t\t\t<\/div>\n\t\t<\/div>\n\t\t\t\t\t<\/div>\n\t\t<\/section>\n\t\t\t\t<\/div>\n\t\t","protected":false},"excerpt":{"rendered":"<p>Zapraszam do udzia\u0142u w konkursie historycznym o Sybirakach.10 lutego 2021 r. przypada 81 rocznica pierwszej deportacji na Sybir mieszka\u0144c\u00f3w Ziemi Augustowskiej. Niekt\u00f3rzy z Was zapewne maj\u0105 w swoich rodzinach Sybirak\u00f3w, by\u0107 mo\u017ce podczas spotka\u0144 rodzinnych wspominaj\u0105 o historii zes\u0142a\u0144.Cele konkursu:&#8211; upowszechnienie wiedzy o Sybirakach, o okoliczno\u015bciach zes\u0142ania i trudnych warunkach egzystencji daleko od Polski;&#8211; wzbudzenie&hellip;<\/p>\n","protected":false},"author":1,"featured_media":0,"comment_status":"closed","ping_status":"closed","sticky":false,"template":"","format":"standard","meta":{"footnotes":""},"categories":[4],"tags":[],"class_list":["post-7507","post","type-post","status-publish","format-standard","hentry","category-archiwalne"],"_links":{"self":[{"href":"https:\/\/sp2aug.pl\/index.php\/wp-json\/wp\/v2\/posts\/7507","targetHints":{"allow":["GET"]}}],"collection":[{"href":"https:\/\/sp2aug.pl\/index.php\/wp-json\/wp\/v2\/posts"}],"about":[{"href":"https:\/\/sp2aug.pl\/index.php\/wp-json\/wp\/v2\/types\/post"}],"author":[{"embeddable":true,"href":"https:\/\/sp2aug.pl\/index.php\/wp-json\/wp\/v2\/users\/1"}],"replies":[{"embeddable":true,"href":"https:\/\/sp2aug.pl\/index.php\/wp-json\/wp\/v2\/comments?post=7507"}],"version-history":[{"count":2,"href":"https:\/\/sp2aug.pl\/index.php\/wp-json\/wp\/v2\/posts\/7507\/revisions"}],"predecessor-version":[{"id":7509,"href":"https:\/\/sp2aug.pl\/index.php\/wp-json\/wp\/v2\/posts\/7507\/revisions\/7509"}],"wp:attachment":[{"href":"https:\/\/sp2aug.pl\/index.php\/wp-json\/wp\/v2\/media?parent=7507"}],"wp:term":[{"taxonomy":"category","embeddable":true,"href":"https:\/\/sp2aug.pl\/index.php\/wp-json\/wp\/v2\/categories?post=7507"},{"taxonomy":"post_tag","embeddable":true,"href":"https:\/\/sp2aug.pl\/index.php\/wp-json\/wp\/v2\/tags?post=7507"}],"curies":[{"name":"wp","href":"https:\/\/api.w.org\/{rel}","templated":true}]}}