{"id":7450,"date":"2021-02-08T11:38:50","date_gmt":"2021-02-08T10:38:50","guid":{"rendered":"http:\/\/sp2aug.pl\/?p=7450"},"modified":"2021-02-08T11:40:50","modified_gmt":"2021-02-08T10:40:50","slug":"dzien-bezpiecznego-internetu-9-luty-2021","status":"publish","type":"post","link":"https:\/\/sp2aug.pl\/index.php\/2021\/02\/08\/dzien-bezpiecznego-internetu-9-luty-2021\/","title":{"rendered":"Dzie\u0144 Bezpiecznego Internetu 9 luty 2021"},"content":{"rendered":"\t\t<div data-elementor-type=\"wp-post\" data-elementor-id=\"7450\" class=\"elementor elementor-7450\">\n\t\t\t\t\t\t<section class=\"elementor-section elementor-top-section elementor-element elementor-element-b04badb elementor-section-boxed elementor-section-height-default elementor-section-height-default\" data-id=\"b04badb\" data-element_type=\"section\">\n\t\t\t\t\t\t<div class=\"elementor-container elementor-column-gap-default\">\n\t\t\t\t\t<div class=\"elementor-column elementor-col-50 elementor-top-column elementor-element elementor-element-2eba2ae\" data-id=\"2eba2ae\" data-element_type=\"column\">\n\t\t\t<div class=\"elementor-widget-wrap elementor-element-populated\">\n\t\t\t\t\t\t<div class=\"elementor-element elementor-element-c610f79 elementor-widget elementor-widget-image\" data-id=\"c610f79\" data-element_type=\"widget\" data-widget_type=\"image.default\">\n\t\t\t\t<div class=\"elementor-widget-container\">\n\t\t\t\t\t\t\t\t\t\t\t\t\t\t\t<img fetchpriority=\"high\" decoding=\"async\" width=\"450\" height=\"259\" src=\"https:\/\/sp2aug.pl\/wp-content\/uploads\/2021\/02\/450x259.png\" class=\"attachment-large size-large wp-image-7451\" alt=\"\" srcset=\"https:\/\/sp2aug.pl\/wp-content\/uploads\/2021\/02\/450x259.png 450w, https:\/\/sp2aug.pl\/wp-content\/uploads\/2021\/02\/450x259-300x173.png 300w\" sizes=\"(max-width: 450px) 100vw, 450px\" \/>\t\t\t\t\t\t\t\t\t\t\t\t\t\t\t<\/div>\n\t\t\t\t<\/div>\n\t\t\t\t\t<\/div>\n\t\t<\/div>\n\t\t\t\t<div class=\"elementor-column elementor-col-50 elementor-top-column elementor-element elementor-element-a88a7e8\" data-id=\"a88a7e8\" data-element_type=\"column\">\n\t\t\t<div class=\"elementor-widget-wrap elementor-element-populated\">\n\t\t\t\t\t\t<div class=\"elementor-element elementor-element-070c5be elementor-widget elementor-widget-text-editor\" data-id=\"070c5be\" data-element_type=\"widget\" data-widget_type=\"text-editor.default\">\n\t\t\t\t<div class=\"elementor-widget-container\">\n\t\t\t\t\t\t\t\t\t<p><strong>Dzie\u0144 Bezpiecznego Internetu<\/strong>\u00a0<strong>(DBI)<\/strong>\u00a0obchodzony jest z inicjatywy Komisji Europejskiej od 2004 roku. Pocz\u0105tkowo wydarzenie to \u015bwi\u0119towa\u0142y jedynie pa\u0144stwa europejskie, ale ju\u017c od lat DBI przekracza granice Europy anga\u017cuj\u0105c\u00a0<strong>pa\u0144stwa<\/strong>\u00a0<strong>z ca\u0142ego \u015bwiata<\/strong>. Z pe\u0142n\u0105 list\u0105 zaanga\u017cowanych pa\u0144stw i instytucji oraz podj\u0119tymi przez nie dzia\u0142aniami mo\u017cna zapozna\u0107 si\u0119 na stronie\u00a0<strong><a href=\"https:\/\/www.saferinternetday.org\/\" target=\"_blank\" rel=\"noopener\">www.saferinternetday.org<\/a><\/strong>.\u00a0<br \/>\u00a0<br \/>Organizatorem wydarzenia w Polsce od 2005 roku jest\u00a0<strong>Polskie Centrum Programu Safer Internet<\/strong>\u00a0(PCPSI), kt\u00f3re tworz\u0105 pa\u0144stwowy instytut badawczy\u00a0<a href=\"https:\/\/nask.pl\/\" target=\"_blank\" rel=\"noopener\"><strong>NASK<\/strong><\/a>\u00a0oraz\u00a0<strong><a href=\"https:\/\/fdds.pl\/\" target=\"_blank\" rel=\"noopener\">Fundacja Dajemy Dzieciom Si\u0142<\/a><\/strong><a href=\"https:\/\/fdds.pl\/\" target=\"_blank\" rel=\"noopener\"><strong>\u0119<\/strong><\/a>\u00a0\u2013 realizatorzy unijnego programu\u00a0\u201e\u0141\u0105cz\u0105c Europ\u0119\u201d (ang. Connecting Europe Facility &#8211; CEF). G\u0142\u00f3wnym partnerem wydarzenia jest\u00a0<a href=\"https:\/\/fundacja.orange.pl\/\" target=\"_blank\" rel=\"noopener\"><strong>Fundacja Orange<\/strong><\/a>. Wydarzenie partonatem honorowym obj\u0105\u0142 Prezes Rady Ministr\u00f3w &#8211; Mateusz Morawiecki. Patrnerami akcji zosta\u0142y firmy: Facebook, Google, Samsung, Librus oraz Elektrownia Powi\u015ble.<br \/>\u00a0<br \/><strong>Dzie\u0144 Bezpiecznego Internetu 2021<\/strong>\u00a0obchodzi\u0107 b\u0119dziemy\u00a0<strong>9 lutego<\/strong>.<br \/>\u00a0<br \/>DBI ma na celu przede wszystkim inicjowanie i propagowanie dzia\u0142a\u0144 na rzecz bezpiecznego dost\u0119pu dzieci i m\u0142odzie\u017cy do zasob\u00f3w internetowych, zaznajomienie rodzic\u00f3w, nauczycieli i wychowawc\u00f3w z problematyk\u0105 bezpiecze\u0144stwa online oraz promocj\u0119 pozytywnego wykorzystywania internetu.\u00a0<\/p>\t\t\t\t\t\t\t\t<\/div>\n\t\t\t\t<\/div>\n\t\t\t\t\t<\/div>\n\t\t<\/div>\n\t\t\t\t\t<\/div>\n\t\t<\/section>\n\t\t\t\t<\/div>\n\t\t","protected":false},"excerpt":{"rendered":"<p>Dzie\u0144 Bezpiecznego Internetu\u00a0(DBI)\u00a0obchodzony jest z inicjatywy Komisji Europejskiej od 2004 roku. Pocz\u0105tkowo wydarzenie to \u015bwi\u0119towa\u0142y jedynie pa\u0144stwa europejskie, ale ju\u017c od lat DBI przekracza granice Europy anga\u017cuj\u0105c\u00a0pa\u0144stwa\u00a0z ca\u0142ego \u015bwiata. Z pe\u0142n\u0105 list\u0105 zaanga\u017cowanych pa\u0144stw i instytucji oraz podj\u0119tymi przez nie dzia\u0142aniami mo\u017cna zapozna\u0107 si\u0119 na stronie\u00a0www.saferinternetday.org.\u00a0\u00a0Organizatorem wydarzenia w Polsce od 2005 roku jest\u00a0Polskie Centrum Programu&hellip;<\/p>\n","protected":false},"author":1,"featured_media":0,"comment_status":"closed","ping_status":"closed","sticky":false,"template":"","format":"standard","meta":{"footnotes":""},"categories":[4],"tags":[],"class_list":["post-7450","post","type-post","status-publish","format-standard","hentry","category-archiwalne"],"_links":{"self":[{"href":"https:\/\/sp2aug.pl\/index.php\/wp-json\/wp\/v2\/posts\/7450","targetHints":{"allow":["GET"]}}],"collection":[{"href":"https:\/\/sp2aug.pl\/index.php\/wp-json\/wp\/v2\/posts"}],"about":[{"href":"https:\/\/sp2aug.pl\/index.php\/wp-json\/wp\/v2\/types\/post"}],"author":[{"embeddable":true,"href":"https:\/\/sp2aug.pl\/index.php\/wp-json\/wp\/v2\/users\/1"}],"replies":[{"embeddable":true,"href":"https:\/\/sp2aug.pl\/index.php\/wp-json\/wp\/v2\/comments?post=7450"}],"version-history":[{"count":2,"href":"https:\/\/sp2aug.pl\/index.php\/wp-json\/wp\/v2\/posts\/7450\/revisions"}],"predecessor-version":[{"id":7453,"href":"https:\/\/sp2aug.pl\/index.php\/wp-json\/wp\/v2\/posts\/7450\/revisions\/7453"}],"wp:attachment":[{"href":"https:\/\/sp2aug.pl\/index.php\/wp-json\/wp\/v2\/media?parent=7450"}],"wp:term":[{"taxonomy":"category","embeddable":true,"href":"https:\/\/sp2aug.pl\/index.php\/wp-json\/wp\/v2\/categories?post=7450"},{"taxonomy":"post_tag","embeddable":true,"href":"https:\/\/sp2aug.pl\/index.php\/wp-json\/wp\/v2\/tags?post=7450"}],"curies":[{"name":"wp","href":"https:\/\/api.w.org\/{rel}","templated":true}]}}