{"id":7185,"date":"2020-12-16T10:12:18","date_gmt":"2020-12-16T09:12:18","guid":{"rendered":"http:\/\/sp2aug.pl\/?p=7185"},"modified":"2020-12-16T10:14:16","modified_gmt":"2020-12-16T09:14:16","slug":"ii-szkolna-debata-o-prawach-czlowieka-z-wiedzy-o-spoleczenstwie","status":"publish","type":"post","link":"https:\/\/sp2aug.pl\/index.php\/2020\/12\/16\/ii-szkolna-debata-o-prawach-czlowieka-z-wiedzy-o-spoleczenstwie\/","title":{"rendered":"II Szkolna Debata o Prawach Cz\u0142owieka  z wiedzy o spo\u0142ecze\u0144stwie"},"content":{"rendered":"\t\t<div data-elementor-type=\"wp-post\" data-elementor-id=\"7185\" class=\"elementor elementor-7185\">\n\t\t\t\t\t\t<section class=\"elementor-section elementor-top-section elementor-element elementor-element-657ce46 elementor-section-boxed elementor-section-height-default elementor-section-height-default\" data-id=\"657ce46\" data-element_type=\"section\">\n\t\t\t\t\t\t<div class=\"elementor-container elementor-column-gap-default\">\n\t\t\t\t\t<div class=\"elementor-column elementor-col-100 elementor-top-column elementor-element elementor-element-f9f04a4\" data-id=\"f9f04a4\" data-element_type=\"column\">\n\t\t\t<div class=\"elementor-widget-wrap elementor-element-populated\">\n\t\t\t\t\t\t<div class=\"elementor-element elementor-element-64bfd9c elementor-widget elementor-widget-text-editor\" data-id=\"64bfd9c\" data-element_type=\"widget\" data-widget_type=\"text-editor.default\">\n\t\t\t\t<div class=\"elementor-widget-container\">\n\t\t\t\t\t\t\t\t\t<p>\u00a0\u00a0\u00a0\u00a0\u00a0\u00a0 10 grudnia obchodzili\u015bmy Mi\u0119dzynarodowy Dzie\u0144 Praw Cz\u0142owieka w rocznic\u0119 podpisania Powszechnej Deklaracji Praw Cz\u0142owieka w 1948 roku. Wszyscy ludzie rodz\u0105 si\u0119 wolni i r\u00f3wni pod wzgl\u0119dem swej godno\u015bci i swych praw, a ka\u017cdy cz\u0142owiek ma prawo do \u017cycia, wolno\u015bci i bezpiecze\u0144stwa swej osoby \u2013 te fundamentalne dla ka\u017cdego warto\u015bci s\u0105 zawarte w Powszechnej Deklaracji Praw Cz\u0142owieka og\u0142oszonej 10 grudnia 1948 r. na obraduj\u0105cej w Pary\u017cu Trzeciej Sesji Og\u00f3lnego Zgromadzenia ONZ.<br \/>\u00a0\u00a0\u00a0\u00a0\u00a0\u00a0 Historia pokazuje, jak wiele os\u00f3b z r\u00f3\u017cnych kontynent\u00f3w i kultur dzia\u0142a\u0142o w obronie praw i wolno\u015bci cz\u0142owieka. Podczas r\u00f3\u017cnych konflikt\u00f3w wielu z nich dozna\u0142o prze\u015bladowa\u0144, skazywanych by\u0142o na d\u0142ugoletnie wyroki wi\u0119zienia lub nawet kar\u0119 \u015bmierci. Uczniowie poruszyli te\u017c deportacje na Sybir, kt\u00f3re obj\u0119\u0142y mieszka\u0144c\u00f3w Ziemi Augustowskiej podczas II wojny \u015bwiatowej.<\/p><p>\u00a0\u00a0\u00a0\u00a0\u00a0\u00a0 Uczniowie klas \u00f3smych przygotowali projekty edukacyjne w ramach zaj\u0119\u0107 wiedzy o spo\u0142ecze\u0144stwie. Zaprezentowali swoje prace on-line podczas wsp\u00f3lnej debaty.<\/p><p>Grupy projektowe mia\u0142y dwa miesi\u0105ce na realizacj\u0119 projektu. Ka\u017cdy zesp\u00f3\u0142 m\u00f3g\u0142 wybra\u0107 przyk\u0142ady z historii praw cz\u0142owieka oraz wsp\u00f3\u0142czesne zagadnienia dotycz\u0105ce nieprzestrzegania praw.<\/p><p>\u00a0\u00a0\u00a0\u00a0\u00a0\u00a0 Podczas debaty uczniowie wykazali si\u0119 nie tylko znajomo\u015bci\u0105 IT oraz wiedz\u0105 z przedmiotu , argumentacj\u0105,\u00a0 kultur\u0105 s\u0142owa, ale r\u00f3wnie\u017c wra\u017cliwo\u015bci\u0105 na potrzeby drugiego cz\u0142owieka.\u00a0 Uczniowie, kt\u00f3rzy wyr\u00f3\u017cnili si\u0119 w dyskusji on-line otrzymali pochwa\u0142y i oceny celuj\u0105ce jako oceny cz\u0105stkowe z przedmiotu.<\/p><p>\u00a0\u00a0\u00a0\u00a0\u00a0\u00a0 Pani Dyrektor Agnieszka Renata Milanowska podzi\u0119kowa\u0142a wszystkim uczestnikom debaty za zaanga\u017cowanie i znajomo\u015b\u0107 prezentowanej tematyki.<\/p><p>\u00a0\u00a0\u00a0\u00a0\u00a0\u00a0 Dyrekcja szko\u0142y, wychowawcy, pedagodzy i historycy otrzymali linki z zaproszeniem na debat\u0119 on-line. By\u0142o to drugie w historii szko\u0142y takie du\u017ce wirtualne przedsi\u0119wzi\u0119cie.<\/p><p><br \/><br \/><\/p><p>Debat\u0119 prowadzi\u0142a: <em>Danuta Gregorowicz<\/em><\/p><p><em>Zdj\u0119cia wykonali: Adam Mojsiewicz i Julia Zawacka, uczniowie klas VIII.<\/em><\/p>\t\t\t\t\t\t\t\t<\/div>\n\t\t\t\t<\/div>\n\t\t\t\t\t<\/div>\n\t\t<\/div>\n\t\t\t\t\t<\/div>\n\t\t<\/section>\n\t\t\t\t<section class=\"elementor-section elementor-top-section elementor-element elementor-element-8935f51 elementor-section-boxed elementor-section-height-default elementor-section-height-default\" data-id=\"8935f51\" data-element_type=\"section\">\n\t\t\t\t\t\t<div class=\"elementor-container elementor-column-gap-default\">\n\t\t\t\t\t<div class=\"elementor-column elementor-col-100 elementor-top-column elementor-element elementor-element-303a5e4\" data-id=\"303a5e4\" data-element_type=\"column\">\n\t\t\t<div class=\"elementor-widget-wrap elementor-element-populated\">\n\t\t\t\t\t\t<div class=\"elementor-element elementor-element-3d90080 elementor-arrows-position-inside elementor-pagination-position-outside elementor-widget elementor-widget-image-carousel\" data-id=\"3d90080\" data-element_type=\"widget\" data-settings=\"{&quot;navigation&quot;:&quot;both&quot;,&quot;autoplay&quot;:&quot;yes&quot;,&quot;pause_on_hover&quot;:&quot;yes&quot;,&quot;pause_on_interaction&quot;:&quot;yes&quot;,&quot;autoplay_speed&quot;:5000,&quot;infinite&quot;:&quot;yes&quot;,&quot;speed&quot;:500}\" data-widget_type=\"image-carousel.default\">\n\t\t\t\t<div class=\"elementor-widget-container\">\n\t\t\t\t\t\t\t<div class=\"elementor-image-carousel-wrapper swiper\" role=\"region\" aria-roledescription=\"carousel\" aria-label=\"Karuzela obrazk\u00f3w\" dir=\"ltr\">\n\t\t\t<div class=\"elementor-image-carousel swiper-wrapper\" aria-live=\"off\">\n\t\t\t\t\t\t\t\t<div class=\"swiper-slide\" role=\"group\" aria-roledescription=\"slide\" aria-label=\"1 z 4\"><a data-elementor-open-lightbox=\"yes\" data-elementor-lightbox-slideshow=\"3d90080\" data-elementor-lightbox-title=\"1\" data-e-action-hash=\"#elementor-action%3Aaction%3Dlightbox%26settings%3DeyJpZCI6NzE4NiwidXJsIjoiaHR0cHM6XC9cL3NwMmF1Zy5wbFwvd3AtY29udGVudFwvdXBsb2Fkc1wvMjAyMFwvMTJcLzEtMS5wbmciLCJzbGlkZXNob3ciOiIzZDkwMDgwIn0%3D\" href=\"https:\/\/sp2aug.pl\/wp-content\/uploads\/2020\/12\/1-1.png\"><figure class=\"swiper-slide-inner\"><img decoding=\"async\" class=\"swiper-slide-image\" src=\"https:\/\/sp2aug.pl\/wp-content\/uploads\/2020\/12\/1-1-150x150.png\" alt=\"1\" \/><\/figure><\/a><\/div><div class=\"swiper-slide\" role=\"group\" aria-roledescription=\"slide\" aria-label=\"2 z 4\"><a data-elementor-open-lightbox=\"yes\" data-elementor-lightbox-slideshow=\"3d90080\" data-elementor-lightbox-title=\"2\" data-e-action-hash=\"#elementor-action%3Aaction%3Dlightbox%26settings%3DeyJpZCI6NzE4NywidXJsIjoiaHR0cHM6XC9cL3NwMmF1Zy5wbFwvd3AtY29udGVudFwvdXBsb2Fkc1wvMjAyMFwvMTJcLzIucG5nIiwic2xpZGVzaG93IjoiM2Q5MDA4MCJ9\" href=\"https:\/\/sp2aug.pl\/wp-content\/uploads\/2020\/12\/2.png\"><figure class=\"swiper-slide-inner\"><img decoding=\"async\" class=\"swiper-slide-image\" src=\"https:\/\/sp2aug.pl\/wp-content\/uploads\/2020\/12\/2-150x150.png\" alt=\"2\" \/><\/figure><\/a><\/div><div class=\"swiper-slide\" role=\"group\" aria-roledescription=\"slide\" aria-label=\"3 z 4\"><a data-elementor-open-lightbox=\"yes\" data-elementor-lightbox-slideshow=\"3d90080\" data-elementor-lightbox-title=\"3\" data-e-action-hash=\"#elementor-action%3Aaction%3Dlightbox%26settings%3DeyJpZCI6NzE4OCwidXJsIjoiaHR0cHM6XC9cL3NwMmF1Zy5wbFwvd3AtY29udGVudFwvdXBsb2Fkc1wvMjAyMFwvMTJcLzMucG5nIiwic2xpZGVzaG93IjoiM2Q5MDA4MCJ9\" href=\"https:\/\/sp2aug.pl\/wp-content\/uploads\/2020\/12\/3.png\"><figure class=\"swiper-slide-inner\"><img decoding=\"async\" class=\"swiper-slide-image\" src=\"https:\/\/sp2aug.pl\/wp-content\/uploads\/2020\/12\/3-150x150.png\" alt=\"3\" \/><\/figure><\/a><\/div><div class=\"swiper-slide\" role=\"group\" aria-roledescription=\"slide\" aria-label=\"4 z 4\"><a data-elementor-open-lightbox=\"yes\" data-elementor-lightbox-slideshow=\"3d90080\" data-elementor-lightbox-title=\"4\" data-e-action-hash=\"#elementor-action%3Aaction%3Dlightbox%26settings%3DeyJpZCI6NzE4OSwidXJsIjoiaHR0cHM6XC9cL3NwMmF1Zy5wbFwvd3AtY29udGVudFwvdXBsb2Fkc1wvMjAyMFwvMTJcLzQucG5nIiwic2xpZGVzaG93IjoiM2Q5MDA4MCJ9\" href=\"https:\/\/sp2aug.pl\/wp-content\/uploads\/2020\/12\/4.png\"><figure class=\"swiper-slide-inner\"><img decoding=\"async\" class=\"swiper-slide-image\" src=\"https:\/\/sp2aug.pl\/wp-content\/uploads\/2020\/12\/4-150x150.png\" alt=\"4\" \/><\/figure><\/a><\/div>\t\t\t<\/div>\n\t\t\t\t\t\t\t\t\t\t\t\t<div class=\"elementor-swiper-button elementor-swiper-button-prev\" role=\"button\" tabindex=\"0\">\n\t\t\t\t\t\t<i aria-hidden=\"true\" class=\"eicon-chevron-left\"><\/i>\t\t\t\t\t<\/div>\n\t\t\t\t\t<div class=\"elementor-swiper-button elementor-swiper-button-next\" role=\"button\" tabindex=\"0\">\n\t\t\t\t\t\t<i aria-hidden=\"true\" class=\"eicon-chevron-right\"><\/i>\t\t\t\t\t<\/div>\n\t\t\t\t\n\t\t\t\t\t\t\t\t\t<div class=\"swiper-pagination\"><\/div>\n\t\t\t\t\t\t\t\t\t<\/div>\n\t\t\t\t\t\t<\/div>\n\t\t\t\t<\/div>\n\t\t\t\t\t<\/div>\n\t\t<\/div>\n\t\t\t\t\t<\/div>\n\t\t<\/section>\n\t\t\t\t<\/div>\n\t\t","protected":false},"excerpt":{"rendered":"<p>\u00a0\u00a0\u00a0\u00a0\u00a0\u00a0 10 grudnia obchodzili\u015bmy Mi\u0119dzynarodowy Dzie\u0144 Praw Cz\u0142owieka w rocznic\u0119 podpisania Powszechnej Deklaracji Praw Cz\u0142owieka w 1948 roku. Wszyscy ludzie rodz\u0105 si\u0119 wolni i r\u00f3wni pod wzgl\u0119dem swej godno\u015bci i swych praw, a ka\u017cdy cz\u0142owiek ma prawo do \u017cycia, wolno\u015bci i bezpiecze\u0144stwa swej osoby \u2013 te fundamentalne dla ka\u017cdego warto\u015bci s\u0105 zawarte w Powszechnej Deklaracji&hellip;<\/p>\n","protected":false},"author":1,"featured_media":0,"comment_status":"closed","ping_status":"closed","sticky":false,"template":"","format":"standard","meta":{"footnotes":""},"categories":[4],"tags":[],"class_list":["post-7185","post","type-post","status-publish","format-standard","hentry","category-archiwalne"],"_links":{"self":[{"href":"https:\/\/sp2aug.pl\/index.php\/wp-json\/wp\/v2\/posts\/7185","targetHints":{"allow":["GET"]}}],"collection":[{"href":"https:\/\/sp2aug.pl\/index.php\/wp-json\/wp\/v2\/posts"}],"about":[{"href":"https:\/\/sp2aug.pl\/index.php\/wp-json\/wp\/v2\/types\/post"}],"author":[{"embeddable":true,"href":"https:\/\/sp2aug.pl\/index.php\/wp-json\/wp\/v2\/users\/1"}],"replies":[{"embeddable":true,"href":"https:\/\/sp2aug.pl\/index.php\/wp-json\/wp\/v2\/comments?post=7185"}],"version-history":[{"count":2,"href":"https:\/\/sp2aug.pl\/index.php\/wp-json\/wp\/v2\/posts\/7185\/revisions"}],"predecessor-version":[{"id":7191,"href":"https:\/\/sp2aug.pl\/index.php\/wp-json\/wp\/v2\/posts\/7185\/revisions\/7191"}],"wp:attachment":[{"href":"https:\/\/sp2aug.pl\/index.php\/wp-json\/wp\/v2\/media?parent=7185"}],"wp:term":[{"taxonomy":"category","embeddable":true,"href":"https:\/\/sp2aug.pl\/index.php\/wp-json\/wp\/v2\/categories?post=7185"},{"taxonomy":"post_tag","embeddable":true,"href":"https:\/\/sp2aug.pl\/index.php\/wp-json\/wp\/v2\/tags?post=7185"}],"curies":[{"name":"wp","href":"https:\/\/api.w.org\/{rel}","templated":true}]}}