{"id":7129,"date":"2020-12-15T15:59:26","date_gmt":"2020-12-15T14:59:26","guid":{"rendered":"http:\/\/sp2aug.pl\/?p=7129"},"modified":"2020-12-15T16:01:23","modified_gmt":"2020-12-15T15:01:23","slug":"konkurs-na-najpiekniejszy-kalendarz-adwentowy","status":"publish","type":"post","link":"https:\/\/sp2aug.pl\/index.php\/2020\/12\/15\/konkurs-na-najpiekniejszy-kalendarz-adwentowy\/","title":{"rendered":"Konkurs na najpi\u0119kniejszy Kalendarz adwentowy"},"content":{"rendered":"\t\t<div data-elementor-type=\"wp-post\" data-elementor-id=\"7129\" class=\"elementor elementor-7129\">\n\t\t\t\t\t\t<section class=\"elementor-section elementor-top-section elementor-element elementor-element-71178c3 elementor-section-boxed elementor-section-height-default elementor-section-height-default\" data-id=\"71178c3\" data-element_type=\"section\">\n\t\t\t\t\t\t<div class=\"elementor-container elementor-column-gap-default\">\n\t\t\t\t\t<div class=\"elementor-column elementor-col-100 elementor-top-column elementor-element elementor-element-54404ac\" data-id=\"54404ac\" data-element_type=\"column\">\n\t\t\t<div class=\"elementor-widget-wrap elementor-element-populated\">\n\t\t\t\t\t\t<div class=\"elementor-element elementor-element-099d914 elementor-widget elementor-widget-text-editor\" data-id=\"099d914\" data-element_type=\"widget\" data-widget_type=\"text-editor.default\">\n\t\t\t\t<div class=\"elementor-widget-container\">\n\t\t\t\t\t\t\t\t\t<p>Kalendarz adwentowy to tradycja pochodz\u0105ca z Niemiec. Tam te\u017c mo\u017cna podziwia\u0107 jego najwi\u0119kszy \u201emodel\u201d \u00ad w miasteczku Gengenbach na okres Adwentu w kalendarz zamienia si\u0119 Ratusz.<\/p><p>Zosta\u0142 on stworzony, by odmierza\u0107 czas. Odlicza on kolejne dni pomi\u0119dzy pierwszym dniem Adwentu a Wigili\u0105 Bo\u017cego Narodzenia. Pokazuje zbli\u017canie si\u0119 tego wyj\u0105tkowego magicznego dnia, pot\u0119guj\u0105c uczucie radosnego oczekiwania. Ka\u017cdy kolejny dzie\u0144 mo\u017ce nie\u015b\u0107 ze sob\u0105 now\u0105 nauk\u0119. Mo\u017ce te\u017c zawiera\u0107 zadanie b\u0105d\u017a postanowienie na czas adwentu,\u00a0 a mo\u017ce nowe s\u0142\u00f3wko z niemieckiego?<\/p><p>Uczniowie klas 7 i 8 mieli za zadanie wykona\u0107 kalendarz: wed\u0142ug w\u0142asnego pomys\u0142u, dowoln\u0105 technik\u0105, uwzgl\u0119dniaj\u0105c 24 okienka i ich numeracj\u0119.<\/p><p>Postanowi\u0142am nie przyznawa\u0107 miejsc a wyr\u00f3\u017cni\u0107 wszystkie prace:<\/p><p>Oliwia Piekarska \u2013 klasa 8c<\/p><p>Micha\u0142 Zyskowski \u2013 klasa 8a<\/p><p>Oliwia D\u0119bska \u2013 klasa 7a<\/p><p>Justyna Leszczy\u0144ska \u2013 klasa 7d<\/p><p>Dominik Szyndler \u2013 klasa 7b<\/p><p>Natalia Pawi\u0144ska \u2013 klasa 7e<\/p><p>\u00a0<\/p><p>Danke sch\u00f6n.<\/p><p>Eure Deutschlehrerin<\/p><p>Aneta Grzesiukiewicz<\/p>\t\t\t\t\t\t\t\t<\/div>\n\t\t\t\t<\/div>\n\t\t\t\t\t<\/div>\n\t\t<\/div>\n\t\t\t\t\t<\/div>\n\t\t<\/section>\n\t\t\t\t<section class=\"elementor-section elementor-top-section elementor-element elementor-element-41d3f3a elementor-section-boxed elementor-section-height-default elementor-section-height-default\" data-id=\"41d3f3a\" data-element_type=\"section\">\n\t\t\t\t\t\t<div class=\"elementor-container elementor-column-gap-default\">\n\t\t\t\t\t<div class=\"elementor-column elementor-col-100 elementor-top-column elementor-element elementor-element-18c100c\" data-id=\"18c100c\" data-element_type=\"column\">\n\t\t\t<div class=\"elementor-widget-wrap elementor-element-populated\">\n\t\t\t\t\t\t<div class=\"elementor-element elementor-element-d013bbd elementor-arrows-position-inside elementor-pagination-position-outside elementor-widget elementor-widget-image-carousel\" data-id=\"d013bbd\" data-element_type=\"widget\" data-settings=\"{&quot;navigation&quot;:&quot;both&quot;,&quot;autoplay&quot;:&quot;yes&quot;,&quot;pause_on_hover&quot;:&quot;yes&quot;,&quot;pause_on_interaction&quot;:&quot;yes&quot;,&quot;autoplay_speed&quot;:5000,&quot;infinite&quot;:&quot;yes&quot;,&quot;speed&quot;:500}\" data-widget_type=\"image-carousel.default\">\n\t\t\t\t<div class=\"elementor-widget-container\">\n\t\t\t\t\t\t\t<div class=\"elementor-image-carousel-wrapper swiper\" role=\"region\" aria-roledescription=\"carousel\" aria-label=\"Karuzela obrazk\u00f3w\" dir=\"ltr\">\n\t\t\t<div class=\"elementor-image-carousel swiper-wrapper\" aria-live=\"off\">\n\t\t\t\t\t\t\t\t<div class=\"swiper-slide\" role=\"group\" aria-roledescription=\"slide\" aria-label=\"1 z 6\"><a data-elementor-open-lightbox=\"yes\" data-elementor-lightbox-slideshow=\"d013bbd\" data-elementor-lightbox-title=\"Dominik Szyndler\" data-e-action-hash=\"#elementor-action%3Aaction%3Dlightbox%26settings%3DeyJpZCI6NzEzMCwidXJsIjoiaHR0cHM6XC9cL3NwMmF1Zy5wbFwvd3AtY29udGVudFwvdXBsb2Fkc1wvMjAyMFwvMTJcL0RvbWluaWstU3p5bmRsZXIuanBnIiwic2xpZGVzaG93IjoiZDAxM2JiZCJ9\" href=\"https:\/\/sp2aug.pl\/wp-content\/uploads\/2020\/12\/Dominik-Szyndler.jpg\"><figure class=\"swiper-slide-inner\"><img decoding=\"async\" class=\"swiper-slide-image\" src=\"https:\/\/sp2aug.pl\/wp-content\/uploads\/2020\/12\/Dominik-Szyndler-150x150.jpg\" alt=\"Dominik Szyndler\" \/><\/figure><\/a><\/div><div class=\"swiper-slide\" role=\"group\" aria-roledescription=\"slide\" aria-label=\"2 z 6\"><a data-elementor-open-lightbox=\"yes\" data-elementor-lightbox-slideshow=\"d013bbd\" data-elementor-lightbox-title=\"Justyna Leszczy\u0144ska\" data-e-action-hash=\"#elementor-action%3Aaction%3Dlightbox%26settings%3DeyJpZCI6NzEzMSwidXJsIjoiaHR0cHM6XC9cL3NwMmF1Zy5wbFwvd3AtY29udGVudFwvdXBsb2Fkc1wvMjAyMFwvMTJcL0p1c3R5bmEtTGVzemN6eW5za2EuanBnIiwic2xpZGVzaG93IjoiZDAxM2JiZCJ9\" href=\"https:\/\/sp2aug.pl\/wp-content\/uploads\/2020\/12\/Justyna-Leszczynska.jpg\"><figure class=\"swiper-slide-inner\"><img decoding=\"async\" class=\"swiper-slide-image\" src=\"https:\/\/sp2aug.pl\/wp-content\/uploads\/2020\/12\/Justyna-Leszczynska-150x150.jpg\" alt=\"Justyna Leszczy\u0144ska\" \/><\/figure><\/a><\/div><div class=\"swiper-slide\" role=\"group\" aria-roledescription=\"slide\" aria-label=\"3 z 6\"><a data-elementor-open-lightbox=\"yes\" data-elementor-lightbox-slideshow=\"d013bbd\" data-elementor-lightbox-title=\"Micha\u0142 Zyskowski\" data-e-action-hash=\"#elementor-action%3Aaction%3Dlightbox%26settings%3DeyJpZCI6NzEzMiwidXJsIjoiaHR0cHM6XC9cL3NwMmF1Zy5wbFwvd3AtY29udGVudFwvdXBsb2Fkc1wvMjAyMFwvMTJcL01pY2hhbC1aeXNrb3dza2kuanBnIiwic2xpZGVzaG93IjoiZDAxM2JiZCJ9\" href=\"https:\/\/sp2aug.pl\/wp-content\/uploads\/2020\/12\/Michal-Zyskowski.jpg\"><figure class=\"swiper-slide-inner\"><img decoding=\"async\" class=\"swiper-slide-image\" src=\"https:\/\/sp2aug.pl\/wp-content\/uploads\/2020\/12\/Michal-Zyskowski-150x150.jpg\" alt=\"Micha\u0142 Zyskowski\" \/><\/figure><\/a><\/div><div class=\"swiper-slide\" role=\"group\" aria-roledescription=\"slide\" aria-label=\"4 z 6\"><a data-elementor-open-lightbox=\"yes\" data-elementor-lightbox-slideshow=\"d013bbd\" data-elementor-lightbox-title=\"Natalia Pawi\u0144ska\" data-e-action-hash=\"#elementor-action%3Aaction%3Dlightbox%26settings%3DeyJpZCI6NzEzMywidXJsIjoiaHR0cHM6XC9cL3NwMmF1Zy5wbFwvd3AtY29udGVudFwvdXBsb2Fkc1wvMjAyMFwvMTJcL05hdGFsaWEtUGF3aW5za2EuanBnIiwic2xpZGVzaG93IjoiZDAxM2JiZCJ9\" href=\"https:\/\/sp2aug.pl\/wp-content\/uploads\/2020\/12\/Natalia-Pawinska.jpg\"><figure class=\"swiper-slide-inner\"><img decoding=\"async\" class=\"swiper-slide-image\" src=\"https:\/\/sp2aug.pl\/wp-content\/uploads\/2020\/12\/Natalia-Pawinska-150x150.jpg\" alt=\"Natalia Pawi\u0144ska\" \/><\/figure><\/a><\/div><div class=\"swiper-slide\" role=\"group\" aria-roledescription=\"slide\" aria-label=\"5 z 6\"><a data-elementor-open-lightbox=\"yes\" data-elementor-lightbox-slideshow=\"d013bbd\" data-elementor-lightbox-title=\"Oliwia D\u0119bska (1)\" data-e-action-hash=\"#elementor-action%3Aaction%3Dlightbox%26settings%3DeyJpZCI6NzEzNCwidXJsIjoiaHR0cHM6XC9cL3NwMmF1Zy5wbFwvd3AtY29udGVudFwvdXBsb2Fkc1wvMjAyMFwvMTJcL09saXdpYS1EZWJza2EtMS5qcGciLCJzbGlkZXNob3ciOiJkMDEzYmJkIn0%3D\" href=\"https:\/\/sp2aug.pl\/wp-content\/uploads\/2020\/12\/Oliwia-Debska-1.jpg\"><figure class=\"swiper-slide-inner\"><img decoding=\"async\" class=\"swiper-slide-image\" src=\"https:\/\/sp2aug.pl\/wp-content\/uploads\/2020\/12\/Oliwia-Debska-1-150x150.jpg\" alt=\"Oliwia D\u0119bska (1)\" \/><\/figure><\/a><\/div><div class=\"swiper-slide\" role=\"group\" aria-roledescription=\"slide\" aria-label=\"6 z 6\"><a data-elementor-open-lightbox=\"yes\" data-elementor-lightbox-slideshow=\"d013bbd\" data-elementor-lightbox-title=\"Oliwia Piekarska (1)\" data-e-action-hash=\"#elementor-action%3Aaction%3Dlightbox%26settings%3DeyJpZCI6NzEzNSwidXJsIjoiaHR0cHM6XC9cL3NwMmF1Zy5wbFwvd3AtY29udGVudFwvdXBsb2Fkc1wvMjAyMFwvMTJcL09saXdpYS1QaWVrYXJza2EtMS5qcGciLCJzbGlkZXNob3ciOiJkMDEzYmJkIn0%3D\" href=\"https:\/\/sp2aug.pl\/wp-content\/uploads\/2020\/12\/Oliwia-Piekarska-1.jpg\"><figure class=\"swiper-slide-inner\"><img decoding=\"async\" class=\"swiper-slide-image\" src=\"https:\/\/sp2aug.pl\/wp-content\/uploads\/2020\/12\/Oliwia-Piekarska-1-150x150.jpg\" alt=\"Oliwia Piekarska (1)\" \/><\/figure><\/a><\/div>\t\t\t<\/div>\n\t\t\t\t\t\t\t\t\t\t\t\t<div class=\"elementor-swiper-button elementor-swiper-button-prev\" role=\"button\" tabindex=\"0\">\n\t\t\t\t\t\t<i aria-hidden=\"true\" class=\"eicon-chevron-left\"><\/i>\t\t\t\t\t<\/div>\n\t\t\t\t\t<div class=\"elementor-swiper-button elementor-swiper-button-next\" role=\"button\" tabindex=\"0\">\n\t\t\t\t\t\t<i aria-hidden=\"true\" class=\"eicon-chevron-right\"><\/i>\t\t\t\t\t<\/div>\n\t\t\t\t\n\t\t\t\t\t\t\t\t\t<div class=\"swiper-pagination\"><\/div>\n\t\t\t\t\t\t\t\t\t<\/div>\n\t\t\t\t\t\t<\/div>\n\t\t\t\t<\/div>\n\t\t\t\t\t<\/div>\n\t\t<\/div>\n\t\t\t\t\t<\/div>\n\t\t<\/section>\n\t\t\t\t<\/div>\n\t\t","protected":false},"excerpt":{"rendered":"<p>Kalendarz adwentowy to tradycja pochodz\u0105ca z Niemiec. Tam te\u017c mo\u017cna podziwia\u0107 jego najwi\u0119kszy \u201emodel\u201d \u00ad w miasteczku Gengenbach na okres Adwentu w kalendarz zamienia si\u0119 Ratusz. Zosta\u0142 on stworzony, by odmierza\u0107 czas. Odlicza on kolejne dni pomi\u0119dzy pierwszym dniem Adwentu a Wigili\u0105 Bo\u017cego Narodzenia. Pokazuje zbli\u017canie si\u0119 tego wyj\u0105tkowego magicznego dnia, pot\u0119guj\u0105c uczucie radosnego oczekiwania.&hellip;<\/p>\n","protected":false},"author":1,"featured_media":0,"comment_status":"closed","ping_status":"closed","sticky":false,"template":"","format":"standard","meta":{"footnotes":""},"categories":[4],"tags":[],"class_list":["post-7129","post","type-post","status-publish","format-standard","hentry","category-archiwalne"],"_links":{"self":[{"href":"https:\/\/sp2aug.pl\/index.php\/wp-json\/wp\/v2\/posts\/7129","targetHints":{"allow":["GET"]}}],"collection":[{"href":"https:\/\/sp2aug.pl\/index.php\/wp-json\/wp\/v2\/posts"}],"about":[{"href":"https:\/\/sp2aug.pl\/index.php\/wp-json\/wp\/v2\/types\/post"}],"author":[{"embeddable":true,"href":"https:\/\/sp2aug.pl\/index.php\/wp-json\/wp\/v2\/users\/1"}],"replies":[{"embeddable":true,"href":"https:\/\/sp2aug.pl\/index.php\/wp-json\/wp\/v2\/comments?post=7129"}],"version-history":[{"count":2,"href":"https:\/\/sp2aug.pl\/index.php\/wp-json\/wp\/v2\/posts\/7129\/revisions"}],"predecessor-version":[{"id":7137,"href":"https:\/\/sp2aug.pl\/index.php\/wp-json\/wp\/v2\/posts\/7129\/revisions\/7137"}],"wp:attachment":[{"href":"https:\/\/sp2aug.pl\/index.php\/wp-json\/wp\/v2\/media?parent=7129"}],"wp:term":[{"taxonomy":"category","embeddable":true,"href":"https:\/\/sp2aug.pl\/index.php\/wp-json\/wp\/v2\/categories?post=7129"},{"taxonomy":"post_tag","embeddable":true,"href":"https:\/\/sp2aug.pl\/index.php\/wp-json\/wp\/v2\/tags?post=7129"}],"curies":[{"name":"wp","href":"https:\/\/api.w.org\/{rel}","templated":true}]}}