{"id":6928,"date":"2020-11-21T10:02:12","date_gmt":"2020-11-21T09:02:12","guid":{"rendered":"http:\/\/sp2aug.pl\/?p=6928"},"modified":"2020-11-21T10:04:12","modified_gmt":"2020-11-21T09:04:12","slug":"21-listopada-obchodzony-jest-jako-swiatowy-dzien-zyczliwosci-i-pozdrowien-dzien-dobrych-uczynkow-i-pozytywnych-emocji","status":"publish","type":"post","link":"https:\/\/sp2aug.pl\/index.php\/2020\/11\/21\/21-listopada-obchodzony-jest-jako-swiatowy-dzien-zyczliwosci-i-pozdrowien-dzien-dobrych-uczynkow-i-pozytywnych-emocji\/","title":{"rendered":"21 listopada obchodzony jest jako  \u015awiatowy Dzie\u0144 \u017byczliwo\u015bci i Pozdrowie\u0144,  dzie\u0144 dobrych uczynk\u00f3w i pozytywnych emocji."},"content":{"rendered":"\t\t<div data-elementor-type=\"wp-post\" data-elementor-id=\"6928\" class=\"elementor elementor-6928\">\n\t\t\t\t\t\t<section class=\"elementor-section elementor-top-section elementor-element elementor-element-0cbcdff elementor-section-boxed elementor-section-height-default elementor-section-height-default\" data-id=\"0cbcdff\" data-element_type=\"section\">\n\t\t\t\t\t\t<div class=\"elementor-container elementor-column-gap-default\">\n\t\t\t\t\t<div class=\"elementor-column elementor-col-100 elementor-top-column elementor-element elementor-element-1775590\" data-id=\"1775590\" data-element_type=\"column\">\n\t\t\t<div class=\"elementor-widget-wrap elementor-element-populated\">\n\t\t\t\t\t\t<div class=\"elementor-element elementor-element-23965f4 elementor-widget elementor-widget-text-editor\" data-id=\"23965f4\" data-element_type=\"widget\" data-widget_type=\"text-editor.default\">\n\t\t\t\t<div class=\"elementor-widget-container\">\n\t\t\t\t\t\t\t\t\t<p>&nbsp;Idea tego \u015bwi\u0119ta wywodzi si\u0119 ze Stan\u00f3w Zjednoczonych. Oryginalna nazwa \u015bwi\u0119ta &#8211; Hallo World Day &#8211; symbolizuje cel tego dnia, czyli m\u00f3wienie hallo (cze\u015b\u0107) do przynajmniej dziesi\u0119ciu os\u00f3b dziennie.<\/p>\n<p>Obecnie Dzie\u0144 \u017byczliwo\u015bci obchodzony jest w ponad 180 krajach. Jego celem jest uwra\u017cliwienie ludzi na wzajemn\u0105 \u017cyczliwo\u015b\u0107, wzbudzenie w nich pozytywnych emocji. Jest to apel przeciwko problemom i cz\u0119sto smutnej rzeczywisto\u015bci. Przes\u0142anie akcji jest proste: <strong>b\u0105d\u017amy \u017cyczliwi codziennie, a nie tylko od \u015bwi\u0119ta<\/strong>.<br>Pami\u0119tajmy, \u017ce pozytywna energia, kt\u00f3r\u0105 przekazujemy w \u015bwiat do ludzi, wraca do nas z nawi\u0105zk\u0105.<\/p>\n<p>Wed\u0142ug s\u0142ownika: <strong>cz\u0142owiek \u017cyczliwy to osoba nastawiona przychylnie i przyja\u017anie, dobra oraz serdeczna.<\/strong><\/p>\n<p>Czym w og\u00f3le jest \u017cyczliwo\u015b\u0107&#8230; ?<\/p>\n<p>To taki bezcenny, niematerialny skarb, kt\u00f3ry sprawia, \u017ce \u017cycie staje si\u0119 l\u017cejsze i weselsze. \u017byczliwo\u015b\u0107 nie jest \u0142atwa do okazywania. Cz\u0142owiek \u017cyczliwy nie my\u015bli tylko o sobie, nie jest egoist\u0105. Jest osob\u0105 dbaj\u0105c\u0105 zar\u00f3wno o siebie jak i innych. Jest osob\u0105 bezinteresown\u0105.<\/p>\n<p>Dlatego tak trudno by\u0107 mi\u0142ym , pomocnym &nbsp;i bezinteresownym cz\u0142owiekiem?<\/p>\n<p>&nbsp;Poniewa\u017c czasami &nbsp;&nbsp;nie potrafimy zrozumie\u0107, \u017ce nie jeste\u015bmy sami na tym \u015bwiecie.<\/p>\n<p>&nbsp;A przecie\u017c wszyscy lubimy mie\u0107 mi\u0142y dzie\u0144. Obudzi\u0107 si\u0119 w dobrym nastroju. Czu\u0107 si\u0119 dobrze i bezpiecznie.<\/p>\n<p>Czego wi\u0119c mo\u017cemy \u017cyczy\u0107 sobie w tym wyj\u0105tkowym dniu?<\/p>\n<p>Jak wi\u0119c poprawi\u0107 sobie i innym nastr\u00f3j ?<\/p>\n<p><strong>Sk\u0142adajmy sobie \u017cyczenia na mi\u0142y dzie\u0144!<\/strong><\/p>\n<p>&nbsp;B\u0105d\u017amy mili dla innych, zadbajmy chocia\u017cby o \u017cyczenia mi\u0142ego dnia na dzie\u0144 dobry wysy\u0142ane dla kole\u017canki&nbsp; czy&nbsp; przyjaciela. Zwyk\u0142e \u2013 Cze\u015b\u0107 ! Mi\u0142o Ci\u0119 widzie\u0107 ! Dobrze , \u017ce jeste\u015b!- sprawi , \u017ce poczujemy si\u0119 lepiej i sprawimy rado\u015b\u0107 drugiej osobie.<br>Taki niewielki gest mo\u017ce zaprocentowa\u0107 po stokro\u0107 i wr\u00f3ci\u0107 do nas nie tylko w postaci ogromnej wdzi\u0119czno\u015bci, ale i konkretnego wsparcia w trudnych momentach.<\/p>\n<p>21 listopada to idealna data na takie \u015bwi\u0119to \u2013 gdy wok\u00f3\u0142 jest ponuro, deszczowo i nadchodzi tak zwana \u201ejesienna chandra\u201d, ale tak naprawd\u0119 to ka\u017cdy dzie\u0144 powinien by\u0107 pe\u0142en \u017cyczliwo\u015bci, u\u015bmiechu i bezinteresownej pomocy!<\/p>\n<p><\/p>\n<p>Ewa Kury\u0142o<\/p>\t\t\t\t\t\t\t\t<\/div>\n\t\t\t\t<\/div>\n\t\t\t\t\t<\/div>\n\t\t<\/div>\n\t\t\t\t\t<\/div>\n\t\t<\/section>\n\t\t\t\t<section class=\"elementor-section elementor-top-section elementor-element elementor-element-89b1b92 elementor-section-boxed elementor-section-height-default elementor-section-height-default\" data-id=\"89b1b92\" data-element_type=\"section\">\n\t\t\t\t\t\t<div class=\"elementor-container elementor-column-gap-default\">\n\t\t\t\t\t<div class=\"elementor-column elementor-col-100 elementor-top-column elementor-element elementor-element-c63f63e\" data-id=\"c63f63e\" data-element_type=\"column\">\n\t\t\t<div class=\"elementor-widget-wrap elementor-element-populated\">\n\t\t\t\t\t\t<div class=\"elementor-element elementor-element-ba18c38 elementor-widget elementor-widget-image-gallery\" data-id=\"ba18c38\" data-element_type=\"widget\" data-widget_type=\"image-gallery.default\">\n\t\t\t\t<div class=\"elementor-widget-container\">\n\t\t\t\t\t\t\t<div class=\"elementor-image-gallery\">\n\t\t\t\n\t\t<style type=\"text\/css\">\n\t\t\t#gallery-1 {\n\t\t\t\tmargin: auto;\n\t\t\t}\n\t\t\t#gallery-1 .gallery-item {\n\t\t\t\tfloat: left;\n\t\t\t\tmargin-top: 10px;\n\t\t\t\ttext-align: center;\n\t\t\t\twidth: 25%;\n\t\t\t}\n\t\t\t#gallery-1 img {\n\t\t\t\tborder: 2px solid #cfcfcf;\n\t\t\t}\n\t\t\t#gallery-1 .gallery-caption {\n\t\t\t\tmargin-left: 0;\n\t\t\t}\n\t\t\t\/* see gallery_shortcode() in wp-includes\/media.php *\/\n\t\t<\/style>\n\t\t<div id='gallery-1' class='gallery galleryid-6928 gallery-columns-4 gallery-size-thumbnail'><dl class='gallery-item'>\n\t\t\t<dt class='gallery-icon landscape'>\n\t\t\t\t<a data-elementor-open-lightbox=\"yes\" data-elementor-lightbox-slideshow=\"ba18c38\" data-elementor-lightbox-title=\"1\" data-e-action-hash=\"#elementor-action%3Aaction%3Dlightbox%26settings%3DeyJpZCI6NjkyOSwidXJsIjoiaHR0cHM6XC9cL3NwMmF1Zy5wbFwvd3AtY29udGVudFwvdXBsb2Fkc1wvMjAyMFwvMTFcLzEtMi5qcGciLCJzbGlkZXNob3ciOiJiYTE4YzM4In0%3D\" href='https:\/\/sp2aug.pl\/wp-content\/uploads\/2020\/11\/1-2.jpg'><img decoding=\"async\" width=\"150\" height=\"150\" src=\"https:\/\/sp2aug.pl\/wp-content\/uploads\/2020\/11\/1-2-150x150.jpg\" class=\"attachment-thumbnail size-thumbnail\" alt=\"\" srcset=\"https:\/\/sp2aug.pl\/wp-content\/uploads\/2020\/11\/1-2-150x150.jpg 150w, https:\/\/sp2aug.pl\/wp-content\/uploads\/2020\/11\/1-2-300x300.jpg 300w\" sizes=\"(max-width: 150px) 100vw, 150px\" \/><\/a>\n\t\t\t<\/dt><\/dl><dl class='gallery-item'>\n\t\t\t<dt class='gallery-icon landscape'>\n\t\t\t\t<a data-elementor-open-lightbox=\"yes\" data-elementor-lightbox-slideshow=\"ba18c38\" data-elementor-lightbox-title=\"2\" data-e-action-hash=\"#elementor-action%3Aaction%3Dlightbox%26settings%3DeyJpZCI6NjkzMCwidXJsIjoiaHR0cHM6XC9cL3NwMmF1Zy5wbFwvd3AtY29udGVudFwvdXBsb2Fkc1wvMjAyMFwvMTFcLzItMi5qcGciLCJzbGlkZXNob3ciOiJiYTE4YzM4In0%3D\" href='https:\/\/sp2aug.pl\/wp-content\/uploads\/2020\/11\/2-2.jpg'><img decoding=\"async\" width=\"150\" height=\"150\" src=\"https:\/\/sp2aug.pl\/wp-content\/uploads\/2020\/11\/2-2-150x150.jpg\" class=\"attachment-thumbnail size-thumbnail\" alt=\"\" srcset=\"https:\/\/sp2aug.pl\/wp-content\/uploads\/2020\/11\/2-2-150x150.jpg 150w, https:\/\/sp2aug.pl\/wp-content\/uploads\/2020\/11\/2-2-300x300.jpg 300w\" sizes=\"(max-width: 150px) 100vw, 150px\" \/><\/a>\n\t\t\t<\/dt><\/dl><dl class='gallery-item'>\n\t\t\t<dt class='gallery-icon landscape'>\n\t\t\t\t<a data-elementor-open-lightbox=\"yes\" data-elementor-lightbox-slideshow=\"ba18c38\" data-elementor-lightbox-title=\"3\" data-e-action-hash=\"#elementor-action%3Aaction%3Dlightbox%26settings%3DeyJpZCI6NjkzMSwidXJsIjoiaHR0cHM6XC9cL3NwMmF1Zy5wbFwvd3AtY29udGVudFwvdXBsb2Fkc1wvMjAyMFwvMTFcLzMtMi5qcGciLCJzbGlkZXNob3ciOiJiYTE4YzM4In0%3D\" href='https:\/\/sp2aug.pl\/wp-content\/uploads\/2020\/11\/3-2.jpg'><img decoding=\"async\" width=\"150\" height=\"150\" src=\"https:\/\/sp2aug.pl\/wp-content\/uploads\/2020\/11\/3-2-150x150.jpg\" class=\"attachment-thumbnail size-thumbnail\" alt=\"\" srcset=\"https:\/\/sp2aug.pl\/wp-content\/uploads\/2020\/11\/3-2-150x150.jpg 150w, https:\/\/sp2aug.pl\/wp-content\/uploads\/2020\/11\/3-2-300x300.jpg 300w\" sizes=\"(max-width: 150px) 100vw, 150px\" \/><\/a>\n\t\t\t<\/dt><\/dl><dl class='gallery-item'>\n\t\t\t<dt class='gallery-icon landscape'>\n\t\t\t\t<a data-elementor-open-lightbox=\"yes\" data-elementor-lightbox-slideshow=\"ba18c38\" data-elementor-lightbox-title=\"4\" data-e-action-hash=\"#elementor-action%3Aaction%3Dlightbox%26settings%3DeyJpZCI6NjkzMiwidXJsIjoiaHR0cHM6XC9cL3NwMmF1Zy5wbFwvd3AtY29udGVudFwvdXBsb2Fkc1wvMjAyMFwvMTFcLzQtMi5qcGciLCJzbGlkZXNob3ciOiJiYTE4YzM4In0%3D\" href='https:\/\/sp2aug.pl\/wp-content\/uploads\/2020\/11\/4-2.jpg'><img loading=\"lazy\" decoding=\"async\" width=\"150\" height=\"150\" src=\"https:\/\/sp2aug.pl\/wp-content\/uploads\/2020\/11\/4-2-150x150.jpg\" class=\"attachment-thumbnail size-thumbnail\" alt=\"\" srcset=\"https:\/\/sp2aug.pl\/wp-content\/uploads\/2020\/11\/4-2-150x150.jpg 150w, https:\/\/sp2aug.pl\/wp-content\/uploads\/2020\/11\/4-2-300x300.jpg 300w\" sizes=\"(max-width: 150px) 100vw, 150px\" \/><\/a>\n\t\t\t<\/dt><\/dl><br style=\"clear: both\" \/>\n\t\t<\/div>\n\t\t<\/div>\n\t\t\t\t\t\t<\/div>\n\t\t\t\t<\/div>\n\t\t\t\t\t<\/div>\n\t\t<\/div>\n\t\t\t\t\t<\/div>\n\t\t<\/section>\n\t\t\t\t<\/div>\n\t\t","protected":false},"excerpt":{"rendered":"<p>&nbsp;Idea tego \u015bwi\u0119ta wywodzi si\u0119 ze Stan\u00f3w Zjednoczonych. Oryginalna nazwa \u015bwi\u0119ta &#8211; Hallo World Day &#8211; symbolizuje cel tego dnia, czyli m\u00f3wienie hallo (cze\u015b\u0107) do przynajmniej dziesi\u0119ciu os\u00f3b dziennie. Obecnie Dzie\u0144 \u017byczliwo\u015bci obchodzony jest w ponad 180 krajach. Jego celem jest uwra\u017cliwienie ludzi na wzajemn\u0105 \u017cyczliwo\u015b\u0107, wzbudzenie w nich pozytywnych emocji. Jest to apel przeciwko&hellip;<\/p>\n","protected":false},"author":1,"featured_media":0,"comment_status":"closed","ping_status":"closed","sticky":false,"template":"","format":"standard","meta":{"footnotes":""},"categories":[4],"tags":[],"class_list":["post-6928","post","type-post","status-publish","format-standard","hentry","category-archiwalne"],"_links":{"self":[{"href":"https:\/\/sp2aug.pl\/index.php\/wp-json\/wp\/v2\/posts\/6928","targetHints":{"allow":["GET"]}}],"collection":[{"href":"https:\/\/sp2aug.pl\/index.php\/wp-json\/wp\/v2\/posts"}],"about":[{"href":"https:\/\/sp2aug.pl\/index.php\/wp-json\/wp\/v2\/types\/post"}],"author":[{"embeddable":true,"href":"https:\/\/sp2aug.pl\/index.php\/wp-json\/wp\/v2\/users\/1"}],"replies":[{"embeddable":true,"href":"https:\/\/sp2aug.pl\/index.php\/wp-json\/wp\/v2\/comments?post=6928"}],"version-history":[{"count":2,"href":"https:\/\/sp2aug.pl\/index.php\/wp-json\/wp\/v2\/posts\/6928\/revisions"}],"predecessor-version":[{"id":6934,"href":"https:\/\/sp2aug.pl\/index.php\/wp-json\/wp\/v2\/posts\/6928\/revisions\/6934"}],"wp:attachment":[{"href":"https:\/\/sp2aug.pl\/index.php\/wp-json\/wp\/v2\/media?parent=6928"}],"wp:term":[{"taxonomy":"category","embeddable":true,"href":"https:\/\/sp2aug.pl\/index.php\/wp-json\/wp\/v2\/categories?post=6928"},{"taxonomy":"post_tag","embeddable":true,"href":"https:\/\/sp2aug.pl\/index.php\/wp-json\/wp\/v2\/tags?post=6928"}],"curies":[{"name":"wp","href":"https:\/\/api.w.org\/{rel}","templated":true}]}}