{"id":3852,"date":"2019-12-09T18:35:58","date_gmt":"2019-12-09T17:35:58","guid":{"rendered":"http:\/\/sp2aug.pl\/?p=3852"},"modified":"2019-12-09T18:50:55","modified_gmt":"2019-12-09T17:50:55","slug":"szlachetna-paczka-2019","status":"publish","type":"post","link":"https:\/\/sp2aug.pl\/index.php\/2019\/12\/09\/szlachetna-paczka-2019\/","title":{"rendered":"SZLACHETNA PACZKA 2019"},"content":{"rendered":"\t\t<div data-elementor-type=\"wp-post\" data-elementor-id=\"3852\" class=\"elementor elementor-3852\">\n\t\t\t\t\t\t<section class=\"elementor-section elementor-top-section elementor-element elementor-element-80ecf66 elementor-section-boxed elementor-section-height-default elementor-section-height-default\" data-id=\"80ecf66\" data-element_type=\"section\">\n\t\t\t\t\t\t<div class=\"elementor-container elementor-column-gap-default\">\n\t\t\t\t\t<div class=\"elementor-column elementor-col-33 elementor-top-column elementor-element elementor-element-ab08808\" data-id=\"ab08808\" data-element_type=\"column\">\n\t\t\t<div class=\"elementor-widget-wrap\">\n\t\t\t\t\t\t\t<\/div>\n\t\t<\/div>\n\t\t\t\t<div class=\"elementor-column elementor-col-33 elementor-top-column elementor-element elementor-element-20ea2fd\" data-id=\"20ea2fd\" data-element_type=\"column\">\n\t\t\t<div class=\"elementor-widget-wrap elementor-element-populated\">\n\t\t\t\t\t\t<div class=\"elementor-element elementor-element-cd94231 elementor-widget elementor-widget-text-editor\" data-id=\"cd94231\" data-element_type=\"widget\" data-widget_type=\"text-editor.default\">\n\t\t\t\t<div class=\"elementor-widget-container\">\n\t\t\t\t\t\t\t\t\t<p>Razem z ca\u0142\u0105 Polsk\u0105 w\u0142\u0105czyli\u015bmy si\u0119 w&nbsp; Weekend Cud\u00f3w \u2013 jedno z najpi\u0119kniejszych \u015bwi\u0105t dobroczynno\u015bci w Polsce! 6 grudnia przygotowana przez nasz\u0105 szko\u0142\u0119 Szlachetna Paczka trafi\u0142a do wybranej rodziny.<br>Bezinteresown\u0105 pomoc\u0105 i dobroci\u0105 serca wykazali si\u0119 nasi wspaniali uczniowie, kt\u00f3rzy tak ch\u0119tnie i aktywnie zaanga\u017cowali si\u0119&nbsp;&nbsp;&nbsp;&nbsp;&nbsp;&nbsp;&nbsp;&nbsp;&nbsp;&nbsp;&nbsp;&nbsp; w przygotowanie tegorocznej paczki. Ci troch\u0119 m\u0142odsi i ci starsi dorzucili swoj\u0105 cegie\u0142k\u0119 do tej wspania\u0142ej akcji. Przygotowania trwa\u0142y ca\u0142y listopad, a zako\u0144czy\u0142y si\u0119 w miko\u0142ajkowy pi\u0105tek pe\u0142nym sukcesem.<br>Z ca\u0142ego serca dzi\u0119kujemy naszym Uczniom, na kt\u00f3rych zawsze mo\u017cemy liczy\u0107. Dzi\u0119kujemy Rodzicom za mas\u0119 przepysznych galaretek, babeczek, piernik\u00f3w, gofr\u00f3w i tost\u00f3w. Dzi\u0119kujemy te\u017c Wychowawcom i Nauczycielom za wsparcie i zrozumienie.<br>Za rok dzia\u0142amy zn\u00f3w!<br><br>Anna Burakiewicz<br>Halina Bonarska<br>Iza Holak<br>Monika Szyndle<\/p>\t\t\t\t\t\t\t\t<\/div>\n\t\t\t\t<\/div>\n\t\t\t\t\t<\/div>\n\t\t<\/div>\n\t\t\t\t<div class=\"elementor-column elementor-col-33 elementor-top-column elementor-element elementor-element-b7c3a3f\" data-id=\"b7c3a3f\" data-element_type=\"column\">\n\t\t\t<div class=\"elementor-widget-wrap elementor-element-populated\">\n\t\t\t\t\t\t<div class=\"elementor-element elementor-element-2b16689 elementor-widget elementor-widget-image\" data-id=\"2b16689\" data-element_type=\"widget\" data-widget_type=\"image.default\">\n\t\t\t\t<div class=\"elementor-widget-container\">\n\t\t\t\t\t\t\t\t\t\t\t\t\t\t\t<img fetchpriority=\"high\" decoding=\"async\" width=\"702\" height=\"1024\" src=\"https:\/\/sp2aug.pl\/wp-content\/uploads\/2019\/12\/paczka-702x1024.jpg\" class=\"attachment-large size-large wp-image-3853\" alt=\"\" srcset=\"https:\/\/sp2aug.pl\/wp-content\/uploads\/2019\/12\/paczka-702x1024.jpg 702w, https:\/\/sp2aug.pl\/wp-content\/uploads\/2019\/12\/paczka-206x300.jpg 206w, https:\/\/sp2aug.pl\/wp-content\/uploads\/2019\/12\/paczka-768x1120.jpg 768w, https:\/\/sp2aug.pl\/wp-content\/uploads\/2019\/12\/paczka.jpg 792w\" sizes=\"(max-width: 702px) 100vw, 702px\" \/>\t\t\t\t\t\t\t\t\t\t\t\t\t\t\t<\/div>\n\t\t\t\t<\/div>\n\t\t\t\t\t<\/div>\n\t\t<\/div>\n\t\t\t\t\t<\/div>\n\t\t<\/section>\n\t\t\t\t<section class=\"elementor-section elementor-top-section elementor-element elementor-element-cd32ea1 elementor-section-boxed elementor-section-height-default elementor-section-height-default\" data-id=\"cd32ea1\" data-element_type=\"section\">\n\t\t\t\t\t\t<div class=\"elementor-container elementor-column-gap-default\">\n\t\t\t\t\t<div class=\"elementor-column elementor-col-100 elementor-top-column elementor-element elementor-element-44533d5\" data-id=\"44533d5\" data-element_type=\"column\">\n\t\t\t<div class=\"elementor-widget-wrap elementor-element-populated\">\n\t\t\t\t\t\t<div class=\"elementor-element elementor-element-3e4ae6f elementor-widget elementor-widget-image\" data-id=\"3e4ae6f\" data-element_type=\"widget\" data-widget_type=\"image.default\">\n\t\t\t\t<div class=\"elementor-widget-container\">\n\t\t\t\t\t\t\t\t\t\t\t\t\t\t\t<img decoding=\"async\" width=\"923\" height=\"692\" src=\"https:\/\/sp2aug.pl\/wp-content\/uploads\/2019\/12\/1-7.jpg\" class=\"attachment-large size-large wp-image-3861\" alt=\"\" srcset=\"https:\/\/sp2aug.pl\/wp-content\/uploads\/2019\/12\/1-7.jpg 1024w, https:\/\/sp2aug.pl\/wp-content\/uploads\/2019\/12\/1-7-300x225.jpg 300w, https:\/\/sp2aug.pl\/wp-content\/uploads\/2019\/12\/1-7-768x576.jpg 768w, https:\/\/sp2aug.pl\/wp-content\/uploads\/2019\/12\/1-7-160x120.jpg 160w\" sizes=\"(max-width: 923px) 100vw, 923px\" \/>\t\t\t\t\t\t\t\t\t\t\t\t\t\t\t<\/div>\n\t\t\t\t<\/div>\n\t\t\t\t\t<\/div>\n\t\t<\/div>\n\t\t\t\t\t<\/div>\n\t\t<\/section>\n\t\t\t\t<\/div>\n\t\t","protected":false},"excerpt":{"rendered":"<p>Razem z ca\u0142\u0105 Polsk\u0105 w\u0142\u0105czyli\u015bmy si\u0119 w&nbsp; Weekend Cud\u00f3w \u2013 jedno z najpi\u0119kniejszych \u015bwi\u0105t dobroczynno\u015bci w Polsce! 6 grudnia przygotowana przez nasz\u0105 szko\u0142\u0119 Szlachetna Paczka trafi\u0142a do wybranej rodziny.Bezinteresown\u0105 pomoc\u0105 i dobroci\u0105 serca wykazali si\u0119 nasi wspaniali uczniowie, kt\u00f3rzy tak ch\u0119tnie i aktywnie zaanga\u017cowali si\u0119&nbsp;&nbsp;&nbsp;&nbsp;&nbsp;&nbsp;&nbsp;&nbsp;&nbsp;&nbsp;&nbsp;&nbsp; w przygotowanie tegorocznej paczki. Ci troch\u0119 m\u0142odsi i ci starsi&hellip;<\/p>\n","protected":false},"author":1,"featured_media":0,"comment_status":"closed","ping_status":"closed","sticky":false,"template":"","format":"standard","meta":{"footnotes":""},"categories":[4],"tags":[],"class_list":["post-3852","post","type-post","status-publish","format-standard","hentry","category-archiwalne"],"_links":{"self":[{"href":"https:\/\/sp2aug.pl\/index.php\/wp-json\/wp\/v2\/posts\/3852","targetHints":{"allow":["GET"]}}],"collection":[{"href":"https:\/\/sp2aug.pl\/index.php\/wp-json\/wp\/v2\/posts"}],"about":[{"href":"https:\/\/sp2aug.pl\/index.php\/wp-json\/wp\/v2\/types\/post"}],"author":[{"embeddable":true,"href":"https:\/\/sp2aug.pl\/index.php\/wp-json\/wp\/v2\/users\/1"}],"replies":[{"embeddable":true,"href":"https:\/\/sp2aug.pl\/index.php\/wp-json\/wp\/v2\/comments?post=3852"}],"version-history":[{"count":3,"href":"https:\/\/sp2aug.pl\/index.php\/wp-json\/wp\/v2\/posts\/3852\/revisions"}],"predecessor-version":[{"id":3864,"href":"https:\/\/sp2aug.pl\/index.php\/wp-json\/wp\/v2\/posts\/3852\/revisions\/3864"}],"wp:attachment":[{"href":"https:\/\/sp2aug.pl\/index.php\/wp-json\/wp\/v2\/media?parent=3852"}],"wp:term":[{"taxonomy":"category","embeddable":true,"href":"https:\/\/sp2aug.pl\/index.php\/wp-json\/wp\/v2\/categories?post=3852"},{"taxonomy":"post_tag","embeddable":true,"href":"https:\/\/sp2aug.pl\/index.php\/wp-json\/wp\/v2\/tags?post=3852"}],"curies":[{"name":"wp","href":"https:\/\/api.w.org\/{rel}","templated":true}]}}