{"id":3105,"date":"2019-11-14T17:42:28","date_gmt":"2019-11-14T16:42:28","guid":{"rendered":"http:\/\/sp2aug.pl\/?p=3105"},"modified":"2019-11-14T17:43:49","modified_gmt":"2019-11-14T16:43:49","slug":"warsztaty-profilaktyczne-debata-w-klasach-v-vi","status":"publish","type":"post","link":"https:\/\/sp2aug.pl\/index.php\/2019\/11\/14\/warsztaty-profilaktyczne-debata-w-klasach-v-vi\/","title":{"rendered":"Warsztaty profilaktyczne &#8222;Debata&#8221; w klasach V &#8211; VI"},"content":{"rendered":"\t\t<div data-elementor-type=\"wp-post\" data-elementor-id=\"3105\" class=\"elementor elementor-3105\">\n\t\t\t\t\t\t<section class=\"elementor-section elementor-top-section elementor-element elementor-element-b507033 elementor-section-boxed elementor-section-height-default elementor-section-height-default\" data-id=\"b507033\" data-element_type=\"section\">\n\t\t\t\t\t\t<div class=\"elementor-container elementor-column-gap-default\">\n\t\t\t\t\t<div class=\"elementor-column elementor-col-50 elementor-top-column elementor-element elementor-element-726b1d2\" data-id=\"726b1d2\" data-element_type=\"column\">\n\t\t\t<div class=\"elementor-widget-wrap elementor-element-populated\">\n\t\t\t\t\t\t<div class=\"elementor-element elementor-element-bdd52b6 elementor-widget elementor-widget-spacer\" data-id=\"bdd52b6\" data-element_type=\"widget\" data-widget_type=\"spacer.default\">\n\t\t\t\t<div class=\"elementor-widget-container\">\n\t\t\t\t\t\t\t<div class=\"elementor-spacer\">\n\t\t\t<div class=\"elementor-spacer-inner\"><\/div>\n\t\t<\/div>\n\t\t\t\t\t\t<\/div>\n\t\t\t\t<\/div>\n\t\t\t\t<div class=\"elementor-element elementor-element-774f967 elementor-widget elementor-widget-image\" data-id=\"774f967\" data-element_type=\"widget\" data-widget_type=\"image.default\">\n\t\t\t\t<div class=\"elementor-widget-container\">\n\t\t\t\t\t\t\t\t\t\t\t\t\t\t\t<img fetchpriority=\"high\" decoding=\"async\" width=\"450\" height=\"600\" src=\"https:\/\/sp2aug.pl\/wp-content\/uploads\/2019\/11\/2-4.jpg\" class=\"attachment-large size-large wp-image-3107\" alt=\"\" srcset=\"https:\/\/sp2aug.pl\/wp-content\/uploads\/2019\/11\/2-4.jpg 450w, https:\/\/sp2aug.pl\/wp-content\/uploads\/2019\/11\/2-4-225x300.jpg 225w\" sizes=\"(max-width: 450px) 100vw, 450px\" \/>\t\t\t\t\t\t\t\t\t\t\t\t\t\t\t<\/div>\n\t\t\t\t<\/div>\n\t\t\t\t\t<\/div>\n\t\t<\/div>\n\t\t\t\t<div class=\"elementor-column elementor-col-50 elementor-top-column elementor-element elementor-element-968cdef\" data-id=\"968cdef\" data-element_type=\"column\">\n\t\t\t<div class=\"elementor-widget-wrap elementor-element-populated\">\n\t\t\t\t\t\t<div class=\"elementor-element elementor-element-97743e9 elementor-widget elementor-widget-text-editor\" data-id=\"97743e9\" data-element_type=\"widget\" data-widget_type=\"text-editor.default\">\n\t\t\t\t<div class=\"elementor-widget-container\">\n\t\t\t\t\t\t\t\t\t<p>Uczniowie klas VI B, VI A, V B, VI C, V C, V A&nbsp; (pozostali uczniowie wezm\u0105 w nich udzia\u0142 w innym terminie) w dniach 6, 12 i 13 listopada wzi\u0119li&nbsp; aktywny udzia\u0142&nbsp; w warsztatach profilaktycznych&nbsp; ,,DEBATA \u201d. <br>Spotkania z uczniami w cyklu trzygodzinnym dla jednej klasy prowadzi\u0142a p. Julita Majewska z O\u015brodka Doradztwa Metodycznego w Bia\u0142ymstoku. Realizacja programu mia\u0142a charakter ,,kr\u00f3tkiej interwencji profilaktycznej\u201d w grupie . <br>Celem og\u00f3lnym programu DEBATA by\u0142o wzmocnienie postaw proabstynenckich u nastolatk\u00f3w stoj\u0105cych przed progiem inicjacji alkoholowej. W programie wykorzystano nast\u0119puj\u0105ce strategie profilaktyczne:<br>&#8211; kszta\u0142towanie i wzmacnianie norm przeciwnych piciu alkoholu przez dzieci i m\u0142odzie\u017c,<br>&#8211; konfrontowanie cenionych warto\u015bci z ryzykownymi zrachowaniami,<br>&#8211; przekazywanie wiedzy na temat konsekwencji zachowa\u0144 ryzykownych.&nbsp; <br>W DEBACIE wykorzystano metody interaktywne odwo\u0142uj\u0105ce si\u0119 do dialogu motywuj\u0105cego. Uczniowie mieli mo\u017cliwo\u015b\u0107 w czasie trwania programu&nbsp; wykaza\u0107&nbsp; si\u0119 swoj\u0105 wiedz\u0105, kreatywno\u015bci\u0105 i&nbsp; pomys\u0142owo\u015bci\u0105, odgrywali scenki dramowe, brali udzia\u0142 w zabawach dydaktycznych, tworzyli ciekawe prace w grupach, kt\u00f3re prezentowali na forum klasy. Buduj\u0105ce by\u0142o us\u0142ysze\u0107 od osoby prowadz\u0105cej warsztaty, \u017ce nasi uczniowie maj\u0105 szerok\u0105 wiedz\u0119 i \u015bwiadomo\u015b\u0107 na temat szkodliwo\u015bci spo\u017cywania alkoholu i&nbsp; jego konsekwencji. Wniosek \u2013 warto edukowa\u0107, m\u00f3wi\u0107, u\u015bwiadamia\u0107 i przypomina\u0107, bo profilaktyka to zawsze dzia\u0142ania d\u0142ugoterminowe. <br><br>Pedagog \u2013 Beata Palczewska<br><br><\/p>\t\t\t\t\t\t\t\t<\/div>\n\t\t\t\t<\/div>\n\t\t\t\t\t<\/div>\n\t\t<\/div>\n\t\t\t\t\t<\/div>\n\t\t<\/section>\n\t\t\t\t<\/div>\n\t\t","protected":false},"excerpt":{"rendered":"<p>Uczniowie klas VI B, VI A, V B, VI C, V C, V A&nbsp; (pozostali uczniowie wezm\u0105 w nich udzia\u0142 w innym terminie) w dniach 6, 12 i 13 listopada wzi\u0119li&nbsp; aktywny udzia\u0142&nbsp; w warsztatach profilaktycznych&nbsp; ,,DEBATA \u201d. Spotkania z uczniami w cyklu trzygodzinnym dla jednej klasy prowadzi\u0142a p. Julita Majewska z O\u015brodka Doradztwa Metodycznego&hellip;<\/p>\n","protected":false},"author":1,"featured_media":0,"comment_status":"closed","ping_status":"closed","sticky":false,"template":"","format":"standard","meta":{"footnotes":""},"categories":[4],"tags":[],"class_list":["post-3105","post","type-post","status-publish","format-standard","hentry","category-archiwalne"],"_links":{"self":[{"href":"https:\/\/sp2aug.pl\/index.php\/wp-json\/wp\/v2\/posts\/3105","targetHints":{"allow":["GET"]}}],"collection":[{"href":"https:\/\/sp2aug.pl\/index.php\/wp-json\/wp\/v2\/posts"}],"about":[{"href":"https:\/\/sp2aug.pl\/index.php\/wp-json\/wp\/v2\/types\/post"}],"author":[{"embeddable":true,"href":"https:\/\/sp2aug.pl\/index.php\/wp-json\/wp\/v2\/users\/1"}],"replies":[{"embeddable":true,"href":"https:\/\/sp2aug.pl\/index.php\/wp-json\/wp\/v2\/comments?post=3105"}],"version-history":[{"count":2,"href":"https:\/\/sp2aug.pl\/index.php\/wp-json\/wp\/v2\/posts\/3105\/revisions"}],"predecessor-version":[{"id":3109,"href":"https:\/\/sp2aug.pl\/index.php\/wp-json\/wp\/v2\/posts\/3105\/revisions\/3109"}],"wp:attachment":[{"href":"https:\/\/sp2aug.pl\/index.php\/wp-json\/wp\/v2\/media?parent=3105"}],"wp:term":[{"taxonomy":"category","embeddable":true,"href":"https:\/\/sp2aug.pl\/index.php\/wp-json\/wp\/v2\/categories?post=3105"},{"taxonomy":"post_tag","embeddable":true,"href":"https:\/\/sp2aug.pl\/index.php\/wp-json\/wp\/v2\/tags?post=3105"}],"curies":[{"name":"wp","href":"https:\/\/api.w.org\/{rel}","templated":true}]}}