{"id":3065,"date":"2019-11-12T19:46:38","date_gmt":"2019-11-12T18:46:38","guid":{"rendered":"http:\/\/sp2aug.pl\/?p=3065"},"modified":"2019-11-12T19:47:04","modified_gmt":"2019-11-12T18:47:04","slug":"szkola-do-hymnu","status":"publish","type":"post","link":"https:\/\/sp2aug.pl\/index.php\/2019\/11\/12\/szkola-do-hymnu\/","title":{"rendered":"&#8222;Szko\u0142a do hymnu&#8221;"},"content":{"rendered":"\t\t<div data-elementor-type=\"wp-post\" data-elementor-id=\"3065\" class=\"elementor elementor-3065\">\n\t\t\t\t\t\t<section class=\"elementor-section elementor-top-section elementor-element elementor-element-7cfbb05 elementor-section-boxed elementor-section-height-default elementor-section-height-default\" data-id=\"7cfbb05\" data-element_type=\"section\">\n\t\t\t\t\t\t<div class=\"elementor-container elementor-column-gap-default\">\n\t\t\t\t\t<div class=\"elementor-column elementor-col-50 elementor-top-column elementor-element elementor-element-1e66bd1\" data-id=\"1e66bd1\" data-element_type=\"column\">\n\t\t\t<div class=\"elementor-widget-wrap elementor-element-populated\">\n\t\t\t\t\t\t<div class=\"elementor-element elementor-element-355841f elementor-widget elementor-widget-video\" data-id=\"355841f\" data-element_type=\"widget\" data-settings=\"{&quot;youtube_url&quot;:&quot;https:\\\/\\\/www.youtube.com\\\/watch?v=d7j1lm-bICo&amp;t=15s&quot;,&quot;video_type&quot;:&quot;youtube&quot;,&quot;controls&quot;:&quot;yes&quot;}\" data-widget_type=\"video.default\">\n\t\t\t\t<div class=\"elementor-widget-container\">\n\t\t\t\t\t\t\t<div class=\"elementor-wrapper elementor-open-inline\">\n\t\t\t<div class=\"elementor-video\"><\/div>\t\t<\/div>\n\t\t\t\t\t\t<\/div>\n\t\t\t\t<\/div>\n\t\t\t\t<div class=\"elementor-element elementor-element-9b76067 elementor-widget elementor-widget-video\" data-id=\"9b76067\" data-element_type=\"widget\" data-settings=\"{&quot;youtube_url&quot;:&quot;https:\\\/\\\/youtu.be\\\/Jkog06zpJg0&quot;,&quot;video_type&quot;:&quot;youtube&quot;,&quot;controls&quot;:&quot;yes&quot;}\" data-widget_type=\"video.default\">\n\t\t\t\t<div class=\"elementor-widget-container\">\n\t\t\t\t\t\t\t<div class=\"elementor-wrapper elementor-open-inline\">\n\t\t\t<div class=\"elementor-video\"><\/div>\t\t<\/div>\n\t\t\t\t\t\t<\/div>\n\t\t\t\t<\/div>\n\t\t\t\t\t<\/div>\n\t\t<\/div>\n\t\t\t\t<div class=\"elementor-column elementor-col-50 elementor-top-column elementor-element elementor-element-65c2791\" data-id=\"65c2791\" data-element_type=\"column\">\n\t\t\t<div class=\"elementor-widget-wrap elementor-element-populated\">\n\t\t\t\t\t\t<div class=\"elementor-element elementor-element-80a622d elementor-widget elementor-widget-spacer\" data-id=\"80a622d\" data-element_type=\"widget\" data-widget_type=\"spacer.default\">\n\t\t\t\t<div class=\"elementor-widget-container\">\n\t\t\t\t\t\t\t<div class=\"elementor-spacer\">\n\t\t\t<div class=\"elementor-spacer-inner\"><\/div>\n\t\t<\/div>\n\t\t\t\t\t\t<\/div>\n\t\t\t\t<\/div>\n\t\t\t\t<div class=\"elementor-element elementor-element-94db7aa elementor-widget elementor-widget-text-editor\" data-id=\"94db7aa\" data-element_type=\"widget\" data-widget_type=\"text-editor.default\">\n\t\t\t\t<div class=\"elementor-widget-container\">\n\t\t\t\t\t\t\t\t\t<h3><b>11 listopada 2019 roku o godzinie 11.11 od\u015bpiewali\u015bmy rado\u015bnie&nbsp; Hymn Polski.<\/b><\/h3>\n<h3><b>W ten spos\u00f3b w\u0142\u0105czyli\u015bmy si\u0119 do akcji organizowanej przez Ministerstwo Edukacji Narodowej i Rad\u0119 Dzieci i M\u0142odzie\u017cy &#8211; &#8222;Szko\u0142a do hymnu&#8221;. Stali\u015bmy si\u0119&nbsp; cz\u0119\u015bci\u0105 projektu, w kt\u00f3rym wzi\u0119\u0142o udzia\u0142 ponad 4 miliony uczni\u00f3w.<\/b><br><\/h3>\t\t\t\t\t\t\t\t<\/div>\n\t\t\t\t<\/div>\n\t\t\t\t\t<\/div>\n\t\t<\/div>\n\t\t\t\t\t<\/div>\n\t\t<\/section>\n\t\t\t\t<\/div>\n\t\t","protected":false},"excerpt":{"rendered":"<p>11 listopada 2019 roku o godzinie 11.11 od\u015bpiewali\u015bmy rado\u015bnie&nbsp; Hymn Polski. W ten spos\u00f3b w\u0142\u0105czyli\u015bmy si\u0119 do akcji organizowanej przez Ministerstwo Edukacji Narodowej i Rad\u0119 Dzieci i M\u0142odzie\u017cy &#8211; &#8222;Szko\u0142a do hymnu&#8221;. Stali\u015bmy si\u0119&nbsp; cz\u0119\u015bci\u0105 projektu, w kt\u00f3rym wzi\u0119\u0142o udzia\u0142 ponad 4 miliony uczni\u00f3w.<\/p>\n","protected":false},"author":1,"featured_media":0,"comment_status":"closed","ping_status":"closed","sticky":false,"template":"","format":"standard","meta":{"footnotes":""},"categories":[4],"tags":[],"class_list":["post-3065","post","type-post","status-publish","format-standard","hentry","category-archiwalne"],"_links":{"self":[{"href":"https:\/\/sp2aug.pl\/index.php\/wp-json\/wp\/v2\/posts\/3065","targetHints":{"allow":["GET"]}}],"collection":[{"href":"https:\/\/sp2aug.pl\/index.php\/wp-json\/wp\/v2\/posts"}],"about":[{"href":"https:\/\/sp2aug.pl\/index.php\/wp-json\/wp\/v2\/types\/post"}],"author":[{"embeddable":true,"href":"https:\/\/sp2aug.pl\/index.php\/wp-json\/wp\/v2\/users\/1"}],"replies":[{"embeddable":true,"href":"https:\/\/sp2aug.pl\/index.php\/wp-json\/wp\/v2\/comments?post=3065"}],"version-history":[{"count":2,"href":"https:\/\/sp2aug.pl\/index.php\/wp-json\/wp\/v2\/posts\/3065\/revisions"}],"predecessor-version":[{"id":3067,"href":"https:\/\/sp2aug.pl\/index.php\/wp-json\/wp\/v2\/posts\/3065\/revisions\/3067"}],"wp:attachment":[{"href":"https:\/\/sp2aug.pl\/index.php\/wp-json\/wp\/v2\/media?parent=3065"}],"wp:term":[{"taxonomy":"category","embeddable":true,"href":"https:\/\/sp2aug.pl\/index.php\/wp-json\/wp\/v2\/categories?post=3065"},{"taxonomy":"post_tag","embeddable":true,"href":"https:\/\/sp2aug.pl\/index.php\/wp-json\/wp\/v2\/tags?post=3065"}],"curies":[{"name":"wp","href":"https:\/\/api.w.org\/{rel}","templated":true}]}}