{"id":30399,"date":"2026-04-22T20:26:29","date_gmt":"2026-04-22T18:26:29","guid":{"rendered":"https:\/\/sp2aug.pl\/?p=30399"},"modified":"2026-04-22T20:27:55","modified_gmt":"2026-04-22T18:27:55","slug":"powiatowy-konkurs-recytatorski","status":"publish","type":"post","link":"https:\/\/sp2aug.pl\/index.php\/2026\/04\/22\/powiatowy-konkurs-recytatorski\/","title":{"rendered":"Powiatowy Konkurs Recytatorski"},"content":{"rendered":"\t\t<div data-elementor-type=\"wp-post\" data-elementor-id=\"30399\" class=\"elementor elementor-30399\">\n\t\t\t\t\t\t<section class=\"elementor-section elementor-top-section elementor-element elementor-element-0248024 elementor-section-boxed elementor-section-height-default elementor-section-height-default\" data-id=\"0248024\" data-element_type=\"section\">\n\t\t\t\t\t\t<div class=\"elementor-container elementor-column-gap-default\">\n\t\t\t\t\t<div class=\"elementor-column elementor-col-100 elementor-top-column elementor-element elementor-element-c7b101f\" data-id=\"c7b101f\" data-element_type=\"column\">\n\t\t\t<div class=\"elementor-widget-wrap elementor-element-populated\">\n\t\t\t\t\t\t<div class=\"elementor-element elementor-element-77414b5 elementor-widget elementor-widget-text-editor\" data-id=\"77414b5\" data-element_type=\"widget\" data-widget_type=\"text-editor.default\">\n\t\t\t\t<div class=\"elementor-widget-container\">\n\t\t\t\t\t\t\t\t\t<p>Tegoroczna, XXVIII edycja Powiatowego Konkursu Recytatorskiego \u201eTa ziemia od innych dro\u017csza\u201d<br \/>odby\u0142a si\u0119 pod has\u0142em przewodnim \u201eDom\u201d. By\u0142o to wyj\u0105tkowe wydarzenie, kt\u00f3re zgromadzi\u0142o wielu<br \/>utalentowanych, m\u0142odych recytator\u00f3w, prezentuj\u0105cych wysoki poziom artystyczny oraz ogromn\u0105<br \/>wra\u017cliwo\u015b\u0107 na s\u0142owo poetyckie.<br \/>Nasz\u0105 szko\u0142\u0119 reprezentowa\u0142y cztery uczennice: Laura Lewo\u0144 z klasy 7c, Hanna Samocik z klasy 7d,<br \/>Maja Siedlecka z klasy 8a oraz Julia Haponik z klasy 8b. Ka\u017cda z nich zaprezentowa\u0142a si\u0119 znakomicie,<br \/>ukazuj\u0105c pi\u0119kno poezji poprzez interpretacj\u0119, emocje i kultur\u0119 s\u0142owa.<br \/>Laura Lewo\u0144 zaprezentowa\u0142a utw\u00f3r \u201eDroga\u201d L. Pasternaka, zachwycaj\u0105c dojrza\u0142o\u015bci\u0105 interpretacji<br \/>oraz naturalno\u015bci\u0105 przekazu. Hanna Samocik si\u0119gn\u0119\u0142a po klasyk\u0119 \u2013 \u201eUrszul\u0119 Kochanowsk\u0105\u201d B.<br \/>Le\u015bmiana \u2013 ukazuj\u0105c g\u0142\u0119bi\u0119 emocji i niezwyk\u0142\u0105 wra\u017cliwo\u015b\u0107. Maja Siedlecka poruszy\u0142a publiczno\u015b\u0107<br \/>recytacj\u0105 wiersza \u201eTak, mia\u0142em kiedy\u015b dom\u201d autorstwa M. Gebirtiga, oddaj\u0105c przejmuj\u0105c\u0105 t\u0119sknot\u0119 i<br \/>g\u0142\u0119boki \u0142adunek emocjonalny. Julia Haponik natomiast przedstawi\u0142a wiersz \u201ePranie\u201d L. Kopiczko,<br \/>wnosz\u0105c na scen\u0119 \u015bwie\u017co\u015b\u0107 i autentyczno\u015b\u0107.<br \/>Poziom konkursu by\u0142 niezwykle wysoki, a konkurencja bardzo du\u017ca, co tym bardziej podkre\u015bla<br \/>osi\u0105gni\u0119cia naszych uczennic. Jury doceni\u0142o ich zaanga\u017cowanie oraz pi\u0119kno recytacji, przyznaj\u0105c<br \/>Laurze Lewo\u0144 I miejsce, Julii Haponik III miejsce, natomiast Mai Siedleckiej i Hannie Samocik<br \/>wyr\u00f3\u017cnienia.<br \/>Ca\u0142a spo\u0142eczno\u015b\u0107 szkolna jest niezwykle dumna z naszych reprezentantek \u2013 ich talentu, pracy i odwagi<br \/>scenicznej. Serdecznie gratulujemy wszystkim uczestniczkom i \u017cyczymy dalszych sukces\u00f3w oraz<br \/>rozwijania pasji do literatury i sztuki s\u0142owa!<\/p>\t\t\t\t\t\t\t\t<\/div>\n\t\t\t\t<\/div>\n\t\t\t\t\t<\/div>\n\t\t<\/div>\n\t\t\t\t\t<\/div>\n\t\t<\/section>\n\t\t\t\t<section class=\"elementor-section elementor-top-section elementor-element elementor-element-d10b8c2 elementor-section-boxed elementor-section-height-default elementor-section-height-default\" data-id=\"d10b8c2\" data-element_type=\"section\">\n\t\t\t\t\t\t<div class=\"elementor-container elementor-column-gap-default\">\n\t\t\t\t\t<div class=\"elementor-column elementor-col-100 elementor-top-column elementor-element elementor-element-607a88b\" data-id=\"607a88b\" data-element_type=\"column\">\n\t\t\t<div class=\"elementor-widget-wrap elementor-element-populated\">\n\t\t\t\t\t\t<div class=\"elementor-element elementor-element-37f7a97 elementor-arrows-position-inside elementor-pagination-position-outside elementor-widget elementor-widget-image-carousel\" data-id=\"37f7a97\" data-element_type=\"widget\" data-settings=\"{&quot;navigation&quot;:&quot;both&quot;,&quot;autoplay&quot;:&quot;yes&quot;,&quot;pause_on_hover&quot;:&quot;yes&quot;,&quot;pause_on_interaction&quot;:&quot;yes&quot;,&quot;autoplay_speed&quot;:5000,&quot;infinite&quot;:&quot;yes&quot;,&quot;speed&quot;:500}\" data-widget_type=\"image-carousel.default\">\n\t\t\t\t<div class=\"elementor-widget-container\">\n\t\t\t\t\t\t\t<div class=\"elementor-image-carousel-wrapper swiper\" role=\"region\" aria-roledescription=\"carousel\" aria-label=\"Karuzela obrazk\u00f3w\" dir=\"ltr\">\n\t\t\t<div class=\"elementor-image-carousel swiper-wrapper\" aria-live=\"off\">\n\t\t\t\t\t\t\t\t<div class=\"swiper-slide\" role=\"group\" aria-roledescription=\"slide\" aria-label=\"1 z 3\"><a data-elementor-open-lightbox=\"yes\" data-elementor-lightbox-slideshow=\"37f7a97\" data-elementor-lightbox-title=\"1\" data-e-action-hash=\"#elementor-action%3Aaction%3Dlightbox%26settings%3DeyJpZCI6MzA0MDAsInVybCI6Imh0dHBzOlwvXC9zcDJhdWcucGxcL3dwLWNvbnRlbnRcL3VwbG9hZHNcLzIwMjZcLzA0XC8xLTEwLmpwZyIsInNsaWRlc2hvdyI6IjM3ZjdhOTcifQ%3D%3D\" href=\"https:\/\/sp2aug.pl\/wp-content\/uploads\/2026\/04\/1-10.jpg\"><figure class=\"swiper-slide-inner\"><img decoding=\"async\" class=\"swiper-slide-image\" src=\"https:\/\/sp2aug.pl\/wp-content\/uploads\/2026\/04\/1-10-150x150.jpg\" alt=\"1\" \/><\/figure><\/a><\/div><div class=\"swiper-slide\" role=\"group\" aria-roledescription=\"slide\" aria-label=\"2 z 3\"><a data-elementor-open-lightbox=\"yes\" data-elementor-lightbox-slideshow=\"37f7a97\" data-elementor-lightbox-title=\"2\" data-e-action-hash=\"#elementor-action%3Aaction%3Dlightbox%26settings%3DeyJpZCI6MzA0MDEsInVybCI6Imh0dHBzOlwvXC9zcDJhdWcucGxcL3dwLWNvbnRlbnRcL3VwbG9hZHNcLzIwMjZcLzA0XC8yLTEwLmpwZyIsInNsaWRlc2hvdyI6IjM3ZjdhOTcifQ%3D%3D\" href=\"https:\/\/sp2aug.pl\/wp-content\/uploads\/2026\/04\/2-10.jpg\"><figure class=\"swiper-slide-inner\"><img decoding=\"async\" class=\"swiper-slide-image\" src=\"https:\/\/sp2aug.pl\/wp-content\/uploads\/2026\/04\/2-10-150x150.jpg\" alt=\"2\" \/><\/figure><\/a><\/div><div class=\"swiper-slide\" role=\"group\" aria-roledescription=\"slide\" aria-label=\"3 z 3\"><a data-elementor-open-lightbox=\"yes\" data-elementor-lightbox-slideshow=\"37f7a97\" data-elementor-lightbox-title=\"3\" data-e-action-hash=\"#elementor-action%3Aaction%3Dlightbox%26settings%3DeyJpZCI6MzA0MDIsInVybCI6Imh0dHBzOlwvXC9zcDJhdWcucGxcL3dwLWNvbnRlbnRcL3VwbG9hZHNcLzIwMjZcLzA0XC8zLTEwLmpwZyIsInNsaWRlc2hvdyI6IjM3ZjdhOTcifQ%3D%3D\" href=\"https:\/\/sp2aug.pl\/wp-content\/uploads\/2026\/04\/3-10.jpg\"><figure class=\"swiper-slide-inner\"><img decoding=\"async\" class=\"swiper-slide-image\" src=\"https:\/\/sp2aug.pl\/wp-content\/uploads\/2026\/04\/3-10-150x150.jpg\" alt=\"3\" \/><\/figure><\/a><\/div>\t\t\t<\/div>\n\t\t\t\t\t\t\t\t\t\t\t\t<div class=\"elementor-swiper-button elementor-swiper-button-prev\" role=\"button\" tabindex=\"0\">\n\t\t\t\t\t\t<i aria-hidden=\"true\" class=\"eicon-chevron-left\"><\/i>\t\t\t\t\t<\/div>\n\t\t\t\t\t<div class=\"elementor-swiper-button elementor-swiper-button-next\" role=\"button\" tabindex=\"0\">\n\t\t\t\t\t\t<i aria-hidden=\"true\" class=\"eicon-chevron-right\"><\/i>\t\t\t\t\t<\/div>\n\t\t\t\t\n\t\t\t\t\t\t\t\t\t<div class=\"swiper-pagination\"><\/div>\n\t\t\t\t\t\t\t\t\t<\/div>\n\t\t\t\t\t\t<\/div>\n\t\t\t\t<\/div>\n\t\t\t\t\t<\/div>\n\t\t<\/div>\n\t\t\t\t\t<\/div>\n\t\t<\/section>\n\t\t\t\t<\/div>\n\t\t","protected":false},"excerpt":{"rendered":"<p>Tegoroczna, XXVIII edycja Powiatowego Konkursu Recytatorskiego \u201eTa ziemia od innych dro\u017csza\u201dodby\u0142a si\u0119 pod has\u0142em przewodnim \u201eDom\u201d. By\u0142o to wyj\u0105tkowe wydarzenie, kt\u00f3re zgromadzi\u0142o wieluutalentowanych, m\u0142odych recytator\u00f3w, prezentuj\u0105cych wysoki poziom artystyczny oraz ogromn\u0105wra\u017cliwo\u015b\u0107 na s\u0142owo poetyckie.Nasz\u0105 szko\u0142\u0119 reprezentowa\u0142y cztery uczennice: Laura Lewo\u0144 z klasy 7c, Hanna Samocik z klasy 7d,Maja Siedlecka z klasy 8a oraz Julia Haponik&hellip;<\/p>\n","protected":false},"author":1,"featured_media":0,"comment_status":"closed","ping_status":"closed","sticky":false,"template":"","format":"standard","meta":{"footnotes":""},"categories":[4],"tags":[],"class_list":["post-30399","post","type-post","status-publish","format-standard","hentry","category-archiwalne"],"_links":{"self":[{"href":"https:\/\/sp2aug.pl\/index.php\/wp-json\/wp\/v2\/posts\/30399","targetHints":{"allow":["GET"]}}],"collection":[{"href":"https:\/\/sp2aug.pl\/index.php\/wp-json\/wp\/v2\/posts"}],"about":[{"href":"https:\/\/sp2aug.pl\/index.php\/wp-json\/wp\/v2\/types\/post"}],"author":[{"embeddable":true,"href":"https:\/\/sp2aug.pl\/index.php\/wp-json\/wp\/v2\/users\/1"}],"replies":[{"embeddable":true,"href":"https:\/\/sp2aug.pl\/index.php\/wp-json\/wp\/v2\/comments?post=30399"}],"version-history":[{"count":3,"href":"https:\/\/sp2aug.pl\/index.php\/wp-json\/wp\/v2\/posts\/30399\/revisions"}],"predecessor-version":[{"id":30405,"href":"https:\/\/sp2aug.pl\/index.php\/wp-json\/wp\/v2\/posts\/30399\/revisions\/30405"}],"wp:attachment":[{"href":"https:\/\/sp2aug.pl\/index.php\/wp-json\/wp\/v2\/media?parent=30399"}],"wp:term":[{"taxonomy":"category","embeddable":true,"href":"https:\/\/sp2aug.pl\/index.php\/wp-json\/wp\/v2\/categories?post=30399"},{"taxonomy":"post_tag","embeddable":true,"href":"https:\/\/sp2aug.pl\/index.php\/wp-json\/wp\/v2\/tags?post=30399"}],"curies":[{"name":"wp","href":"https:\/\/api.w.org\/{rel}","templated":true}]}}