{"id":30107,"date":"2026-03-31T20:22:01","date_gmt":"2026-03-31T18:22:01","guid":{"rendered":"https:\/\/sp2aug.pl\/?p=30107"},"modified":"2026-03-31T20:23:52","modified_gmt":"2026-03-31T18:23:52","slug":"dzien-swiadomosci-o-autyzmie","status":"publish","type":"post","link":"https:\/\/sp2aug.pl\/index.php\/2026\/03\/31\/dzien-swiadomosci-o-autyzmie\/","title":{"rendered":"Dzie\u0144 \u015awiadomo\u015bci o Autyzmie"},"content":{"rendered":"\t\t<div data-elementor-type=\"wp-post\" data-elementor-id=\"30107\" class=\"elementor elementor-30107\">\n\t\t\t\t\t\t<section class=\"elementor-section elementor-top-section elementor-element elementor-element-9f2aea3 elementor-section-boxed elementor-section-height-default elementor-section-height-default\" data-id=\"9f2aea3\" data-element_type=\"section\">\n\t\t\t\t\t\t<div class=\"elementor-container elementor-column-gap-default\">\n\t\t\t\t\t<div class=\"elementor-column elementor-col-100 elementor-top-column elementor-element elementor-element-3ba5033\" data-id=\"3ba5033\" data-element_type=\"column\">\n\t\t\t<div class=\"elementor-widget-wrap elementor-element-populated\">\n\t\t\t\t\t\t<div class=\"elementor-element elementor-element-1d1da99 elementor-widget elementor-widget-text-editor\" data-id=\"1d1da99\" data-element_type=\"widget\" data-widget_type=\"text-editor.default\">\n\t\t\t\t<div class=\"elementor-widget-container\">\n\t\t\t\t\t\t\t\t\t<p>30 marca w naszej szkole odby\u0142y si\u0119 obchody \u015awiatowego Dnia \u015awiadomo\u015bci o Autyzmie.<br>By\u0142 to dzie\u0144 pe\u0142en refleksji, zrozumienia i wsp\u00f3lnego budowania empatii wobec os\u00f3b w<br>spektrum.<br>Ju\u017c od rana wprowadzili\u015bmy zmiany sprzyjaj\u0105ce wyciszeniu \u2013 zrezygnowali\u015bmy z dzwonk\u00f3w<br>szkolnych, aby zadba\u0107 o komfort os\u00f3b nadwra\u017cliwych s\u0142uchowo. Na g\u00f3rnym korytarzu<br>uczniowie klas 1\u20133 uczestniczyli w treningu relaksacyjnym Jacobsona, ucz\u0105c si\u0119, jak radzi\u0107<br>sobie z napi\u0119ciem i stresem.<br>Podczas d\u0142u\u017cszych przerw korytarzach panowa\u0142a spokojna atmosfera \u2013 rozbrzmiewa\u0142a<br>muzyka relaksacyjna, kt\u00f3ra sprzyja\u0142a wyciszeniu i odpoczynkowi.<br>W tym czasie odbywa\u0142y si\u0119 r\u00f3wnie\u017c kiermasze zdrowych przek\u0105sek. Ca\u0142a spo\u0142eczno\u015b\u0107<br>szkolna ch\u0119tnie w\u0142\u0105czy\u0142a si\u0119 w t\u0119 inicjatyw\u0119, a zebrane \u015brodki zostan\u0105 przeznaczone na zakup<br>pomocy sensorycznych wspieraj\u0105cych uczni\u00f3w.<br>Na korytarzu dzia\u0142a\u0142 punkt informacyjny, gdzie mo\u017cna by\u0142o dowiedzie\u0107 si\u0119 wi\u0119cej o spektrum<br>autyzmu, pozna\u0107 ciekawostki oraz sposoby wspierania os\u00f3b w spektrum. Du\u017cym<br>zainteresowaniem cieszy\u0142 si\u0119 tak\u017ce mini quiz z nagrodami, kt\u00f3ry pozwala\u0142 sprawdzi\u0107 zdobyt\u0105<br>wiedz\u0119.<br>Przez ca\u0142y dzie\u0144 w czytelni funkcjonowa\u0142 k\u0105cik czytelniczy. Podczas spotkania uczniowie<br>poznali ksi\u0105\u017ck\u0119&nbsp;Krzy\u015b jest wyj\u0105tkowy&nbsp;autorstwa&nbsp;Charles A. Amenta III, kt\u00f3ra w przyst\u0119pny<br>spos\u00f3b przybli\u017ca \u015bwiat dziecka autystycznego, pomagaj\u0105c lepiej zrozumie\u0107 jego zachowania<br>oraz relacje rodzinne.<br>Dodatkowo zaprezentowano bajk\u0119&nbsp;B\u0142\u0119kitna nied\u017awiedzica&nbsp;napisan\u0105 przez&nbsp;Joanna Maria<br>Chmielewska. Utw\u00f3r ten porusza temat tolerancji i konsekwencji pochopnych decyzji,<br>sk\u0142aniaj\u0105c uczni\u00f3w do refleksji nad w\u0142asnymi postawami.<\/p>\n<p>Dzi\u0119kujemy wszystkim uczniom i nauczycielom za zaanga\u017cowanie.<br>To by\u0142 wa\u017cny dzie\u0144, kt\u00f3ry pokaza\u0142, jak wiele mo\u017cemy zrobi\u0107 razem, aby nasza szko\u0142a<\/p>\n<p>by\u0142a miejscem otwartym, wspieraj\u0105cym i pe\u0142nym zrozumienia.<\/p>\n<p>Zesp\u00f3\u0142 ds. wychowawczo &#8211; profilaktycznych<\/p>\t\t\t\t\t\t\t\t<\/div>\n\t\t\t\t<\/div>\n\t\t\t\t\t<\/div>\n\t\t<\/div>\n\t\t\t\t\t<\/div>\n\t\t<\/section>\n\t\t\t\t<section class=\"elementor-section elementor-top-section elementor-element elementor-element-583b794 elementor-section-boxed elementor-section-height-default elementor-section-height-default\" data-id=\"583b794\" data-element_type=\"section\">\n\t\t\t\t\t\t<div class=\"elementor-container elementor-column-gap-default\">\n\t\t\t\t\t<div class=\"elementor-column elementor-col-100 elementor-top-column elementor-element elementor-element-b12bd14\" data-id=\"b12bd14\" data-element_type=\"column\">\n\t\t\t<div class=\"elementor-widget-wrap elementor-element-populated\">\n\t\t\t\t\t\t<div class=\"elementor-element elementor-element-59e583f elementor-arrows-position-inside elementor-pagination-position-outside elementor-widget elementor-widget-image-carousel\" data-id=\"59e583f\" data-element_type=\"widget\" data-settings=\"{&quot;navigation&quot;:&quot;both&quot;,&quot;autoplay&quot;:&quot;yes&quot;,&quot;pause_on_hover&quot;:&quot;yes&quot;,&quot;pause_on_interaction&quot;:&quot;yes&quot;,&quot;autoplay_speed&quot;:5000,&quot;infinite&quot;:&quot;yes&quot;,&quot;speed&quot;:500}\" data-widget_type=\"image-carousel.default\">\n\t\t\t\t<div class=\"elementor-widget-container\">\n\t\t\t\t\t\t\t<div class=\"elementor-image-carousel-wrapper swiper\" role=\"region\" aria-roledescription=\"carousel\" aria-label=\"Karuzela obrazk\u00f3w\" dir=\"ltr\">\n\t\t\t<div class=\"elementor-image-carousel swiper-wrapper\" aria-live=\"off\">\n\t\t\t\t\t\t\t\t<div class=\"swiper-slide\" role=\"group\" aria-roledescription=\"slide\" aria-label=\"1 z 5\"><a data-elementor-open-lightbox=\"yes\" data-elementor-lightbox-slideshow=\"59e583f\" data-elementor-lightbox-title=\"1\" data-e-action-hash=\"#elementor-action%3Aaction%3Dlightbox%26settings%3DeyJpZCI6MzAxMDgsInVybCI6Imh0dHBzOlwvXC9zcDJhdWcucGxcL3dwLWNvbnRlbnRcL3VwbG9hZHNcLzIwMjZcLzAzXC8xLTI1LmpwZyIsInNsaWRlc2hvdyI6IjU5ZTU4M2YifQ%3D%3D\" href=\"https:\/\/sp2aug.pl\/wp-content\/uploads\/2026\/03\/1-25.jpg\"><figure class=\"swiper-slide-inner\"><img decoding=\"async\" class=\"swiper-slide-image\" src=\"https:\/\/sp2aug.pl\/wp-content\/uploads\/2026\/03\/1-25-150x150.jpg\" alt=\"1\" \/><\/figure><\/a><\/div><div class=\"swiper-slide\" role=\"group\" aria-roledescription=\"slide\" aria-label=\"2 z 5\"><a data-elementor-open-lightbox=\"yes\" data-elementor-lightbox-slideshow=\"59e583f\" data-elementor-lightbox-title=\"2\" data-e-action-hash=\"#elementor-action%3Aaction%3Dlightbox%26settings%3DeyJpZCI6MzAxMDksInVybCI6Imh0dHBzOlwvXC9zcDJhdWcucGxcL3dwLWNvbnRlbnRcL3VwbG9hZHNcLzIwMjZcLzAzXC8yLTI2LmpwZyIsInNsaWRlc2hvdyI6IjU5ZTU4M2YifQ%3D%3D\" href=\"https:\/\/sp2aug.pl\/wp-content\/uploads\/2026\/03\/2-26.jpg\"><figure class=\"swiper-slide-inner\"><img decoding=\"async\" class=\"swiper-slide-image\" src=\"https:\/\/sp2aug.pl\/wp-content\/uploads\/2026\/03\/2-26-150x150.jpg\" alt=\"2\" \/><\/figure><\/a><\/div><div class=\"swiper-slide\" role=\"group\" aria-roledescription=\"slide\" aria-label=\"3 z 5\"><a data-elementor-open-lightbox=\"yes\" data-elementor-lightbox-slideshow=\"59e583f\" data-elementor-lightbox-title=\"3\" data-e-action-hash=\"#elementor-action%3Aaction%3Dlightbox%26settings%3DeyJpZCI6MzAxMTAsInVybCI6Imh0dHBzOlwvXC9zcDJhdWcucGxcL3dwLWNvbnRlbnRcL3VwbG9hZHNcLzIwMjZcLzAzXC8zLTI2LmpwZyIsInNsaWRlc2hvdyI6IjU5ZTU4M2YifQ%3D%3D\" href=\"https:\/\/sp2aug.pl\/wp-content\/uploads\/2026\/03\/3-26.jpg\"><figure class=\"swiper-slide-inner\"><img decoding=\"async\" class=\"swiper-slide-image\" src=\"https:\/\/sp2aug.pl\/wp-content\/uploads\/2026\/03\/3-26-150x150.jpg\" alt=\"3\" \/><\/figure><\/a><\/div><div class=\"swiper-slide\" role=\"group\" aria-roledescription=\"slide\" aria-label=\"4 z 5\"><a data-elementor-open-lightbox=\"yes\" data-elementor-lightbox-slideshow=\"59e583f\" data-elementor-lightbox-title=\"4\" data-e-action-hash=\"#elementor-action%3Aaction%3Dlightbox%26settings%3DeyJpZCI6MzAxMTEsInVybCI6Imh0dHBzOlwvXC9zcDJhdWcucGxcL3dwLWNvbnRlbnRcL3VwbG9hZHNcLzIwMjZcLzAzXC80LTIzLmpwZyIsInNsaWRlc2hvdyI6IjU5ZTU4M2YifQ%3D%3D\" href=\"https:\/\/sp2aug.pl\/wp-content\/uploads\/2026\/03\/4-23.jpg\"><figure class=\"swiper-slide-inner\"><img decoding=\"async\" class=\"swiper-slide-image\" src=\"https:\/\/sp2aug.pl\/wp-content\/uploads\/2026\/03\/4-23-150x150.jpg\" alt=\"4\" \/><\/figure><\/a><\/div><div class=\"swiper-slide\" role=\"group\" aria-roledescription=\"slide\" aria-label=\"5 z 5\"><a data-elementor-open-lightbox=\"yes\" data-elementor-lightbox-slideshow=\"59e583f\" data-elementor-lightbox-title=\"5\" data-e-action-hash=\"#elementor-action%3Aaction%3Dlightbox%26settings%3DeyJpZCI6MzAxMTIsInVybCI6Imh0dHBzOlwvXC9zcDJhdWcucGxcL3dwLWNvbnRlbnRcL3VwbG9hZHNcLzIwMjZcLzAzXC81LTE5LmpwZyIsInNsaWRlc2hvdyI6IjU5ZTU4M2YifQ%3D%3D\" href=\"https:\/\/sp2aug.pl\/wp-content\/uploads\/2026\/03\/5-19.jpg\"><figure class=\"swiper-slide-inner\"><img decoding=\"async\" class=\"swiper-slide-image\" src=\"https:\/\/sp2aug.pl\/wp-content\/uploads\/2026\/03\/5-19-150x150.jpg\" alt=\"5\" \/><\/figure><\/a><\/div>\t\t\t<\/div>\n\t\t\t\t\t\t\t\t\t\t\t\t<div class=\"elementor-swiper-button elementor-swiper-button-prev\" role=\"button\" tabindex=\"0\">\n\t\t\t\t\t\t<i aria-hidden=\"true\" class=\"eicon-chevron-left\"><\/i>\t\t\t\t\t<\/div>\n\t\t\t\t\t<div class=\"elementor-swiper-button elementor-swiper-button-next\" role=\"button\" tabindex=\"0\">\n\t\t\t\t\t\t<i aria-hidden=\"true\" class=\"eicon-chevron-right\"><\/i>\t\t\t\t\t<\/div>\n\t\t\t\t\n\t\t\t\t\t\t\t\t\t<div class=\"swiper-pagination\"><\/div>\n\t\t\t\t\t\t\t\t\t<\/div>\n\t\t\t\t\t\t<\/div>\n\t\t\t\t<\/div>\n\t\t\t\t\t<\/div>\n\t\t<\/div>\n\t\t\t\t\t<\/div>\n\t\t<\/section>\n\t\t\t\t<\/div>\n\t\t","protected":false},"excerpt":{"rendered":"<p>30 marca w naszej szkole odby\u0142y si\u0119 obchody \u015awiatowego Dnia \u015awiadomo\u015bci o Autyzmie.By\u0142 to dzie\u0144 pe\u0142en refleksji, zrozumienia i wsp\u00f3lnego budowania empatii wobec os\u00f3b wspektrum.Ju\u017c od rana wprowadzili\u015bmy zmiany sprzyjaj\u0105ce wyciszeniu \u2013 zrezygnowali\u015bmy z dzwonk\u00f3wszkolnych, aby zadba\u0107 o komfort os\u00f3b nadwra\u017cliwych s\u0142uchowo. Na g\u00f3rnym korytarzuuczniowie klas 1\u20133 uczestniczyli w treningu relaksacyjnym Jacobsona, ucz\u0105c si\u0119, jak&hellip;<\/p>\n","protected":false},"author":1,"featured_media":0,"comment_status":"closed","ping_status":"closed","sticky":false,"template":"","format":"standard","meta":{"footnotes":""},"categories":[4],"tags":[],"class_list":["post-30107","post","type-post","status-publish","format-standard","hentry","category-archiwalne"],"_links":{"self":[{"href":"https:\/\/sp2aug.pl\/index.php\/wp-json\/wp\/v2\/posts\/30107","targetHints":{"allow":["GET"]}}],"collection":[{"href":"https:\/\/sp2aug.pl\/index.php\/wp-json\/wp\/v2\/posts"}],"about":[{"href":"https:\/\/sp2aug.pl\/index.php\/wp-json\/wp\/v2\/types\/post"}],"author":[{"embeddable":true,"href":"https:\/\/sp2aug.pl\/index.php\/wp-json\/wp\/v2\/users\/1"}],"replies":[{"embeddable":true,"href":"https:\/\/sp2aug.pl\/index.php\/wp-json\/wp\/v2\/comments?post=30107"}],"version-history":[{"count":3,"href":"https:\/\/sp2aug.pl\/index.php\/wp-json\/wp\/v2\/posts\/30107\/revisions"}],"predecessor-version":[{"id":30115,"href":"https:\/\/sp2aug.pl\/index.php\/wp-json\/wp\/v2\/posts\/30107\/revisions\/30115"}],"wp:attachment":[{"href":"https:\/\/sp2aug.pl\/index.php\/wp-json\/wp\/v2\/media?parent=30107"}],"wp:term":[{"taxonomy":"category","embeddable":true,"href":"https:\/\/sp2aug.pl\/index.php\/wp-json\/wp\/v2\/categories?post=30107"},{"taxonomy":"post_tag","embeddable":true,"href":"https:\/\/sp2aug.pl\/index.php\/wp-json\/wp\/v2\/tags?post=30107"}],"curies":[{"name":"wp","href":"https:\/\/api.w.org\/{rel}","templated":true}]}}