{"id":29728,"date":"2026-03-17T19:40:25","date_gmt":"2026-03-17T18:40:25","guid":{"rendered":"https:\/\/sp2aug.pl\/?p=29728"},"modified":"2026-03-17T19:43:16","modified_gmt":"2026-03-17T18:43:16","slug":"mlodzi-aktorzy-na-start","status":"publish","type":"post","link":"https:\/\/sp2aug.pl\/index.php\/2026\/03\/17\/mlodzi-aktorzy-na-start\/","title":{"rendered":"M\u0142odzi aktorzy na start!"},"content":{"rendered":"\t\t<div data-elementor-type=\"wp-post\" data-elementor-id=\"29728\" class=\"elementor elementor-29728\">\n\t\t\t\t\t\t<section class=\"elementor-section elementor-top-section elementor-element elementor-element-82820f7 elementor-section-boxed elementor-section-height-default elementor-section-height-default\" data-id=\"82820f7\" data-element_type=\"section\">\n\t\t\t\t\t\t<div class=\"elementor-container elementor-column-gap-default\">\n\t\t\t\t\t<div class=\"elementor-column elementor-col-100 elementor-top-column elementor-element elementor-element-91b7740\" data-id=\"91b7740\" data-element_type=\"column\">\n\t\t\t<div class=\"elementor-widget-wrap elementor-element-populated\">\n\t\t\t\t\t\t<div class=\"elementor-element elementor-element-e1fbe02 elementor-widget elementor-widget-text-editor\" data-id=\"e1fbe02\" data-element_type=\"widget\" data-widget_type=\"text-editor.default\">\n\t\t\t\t<div class=\"elementor-widget-container\">\n\t\t\t\t\t\t\t\t\t<div>Ju\u017c po raz XXIV odby\u0142 si\u0119 w I Liceum Og\u00f3lnokszta\u0142c\u0105cym im. Grzegorza Piramowicza w Augustowie Powiatowy Konkurs M\u0142odego Aktora. Nasz\u0105 szko\u0142\u0119 wspaniale reprezentowa\u0142y w nim 4 uczennice:<\/div><div>1. Julia Niedba\u0142a 8b recytowa\u0142a fragment prozy Aleksandra Kami\u0144skiego pt. ,,Kamienie na szaniec&#8221;, dzi\u0119ki kt\u00f3remu zaj\u0119\u0142a III miejsce,<\/div><div>2. Julia Haponik 8b we wspania\u0142ej komediowej ods\u0142onie ,,Zemsty &#8221; Aleksandra Fredry &#8211; wyr\u00f3\u017cnienie,<\/div><div>3. Maja Zaborowska 8b r\u00f3wnie\u017c zab\u0142ysn\u0119\u0142a deklamacj\u0105 wy\u017cej wymienionej komedii,<\/div><div>4. Laura Lewo\u0144 7c wspaniale za\u015bpiewa\u0142 utw\u00f3r Edyty Geppert pt. ,,Och,\u017cycie, kocham ci\u0119 nad \u017cycie&#8221; w kategorii piosenki aktorskiej.<\/div><div>Gratulujemy naszym m\u0142odym aktorkom wspania\u0142ych wyst\u0119p\u00f3w, olbrzymiego zaanga\u017cowania i \u017cyczymy kolejnych sukces\u00f3w aktorskich.<\/div><div>Opiekunowie: P. Beata Arciszewska, P. Edyta Bielawska i P. Anna Palczewska<\/div>\t\t\t\t\t\t\t\t<\/div>\n\t\t\t\t<\/div>\n\t\t\t\t\t<\/div>\n\t\t<\/div>\n\t\t\t\t\t<\/div>\n\t\t<\/section>\n\t\t\t\t<section class=\"elementor-section elementor-top-section elementor-element elementor-element-1eba901 elementor-section-boxed elementor-section-height-default elementor-section-height-default\" data-id=\"1eba901\" data-element_type=\"section\">\n\t\t\t\t\t\t<div class=\"elementor-container elementor-column-gap-default\">\n\t\t\t\t\t<div class=\"elementor-column elementor-col-50 elementor-top-column elementor-element elementor-element-6b47c0c\" data-id=\"6b47c0c\" data-element_type=\"column\">\n\t\t\t<div class=\"elementor-widget-wrap elementor-element-populated\">\n\t\t\t\t\t\t<div class=\"elementor-element elementor-element-c463289 elementor-widget elementor-widget-image\" data-id=\"c463289\" data-element_type=\"widget\" data-widget_type=\"image.default\">\n\t\t\t\t<div class=\"elementor-widget-container\">\n\t\t\t\t\t\t\t\t\t\t\t\t\t\t\t\t<a href=\"https:\/\/sp2aug.pl\/wp-content\/uploads\/2026\/03\/a2.png\" data-elementor-open-lightbox=\"yes\" data-elementor-lightbox-title=\"a2\" data-e-action-hash=\"#elementor-action%3Aaction%3Dlightbox%26settings%3DeyJpZCI6Mjk3MzAsInVybCI6Imh0dHBzOlwvXC9zcDJhdWcucGxcL3dwLWNvbnRlbnRcL3VwbG9hZHNcLzIwMjZcLzAzXC9hMi5wbmcifQ%3D%3D\">\n\t\t\t\t\t\t\t<img fetchpriority=\"high\" decoding=\"async\" width=\"690\" height=\"492\" src=\"https:\/\/sp2aug.pl\/wp-content\/uploads\/2026\/03\/a2.png\" class=\"attachment-large size-large wp-image-29730\" alt=\"\" srcset=\"https:\/\/sp2aug.pl\/wp-content\/uploads\/2026\/03\/a2.png 690w, https:\/\/sp2aug.pl\/wp-content\/uploads\/2026\/03\/a2-300x214.png 300w\" sizes=\"(max-width: 690px) 100vw, 690px\" \/>\t\t\t\t\t\t\t\t<\/a>\n\t\t\t\t\t\t\t\t\t\t\t\t\t\t\t<\/div>\n\t\t\t\t<\/div>\n\t\t\t\t\t<\/div>\n\t\t<\/div>\n\t\t\t\t<div class=\"elementor-column elementor-col-50 elementor-top-column elementor-element elementor-element-c0bf5e3\" data-id=\"c0bf5e3\" data-element_type=\"column\">\n\t\t\t<div class=\"elementor-widget-wrap elementor-element-populated\">\n\t\t\t\t\t\t<div class=\"elementor-element elementor-element-ca98560 elementor-widget elementor-widget-image\" data-id=\"ca98560\" data-element_type=\"widget\" data-widget_type=\"image.default\">\n\t\t\t\t<div class=\"elementor-widget-container\">\n\t\t\t\t\t\t\t\t\t\t\t\t\t\t\t\t<a href=\"https:\/\/sp2aug.pl\/wp-content\/uploads\/2026\/03\/a1.png\" data-elementor-open-lightbox=\"yes\" data-elementor-lightbox-title=\"a1\" data-e-action-hash=\"#elementor-action%3Aaction%3Dlightbox%26settings%3DeyJpZCI6Mjk3MjksInVybCI6Imh0dHBzOlwvXC9zcDJhdWcucGxcL3dwLWNvbnRlbnRcL3VwbG9hZHNcLzIwMjZcLzAzXC9hMS5wbmcifQ%3D%3D\">\n\t\t\t\t\t\t\t<img decoding=\"async\" width=\"692\" height=\"566\" src=\"https:\/\/sp2aug.pl\/wp-content\/uploads\/2026\/03\/a1.png\" class=\"attachment-large size-large wp-image-29729\" alt=\"\" srcset=\"https:\/\/sp2aug.pl\/wp-content\/uploads\/2026\/03\/a1.png 692w, https:\/\/sp2aug.pl\/wp-content\/uploads\/2026\/03\/a1-300x245.png 300w\" sizes=\"(max-width: 692px) 100vw, 692px\" \/>\t\t\t\t\t\t\t\t<\/a>\n\t\t\t\t\t\t\t\t\t\t\t\t\t\t\t<\/div>\n\t\t\t\t<\/div>\n\t\t\t\t\t<\/div>\n\t\t<\/div>\n\t\t\t\t\t<\/div>\n\t\t<\/section>\n\t\t\t\t<\/div>\n\t\t","protected":false},"excerpt":{"rendered":"<p>Ju\u017c po raz XXIV odby\u0142 si\u0119 w I Liceum Og\u00f3lnokszta\u0142c\u0105cym im. Grzegorza Piramowicza w Augustowie Powiatowy Konkurs M\u0142odego Aktora. Nasz\u0105 szko\u0142\u0119 wspaniale reprezentowa\u0142y w nim 4 uczennice:1. Julia Niedba\u0142a 8b recytowa\u0142a fragment prozy Aleksandra Kami\u0144skiego pt. ,,Kamienie na szaniec&#8221;, dzi\u0119ki kt\u00f3remu zaj\u0119\u0142a III miejsce,2. Julia Haponik 8b we wspania\u0142ej komediowej ods\u0142onie ,,Zemsty &#8221; Aleksandra Fredry&hellip;<\/p>\n","protected":false},"author":1,"featured_media":0,"comment_status":"closed","ping_status":"closed","sticky":false,"template":"","format":"standard","meta":{"footnotes":""},"categories":[4],"tags":[],"class_list":["post-29728","post","type-post","status-publish","format-standard","hentry","category-archiwalne"],"_links":{"self":[{"href":"https:\/\/sp2aug.pl\/index.php\/wp-json\/wp\/v2\/posts\/29728","targetHints":{"allow":["GET"]}}],"collection":[{"href":"https:\/\/sp2aug.pl\/index.php\/wp-json\/wp\/v2\/posts"}],"about":[{"href":"https:\/\/sp2aug.pl\/index.php\/wp-json\/wp\/v2\/types\/post"}],"author":[{"embeddable":true,"href":"https:\/\/sp2aug.pl\/index.php\/wp-json\/wp\/v2\/users\/1"}],"replies":[{"embeddable":true,"href":"https:\/\/sp2aug.pl\/index.php\/wp-json\/wp\/v2\/comments?post=29728"}],"version-history":[{"count":6,"href":"https:\/\/sp2aug.pl\/index.php\/wp-json\/wp\/v2\/posts\/29728\/revisions"}],"predecessor-version":[{"id":29741,"href":"https:\/\/sp2aug.pl\/index.php\/wp-json\/wp\/v2\/posts\/29728\/revisions\/29741"}],"wp:attachment":[{"href":"https:\/\/sp2aug.pl\/index.php\/wp-json\/wp\/v2\/media?parent=29728"}],"wp:term":[{"taxonomy":"category","embeddable":true,"href":"https:\/\/sp2aug.pl\/index.php\/wp-json\/wp\/v2\/categories?post=29728"},{"taxonomy":"post_tag","embeddable":true,"href":"https:\/\/sp2aug.pl\/index.php\/wp-json\/wp\/v2\/tags?post=29728"}],"curies":[{"name":"wp","href":"https:\/\/api.w.org\/{rel}","templated":true}]}}