{"id":29688,"date":"2026-03-16T19:40:31","date_gmt":"2026-03-16T18:40:31","guid":{"rendered":"https:\/\/sp2aug.pl\/?p=29688"},"modified":"2026-03-16T19:44:30","modified_gmt":"2026-03-16T18:44:30","slug":"sukces-uczniow-w-konkursie-plastycznym","status":"publish","type":"post","link":"https:\/\/sp2aug.pl\/index.php\/2026\/03\/16\/sukces-uczniow-w-konkursie-plastycznym\/","title":{"rendered":"Sukces uczni\u00f3w w konkursie plastycznym"},"content":{"rendered":"\t\t<div data-elementor-type=\"wp-post\" data-elementor-id=\"29688\" class=\"elementor elementor-29688\">\n\t\t\t\t\t\t<section class=\"elementor-section elementor-top-section elementor-element elementor-element-1f00e44 elementor-section-boxed elementor-section-height-default elementor-section-height-default\" data-id=\"1f00e44\" data-element_type=\"section\">\n\t\t\t\t\t\t<div class=\"elementor-container elementor-column-gap-default\">\n\t\t\t\t\t<div class=\"elementor-column elementor-col-100 elementor-top-column elementor-element elementor-element-b06a46f\" data-id=\"b06a46f\" data-element_type=\"column\">\n\t\t\t<div class=\"elementor-widget-wrap elementor-element-populated\">\n\t\t\t\t\t\t<div class=\"elementor-element elementor-element-ef8f52f elementor-widget elementor-widget-text-editor\" data-id=\"ef8f52f\" data-element_type=\"widget\" data-widget_type=\"text-editor.default\">\n\t\t\t\t<div class=\"elementor-widget-container\">\n\t\t\t\t\t\t\t\t\t<p>10 marca 2026 r. odby\u0142o si\u0119 podsumowanie konkursu plastycznego dla uczni\u00f3w klas I\u2013III pt. \u201eLegendy polskie\u201d, zorganizowanego przez APK Miejsk\u0105 Bibliotek\u0119 Publiczn\u0105 w Augustowie.<\/p><p>W\u015br\u00f3d nagrodzonych znale\u017ali si\u0119 uczniowie naszej szko\u0142y. Laureatkami konkursu zosta\u0142y:<br \/><strong>Anna Niedba\u0142a<\/strong>\u00a0za prac\u0119 \u201eLegenda o Smoku Wawelskim\u201d oraz\u00a0<strong>Joanna Romanowska<\/strong>\u00a0za prac\u0119 \u201eBazyliszek\u201d.<\/p><p><strong>Wyr\u00f3\u017cnienia otrzymali:<\/strong><br \/>Nikola Czarnowska \u2013 \u201eSyrenka\u201d,<br \/>Zofia So\u0142tys \u2013 \u201eLegenda o Lajkoniku\u201d,<br \/>Dominika Waracka \u2013 \u201eLegenda o Smoku Wawelskim\u201d,<br \/>Julia Puchalska \u2013 \u201eLegenda o Z\u0142otej Kaczce\u201d.<\/p><p>Wszystkie prace konkursowe mo\u017cna podziwia\u0107 na wystawie w Bibliotece Miejskiej \u2013 w Wypo\u017cyczalni dla Dzieci i M\u0142odzie\u017cy.<\/p><p>Gratulujemy wszystkim uczestnikom i \u017cyczymy dalszych sukces\u00f3w!\u00a0<\/p>\t\t\t\t\t\t\t\t<\/div>\n\t\t\t\t<\/div>\n\t\t\t\t\t<\/div>\n\t\t<\/div>\n\t\t\t\t\t<\/div>\n\t\t<\/section>\n\t\t\t\t<section class=\"elementor-section elementor-top-section elementor-element elementor-element-a407cf3 elementor-section-boxed elementor-section-height-default elementor-section-height-default\" data-id=\"a407cf3\" data-element_type=\"section\">\n\t\t\t\t\t\t<div class=\"elementor-container elementor-column-gap-default\">\n\t\t\t\t\t<div class=\"elementor-column elementor-col-100 elementor-top-column elementor-element elementor-element-11e34f7\" data-id=\"11e34f7\" data-element_type=\"column\">\n\t\t\t<div class=\"elementor-widget-wrap elementor-element-populated\">\n\t\t\t\t\t\t<div class=\"elementor-element elementor-element-3a43536 elementor-arrows-position-inside elementor-pagination-position-outside elementor-widget elementor-widget-image-carousel\" data-id=\"3a43536\" data-element_type=\"widget\" data-settings=\"{&quot;navigation&quot;:&quot;both&quot;,&quot;autoplay&quot;:&quot;yes&quot;,&quot;pause_on_hover&quot;:&quot;yes&quot;,&quot;pause_on_interaction&quot;:&quot;yes&quot;,&quot;autoplay_speed&quot;:5000,&quot;infinite&quot;:&quot;yes&quot;,&quot;speed&quot;:500}\" data-widget_type=\"image-carousel.default\">\n\t\t\t\t<div class=\"elementor-widget-container\">\n\t\t\t\t\t\t\t<div class=\"elementor-image-carousel-wrapper swiper\" role=\"region\" aria-roledescription=\"carousel\" aria-label=\"Karuzela obrazk\u00f3w\" dir=\"ltr\">\n\t\t\t<div class=\"elementor-image-carousel swiper-wrapper\" aria-live=\"off\">\n\t\t\t\t\t\t\t\t<div class=\"swiper-slide\" role=\"group\" aria-roledescription=\"slide\" aria-label=\"1 z 4\"><a data-elementor-open-lightbox=\"yes\" data-elementor-lightbox-slideshow=\"3a43536\" data-elementor-lightbox-title=\"1\" data-e-action-hash=\"#elementor-action%3Aaction%3Dlightbox%26settings%3DeyJpZCI6Mjk2ODksInVybCI6Imh0dHBzOlwvXC9zcDJhdWcucGxcL3dwLWNvbnRlbnRcL3VwbG9hZHNcLzIwMjZcLzAzXC8xLTkuanBnIiwic2xpZGVzaG93IjoiM2E0MzUzNiJ9\" href=\"https:\/\/sp2aug.pl\/wp-content\/uploads\/2026\/03\/1-9.jpg\"><figure class=\"swiper-slide-inner\"><img decoding=\"async\" class=\"swiper-slide-image\" src=\"https:\/\/sp2aug.pl\/wp-content\/uploads\/2026\/03\/1-9-150x150.jpg\" alt=\"1\" \/><\/figure><\/a><\/div><div class=\"swiper-slide\" role=\"group\" aria-roledescription=\"slide\" aria-label=\"2 z 4\"><a data-elementor-open-lightbox=\"yes\" data-elementor-lightbox-slideshow=\"3a43536\" data-elementor-lightbox-title=\"2\" data-e-action-hash=\"#elementor-action%3Aaction%3Dlightbox%26settings%3DeyJpZCI6Mjk2OTAsInVybCI6Imh0dHBzOlwvXC9zcDJhdWcucGxcL3dwLWNvbnRlbnRcL3VwbG9hZHNcLzIwMjZcLzAzXC8yLTkuanBnIiwic2xpZGVzaG93IjoiM2E0MzUzNiJ9\" href=\"https:\/\/sp2aug.pl\/wp-content\/uploads\/2026\/03\/2-9.jpg\"><figure class=\"swiper-slide-inner\"><img decoding=\"async\" class=\"swiper-slide-image\" src=\"https:\/\/sp2aug.pl\/wp-content\/uploads\/2026\/03\/2-9-150x150.jpg\" alt=\"2\" \/><\/figure><\/a><\/div><div class=\"swiper-slide\" role=\"group\" aria-roledescription=\"slide\" aria-label=\"3 z 4\"><a data-elementor-open-lightbox=\"yes\" data-elementor-lightbox-slideshow=\"3a43536\" data-elementor-lightbox-title=\"3\" data-e-action-hash=\"#elementor-action%3Aaction%3Dlightbox%26settings%3DeyJpZCI6Mjk2OTEsInVybCI6Imh0dHBzOlwvXC9zcDJhdWcucGxcL3dwLWNvbnRlbnRcL3VwbG9hZHNcLzIwMjZcLzAzXC8zLTkuanBnIiwic2xpZGVzaG93IjoiM2E0MzUzNiJ9\" href=\"https:\/\/sp2aug.pl\/wp-content\/uploads\/2026\/03\/3-9.jpg\"><figure class=\"swiper-slide-inner\"><img decoding=\"async\" class=\"swiper-slide-image\" src=\"https:\/\/sp2aug.pl\/wp-content\/uploads\/2026\/03\/3-9-150x150.jpg\" alt=\"3\" \/><\/figure><\/a><\/div><div class=\"swiper-slide\" role=\"group\" aria-roledescription=\"slide\" aria-label=\"4 z 4\"><a data-elementor-open-lightbox=\"yes\" data-elementor-lightbox-slideshow=\"3a43536\" data-elementor-lightbox-title=\"4\" data-e-action-hash=\"#elementor-action%3Aaction%3Dlightbox%26settings%3DeyJpZCI6Mjk2OTIsInVybCI6Imh0dHBzOlwvXC9zcDJhdWcucGxcL3dwLWNvbnRlbnRcL3VwbG9hZHNcLzIwMjZcLzAzXC80LTkuanBnIiwic2xpZGVzaG93IjoiM2E0MzUzNiJ9\" href=\"https:\/\/sp2aug.pl\/wp-content\/uploads\/2026\/03\/4-9.jpg\"><figure class=\"swiper-slide-inner\"><img decoding=\"async\" class=\"swiper-slide-image\" src=\"https:\/\/sp2aug.pl\/wp-content\/uploads\/2026\/03\/4-9-150x150.jpg\" alt=\"4\" \/><\/figure><\/a><\/div>\t\t\t<\/div>\n\t\t\t\t\t\t\t\t\t\t\t\t<div class=\"elementor-swiper-button elementor-swiper-button-prev\" role=\"button\" tabindex=\"0\">\n\t\t\t\t\t\t<i aria-hidden=\"true\" class=\"eicon-chevron-left\"><\/i>\t\t\t\t\t<\/div>\n\t\t\t\t\t<div class=\"elementor-swiper-button elementor-swiper-button-next\" role=\"button\" tabindex=\"0\">\n\t\t\t\t\t\t<i aria-hidden=\"true\" class=\"eicon-chevron-right\"><\/i>\t\t\t\t\t<\/div>\n\t\t\t\t\n\t\t\t\t\t\t\t\t\t<div class=\"swiper-pagination\"><\/div>\n\t\t\t\t\t\t\t\t\t<\/div>\n\t\t\t\t\t\t<\/div>\n\t\t\t\t<\/div>\n\t\t\t\t\t<\/div>\n\t\t<\/div>\n\t\t\t\t\t<\/div>\n\t\t<\/section>\n\t\t\t\t<\/div>\n\t\t","protected":false},"excerpt":{"rendered":"<p>10 marca 2026 r. odby\u0142o si\u0119 podsumowanie konkursu plastycznego dla uczni\u00f3w klas I\u2013III pt. \u201eLegendy polskie\u201d, zorganizowanego przez APK Miejsk\u0105 Bibliotek\u0119 Publiczn\u0105 w Augustowie. W\u015br\u00f3d nagrodzonych znale\u017ali si\u0119 uczniowie naszej szko\u0142y. Laureatkami konkursu zosta\u0142y:Anna Niedba\u0142a\u00a0za prac\u0119 \u201eLegenda o Smoku Wawelskim\u201d oraz\u00a0Joanna Romanowska\u00a0za prac\u0119 \u201eBazyliszek\u201d. Wyr\u00f3\u017cnienia otrzymali:Nikola Czarnowska \u2013 \u201eSyrenka\u201d,Zofia So\u0142tys \u2013 \u201eLegenda o Lajkoniku\u201d,Dominika Waracka&hellip;<\/p>\n","protected":false},"author":1,"featured_media":0,"comment_status":"closed","ping_status":"closed","sticky":false,"template":"","format":"standard","meta":{"footnotes":""},"categories":[4],"tags":[],"class_list":["post-29688","post","type-post","status-publish","format-standard","hentry","category-archiwalne"],"_links":{"self":[{"href":"https:\/\/sp2aug.pl\/index.php\/wp-json\/wp\/v2\/posts\/29688","targetHints":{"allow":["GET"]}}],"collection":[{"href":"https:\/\/sp2aug.pl\/index.php\/wp-json\/wp\/v2\/posts"}],"about":[{"href":"https:\/\/sp2aug.pl\/index.php\/wp-json\/wp\/v2\/types\/post"}],"author":[{"embeddable":true,"href":"https:\/\/sp2aug.pl\/index.php\/wp-json\/wp\/v2\/users\/1"}],"replies":[{"embeddable":true,"href":"https:\/\/sp2aug.pl\/index.php\/wp-json\/wp\/v2\/comments?post=29688"}],"version-history":[{"count":3,"href":"https:\/\/sp2aug.pl\/index.php\/wp-json\/wp\/v2\/posts\/29688\/revisions"}],"predecessor-version":[{"id":29695,"href":"https:\/\/sp2aug.pl\/index.php\/wp-json\/wp\/v2\/posts\/29688\/revisions\/29695"}],"wp:attachment":[{"href":"https:\/\/sp2aug.pl\/index.php\/wp-json\/wp\/v2\/media?parent=29688"}],"wp:term":[{"taxonomy":"category","embeddable":true,"href":"https:\/\/sp2aug.pl\/index.php\/wp-json\/wp\/v2\/categories?post=29688"},{"taxonomy":"post_tag","embeddable":true,"href":"https:\/\/sp2aug.pl\/index.php\/wp-json\/wp\/v2\/tags?post=29688"}],"curies":[{"name":"wp","href":"https:\/\/api.w.org\/{rel}","templated":true}]}}