{"id":29489,"date":"2026-03-04T19:21:47","date_gmt":"2026-03-04T18:21:47","guid":{"rendered":"https:\/\/sp2aug.pl\/?p=29489"},"modified":"2026-03-04T19:23:56","modified_gmt":"2026-03-04T18:23:56","slug":"legendy-polskie","status":"publish","type":"post","link":"https:\/\/sp2aug.pl\/index.php\/2026\/03\/04\/legendy-polskie\/","title":{"rendered":"LEGENDY POLSKIE"},"content":{"rendered":"\t\t<div data-elementor-type=\"wp-post\" data-elementor-id=\"29489\" class=\"elementor elementor-29489\">\n\t\t\t\t\t\t<section class=\"elementor-section elementor-top-section elementor-element elementor-element-84464a0 elementor-section-boxed elementor-section-height-default elementor-section-height-default\" data-id=\"84464a0\" data-element_type=\"section\">\n\t\t\t\t\t\t<div class=\"elementor-container elementor-column-gap-default\">\n\t\t\t\t\t<div class=\"elementor-column elementor-col-50 elementor-top-column elementor-element elementor-element-331eec1\" data-id=\"331eec1\" data-element_type=\"column\">\n\t\t\t<div class=\"elementor-widget-wrap elementor-element-populated\">\n\t\t\t\t\t\t<div class=\"elementor-element elementor-element-0d35575 elementor-widget elementor-widget-image\" data-id=\"0d35575\" data-element_type=\"widget\" data-widget_type=\"image.default\">\n\t\t\t\t<div class=\"elementor-widget-container\">\n\t\t\t\t\t\t\t\t\t\t\t\t\t\t\t\t<a href=\"https:\/\/sp2aug.pl\/wp-content\/uploads\/2026\/03\/legendy.jpg\" data-elementor-open-lightbox=\"yes\" data-elementor-lightbox-title=\"legendy\" data-e-action-hash=\"#elementor-action%3Aaction%3Dlightbox%26settings%3DeyJpZCI6Mjk0OTAsInVybCI6Imh0dHBzOlwvXC9zcDJhdWcucGxcL3dwLWNvbnRlbnRcL3VwbG9hZHNcLzIwMjZcLzAzXC9sZWdlbmR5LmpwZyJ9\">\n\t\t\t\t\t\t\t<img fetchpriority=\"high\" decoding=\"async\" width=\"225\" height=\"300\" src=\"https:\/\/sp2aug.pl\/wp-content\/uploads\/2026\/03\/legendy-225x300.jpg\" class=\"attachment-medium size-medium wp-image-29490\" alt=\"\" srcset=\"https:\/\/sp2aug.pl\/wp-content\/uploads\/2026\/03\/legendy-225x300.jpg 225w, https:\/\/sp2aug.pl\/wp-content\/uploads\/2026\/03\/legendy.jpg 615w\" sizes=\"(max-width: 225px) 100vw, 225px\" \/>\t\t\t\t\t\t\t\t<\/a>\n\t\t\t\t\t\t\t\t\t\t\t\t\t\t\t<\/div>\n\t\t\t\t<\/div>\n\t\t\t\t\t<\/div>\n\t\t<\/div>\n\t\t\t\t<div class=\"elementor-column elementor-col-50 elementor-top-column elementor-element elementor-element-8d156c1\" data-id=\"8d156c1\" data-element_type=\"column\">\n\t\t\t<div class=\"elementor-widget-wrap elementor-element-populated\">\n\t\t\t\t\t\t<div class=\"elementor-element elementor-element-47cc4d9 elementor-widget elementor-widget-text-editor\" data-id=\"47cc4d9\" data-element_type=\"widget\" data-widget_type=\"text-editor.default\">\n\t\t\t\t<div class=\"elementor-widget-container\">\n\t\t\t\t\t\t\t\t\t<p>Zako\u0144czy\u0142 si\u0119 ju\u017c szkolny etap konkursu plastycznego dla uczni\u00f3w klas I-III pt. ,, Legendy polskie\u2019\u2019.<br \/>Wp\u0142yn\u0119\u0142o kilkadziesi\u0105t prac z r\u00f3\u017cnych klas. Pomys\u0142owo\u015b\u0107, kreatywno\u015b\u0107 i wyobra\u017ania dzieci zaskoczy\u0142y<br \/>komisj\u0119. Po d\u0142ugich naradach wybrano sze\u015b\u0107 prac konkursowych, kt\u00f3re, przekazane zosta\u0142y<br \/>organizatorowi APK \u2013 Miejskiej Bibliotece Publicznej do dalszego etapu. Nasz\u0105 szko\u0142\u0119 b\u0119d\u0105<br \/>reprezentowa\u0107:<br \/>Anna Niedba\u0142a &#8211; 2b<br \/>Dominika Waracka \u2013 3a<br \/>Julia Puchalska \u2013 3b,<br \/>Zofia So\u0142tys \u2013 3c<br \/>Joanna Romanowska \u2013 3c<br \/>Nikola Czarnota \u2013 3d<br \/>Trzymamy kciuki i \u017cyczymy sukces\u00f3w.<br \/>Organizatorzy.<\/p>\t\t\t\t\t\t\t\t<\/div>\n\t\t\t\t<\/div>\n\t\t\t\t\t<\/div>\n\t\t<\/div>\n\t\t\t\t\t<\/div>\n\t\t<\/section>\n\t\t\t\t<\/div>\n\t\t","protected":false},"excerpt":{"rendered":"<p>Zako\u0144czy\u0142 si\u0119 ju\u017c szkolny etap konkursu plastycznego dla uczni\u00f3w klas I-III pt. ,, Legendy polskie\u2019\u2019.Wp\u0142yn\u0119\u0142o kilkadziesi\u0105t prac z r\u00f3\u017cnych klas. Pomys\u0142owo\u015b\u0107, kreatywno\u015b\u0107 i wyobra\u017ania dzieci zaskoczy\u0142ykomisj\u0119. Po d\u0142ugich naradach wybrano sze\u015b\u0107 prac konkursowych, kt\u00f3re, przekazane zosta\u0142yorganizatorowi APK \u2013 Miejskiej Bibliotece Publicznej do dalszego etapu. Nasz\u0105 szko\u0142\u0119 b\u0119d\u0105reprezentowa\u0107:Anna Niedba\u0142a &#8211; 2bDominika Waracka \u2013 3aJulia Puchalska \u2013&hellip;<\/p>\n","protected":false},"author":1,"featured_media":0,"comment_status":"closed","ping_status":"closed","sticky":false,"template":"","format":"standard","meta":{"footnotes":""},"categories":[4],"tags":[],"class_list":["post-29489","post","type-post","status-publish","format-standard","hentry","category-archiwalne"],"_links":{"self":[{"href":"https:\/\/sp2aug.pl\/index.php\/wp-json\/wp\/v2\/posts\/29489","targetHints":{"allow":["GET"]}}],"collection":[{"href":"https:\/\/sp2aug.pl\/index.php\/wp-json\/wp\/v2\/posts"}],"about":[{"href":"https:\/\/sp2aug.pl\/index.php\/wp-json\/wp\/v2\/types\/post"}],"author":[{"embeddable":true,"href":"https:\/\/sp2aug.pl\/index.php\/wp-json\/wp\/v2\/users\/1"}],"replies":[{"embeddable":true,"href":"https:\/\/sp2aug.pl\/index.php\/wp-json\/wp\/v2\/comments?post=29489"}],"version-history":[{"count":3,"href":"https:\/\/sp2aug.pl\/index.php\/wp-json\/wp\/v2\/posts\/29489\/revisions"}],"predecessor-version":[{"id":29493,"href":"https:\/\/sp2aug.pl\/index.php\/wp-json\/wp\/v2\/posts\/29489\/revisions\/29493"}],"wp:attachment":[{"href":"https:\/\/sp2aug.pl\/index.php\/wp-json\/wp\/v2\/media?parent=29489"}],"wp:term":[{"taxonomy":"category","embeddable":true,"href":"https:\/\/sp2aug.pl\/index.php\/wp-json\/wp\/v2\/categories?post=29489"},{"taxonomy":"post_tag","embeddable":true,"href":"https:\/\/sp2aug.pl\/index.php\/wp-json\/wp\/v2\/tags?post=29489"}],"curies":[{"name":"wp","href":"https:\/\/api.w.org\/{rel}","templated":true}]}}