{"id":2862,"date":"2019-11-05T16:17:35","date_gmt":"2019-11-05T15:17:35","guid":{"rendered":"http:\/\/sp2aug.pl\/?p=2862"},"modified":"2019-11-05T16:59:11","modified_gmt":"2019-11-05T15:59:11","slug":"wycieczka-spytkowo-gizycko-klasa-v-b","status":"publish","type":"post","link":"https:\/\/sp2aug.pl\/index.php\/2019\/11\/05\/wycieczka-spytkowo-gizycko-klasa-v-b\/","title":{"rendered":"Wycieczka Spytkowo &#8211; Gi\u017cycko &#8211; klasa V b"},"content":{"rendered":"\t\t<div data-elementor-type=\"wp-post\" data-elementor-id=\"2862\" class=\"elementor elementor-2862\">\n\t\t\t\t\t\t<section class=\"elementor-section elementor-top-section elementor-element elementor-element-f210104 elementor-section-boxed elementor-section-height-default elementor-section-height-default\" data-id=\"f210104\" data-element_type=\"section\">\n\t\t\t\t\t\t<div class=\"elementor-container elementor-column-gap-default\">\n\t\t\t\t\t<div class=\"elementor-column elementor-col-50 elementor-top-column elementor-element elementor-element-51eb5dd\" data-id=\"51eb5dd\" data-element_type=\"column\">\n\t\t\t<div class=\"elementor-widget-wrap elementor-element-populated\">\n\t\t\t\t\t\t<div class=\"elementor-element elementor-element-4261d74 elementor-widget elementor-widget-text-editor\" data-id=\"4261d74\" data-element_type=\"widget\" data-widget_type=\"text-editor.default\">\n\t\t\t\t<div class=\"elementor-widget-container\">\n\t\t\t\t\t\t\t\t\t<p>16 pa\u017adziernika uczniowie klasy Vb udali si\u0119 na wycieczk\u0119 do Spytkowa, kt\u00f3rej celem by\u0142o uczestnictwo w warsztatach ekologicznej produkcji myd\u0142a. Ka\u017cdy ucze\u0144 osobi\u015bcie wyprodukowa\u0142 swoje myde\u0142ko o dowolnym kolorze i zapachu oraz pieni\u0105c\u0105 si\u0119 kul\u0119 do k\u0105pieli, zdoby\u0142 gar\u015b\u0107 informacji na temat higieny osobistej, a tak\u017ce naturalnych kosmetyk\u00f3w i ich wyst\u0119powania w przyrodzie. Uczniowie mieli te\u017c okazj\u0119 skosztowa\u0107&nbsp; pysznych ciastek. Dodatkowo mogli&nbsp; zrelaksowa\u0107 si\u0119 na \u015bwie\u017cym powietrzu, np. puszczaj\u0105c olbrzymie ba\u0144ki mydlane lub strzelaj\u0105c z \u0142uku.&nbsp; W powrotnej drodze odwiedzili\u015bmy&nbsp; miasto Gi\u017cycko, przez kt\u00f3re jechali\u015bmy do Spytkowa. Mogli\u015bmy tam podczas&nbsp; kr\u00f3tkiego spaceru zobaczy\u0107 charakterystyczn\u0105 zabudow\u0119, ruchomy most, bardzo du\u017ce jezioro Niegocin, port, pust\u0105 ju\u017c pla\u017c\u0119 i przepi\u0119kny kolorowy park. Nie obesz\u0142o si\u0119 bez zdj\u0119cia&nbsp;<\/p>z napisem \u201eGi\u017cycko\u201d. Pogoda i humory dopisywa\u0142y.&nbsp;\n<p>&nbsp; &nbsp; &nbsp; &nbsp; &nbsp; &nbsp; &nbsp; &nbsp; &nbsp; &nbsp; &nbsp; &nbsp; &nbsp; &nbsp; &nbsp; &nbsp; &nbsp; &nbsp; &nbsp; &nbsp; &nbsp; &nbsp; &nbsp; &nbsp; &nbsp; &nbsp; Kierownik wycieczki : Jolanta Borysewicz&nbsp;<\/p>\n<p>&nbsp; &nbsp; &nbsp; &nbsp; &nbsp; &nbsp; &nbsp; &nbsp; &nbsp; &nbsp; &nbsp; &nbsp; &nbsp;Opiekun oraz relacja s\u0142owna i fotograficzna: Henryka Rzepecka<\/p>\n<div><br><\/div>\t\t\t\t\t\t\t\t<\/div>\n\t\t\t\t<\/div>\n\t\t\t\t\t<\/div>\n\t\t<\/div>\n\t\t\t\t<div class=\"elementor-column elementor-col-50 elementor-top-column elementor-element elementor-element-282fb1e\" data-id=\"282fb1e\" data-element_type=\"column\">\n\t\t\t<div class=\"elementor-widget-wrap elementor-element-populated\">\n\t\t\t\t\t\t<div class=\"elementor-element elementor-element-d21516c elementor-widget elementor-widget-spacer\" data-id=\"d21516c\" data-element_type=\"widget\" data-widget_type=\"spacer.default\">\n\t\t\t\t<div class=\"elementor-widget-container\">\n\t\t\t\t\t\t\t<div class=\"elementor-spacer\">\n\t\t\t<div class=\"elementor-spacer-inner\"><\/div>\n\t\t<\/div>\n\t\t\t\t\t\t<\/div>\n\t\t\t\t<\/div>\n\t\t\t\t<div class=\"elementor-element elementor-element-9b8d0b7 elementor-widget elementor-widget-image\" data-id=\"9b8d0b7\" data-element_type=\"widget\" data-widget_type=\"image.default\">\n\t\t\t\t<div class=\"elementor-widget-container\">\n\t\t\t\t\t\t\t\t\t\t\t\t\t\t\t<img fetchpriority=\"high\" decoding=\"async\" width=\"800\" height=\"600\" src=\"https:\/\/sp2aug.pl\/wp-content\/uploads\/2019\/10\/1-7.jpg\" class=\"attachment-large size-large wp-image-2597\" alt=\"\" srcset=\"https:\/\/sp2aug.pl\/wp-content\/uploads\/2019\/10\/1-7.jpg 800w, https:\/\/sp2aug.pl\/wp-content\/uploads\/2019\/10\/1-7-300x225.jpg 300w, https:\/\/sp2aug.pl\/wp-content\/uploads\/2019\/10\/1-7-768x576.jpg 768w, https:\/\/sp2aug.pl\/wp-content\/uploads\/2019\/10\/1-7-160x120.jpg 160w\" sizes=\"(max-width: 800px) 100vw, 800px\" \/>\t\t\t\t\t\t\t\t\t\t\t\t\t\t\t<\/div>\n\t\t\t\t<\/div>\n\t\t\t\t\t<\/div>\n\t\t<\/div>\n\t\t\t\t\t<\/div>\n\t\t<\/section>\n\t\t\t\t<\/div>\n\t\t","protected":false},"excerpt":{"rendered":"<p>16 pa\u017adziernika uczniowie klasy Vb udali si\u0119 na wycieczk\u0119 do Spytkowa, kt\u00f3rej celem by\u0142o uczestnictwo w warsztatach ekologicznej produkcji myd\u0142a. Ka\u017cdy ucze\u0144 osobi\u015bcie wyprodukowa\u0142 swoje myde\u0142ko o dowolnym kolorze i zapachu oraz pieni\u0105c\u0105 si\u0119 kul\u0119 do k\u0105pieli, zdoby\u0142 gar\u015b\u0107 informacji na temat higieny osobistej, a tak\u017ce naturalnych kosmetyk\u00f3w i ich wyst\u0119powania w przyrodzie. Uczniowie mieli&hellip;<\/p>\n","protected":false},"author":1,"featured_media":0,"comment_status":"closed","ping_status":"closed","sticky":false,"template":"","format":"standard","meta":{"footnotes":""},"categories":[4],"tags":[],"class_list":["post-2862","post","type-post","status-publish","format-standard","hentry","category-archiwalne"],"_links":{"self":[{"href":"https:\/\/sp2aug.pl\/index.php\/wp-json\/wp\/v2\/posts\/2862","targetHints":{"allow":["GET"]}}],"collection":[{"href":"https:\/\/sp2aug.pl\/index.php\/wp-json\/wp\/v2\/posts"}],"about":[{"href":"https:\/\/sp2aug.pl\/index.php\/wp-json\/wp\/v2\/types\/post"}],"author":[{"embeddable":true,"href":"https:\/\/sp2aug.pl\/index.php\/wp-json\/wp\/v2\/users\/1"}],"replies":[{"embeddable":true,"href":"https:\/\/sp2aug.pl\/index.php\/wp-json\/wp\/v2\/comments?post=2862"}],"version-history":[{"count":3,"href":"https:\/\/sp2aug.pl\/index.php\/wp-json\/wp\/v2\/posts\/2862\/revisions"}],"predecessor-version":[{"id":2880,"href":"https:\/\/sp2aug.pl\/index.php\/wp-json\/wp\/v2\/posts\/2862\/revisions\/2880"}],"wp:attachment":[{"href":"https:\/\/sp2aug.pl\/index.php\/wp-json\/wp\/v2\/media?parent=2862"}],"wp:term":[{"taxonomy":"category","embeddable":true,"href":"https:\/\/sp2aug.pl\/index.php\/wp-json\/wp\/v2\/categories?post=2862"},{"taxonomy":"post_tag","embeddable":true,"href":"https:\/\/sp2aug.pl\/index.php\/wp-json\/wp\/v2\/tags?post=2862"}],"curies":[{"name":"wp","href":"https:\/\/api.w.org\/{rel}","templated":true}]}}