{"id":2851,"date":"2019-11-05T15:58:21","date_gmt":"2019-11-05T14:58:21","guid":{"rendered":"http:\/\/sp2aug.pl\/?p=2851"},"modified":"2019-11-05T16:59:27","modified_gmt":"2019-11-05T15:59:27","slug":"klasa-i-c-w-midcentrum","status":"publish","type":"post","link":"https:\/\/sp2aug.pl\/index.php\/2019\/11\/05\/klasa-i-c-w-midcentrum\/","title":{"rendered":"Klasa I c w Midcentrum"},"content":{"rendered":"\t\t<div data-elementor-type=\"wp-post\" data-elementor-id=\"2851\" class=\"elementor elementor-2851\">\n\t\t\t\t\t\t<section class=\"elementor-section elementor-top-section elementor-element elementor-element-5fa3329 elementor-section-boxed elementor-section-height-default elementor-section-height-default\" data-id=\"5fa3329\" data-element_type=\"section\">\n\t\t\t\t\t\t<div class=\"elementor-container elementor-column-gap-default\">\n\t\t\t\t\t<div class=\"elementor-column elementor-col-50 elementor-top-column elementor-element elementor-element-046776d\" data-id=\"046776d\" data-element_type=\"column\">\n\t\t\t<div class=\"elementor-widget-wrap elementor-element-populated\">\n\t\t\t\t\t\t<div class=\"elementor-element elementor-element-bf01262 elementor-widget elementor-widget-text-editor\" data-id=\"bf01262\" data-element_type=\"widget\" data-widget_type=\"text-editor.default\">\n\t\t\t\t<div class=\"elementor-widget-container\">\n\t\t\t\t\t\t\t\t\t<p><b><br><\/b><\/p>\n<p><b>15 pa\u017adziernika&nbsp; 2019 r. klasa I c wybra\u0142a si\u0119 na zaj\u0119cia do Midicentrum <\/b>\u2013 <b>Kreatywnego O\u015brodka Nauki i Technologii w Suwa\u0142kach.&nbsp;&nbsp;<\/b><\/p>\n<p><b>Podczas spotkania uczniowie zostali podzieleni na dwuosobowe zespo\u0142y, w kt\u00f3rych mieli&nbsp; mo\u017cliwo\u015b\u0107 budowania, programowania i wprawiania w ruch robot\u00f3w (ma\u0142pek) zbudowanych z ulubionych klock\u00f3w Lego.<\/b><\/p>\n<p><b>Zaj\u0119cia by\u0142y bardzo ciekawe, rozwija\u0142y kreatywno\u015b\u0107, uczy\u0142y konstruowania i programowania oraz wsp\u00f3\u0142pracy w grupie.&nbsp; Uczniowie&nbsp; ch\u0119tnie jeszcze raz przyjad\u0105 do&nbsp; Midicentrum miejsca, w kt\u00f3rym rozwijane s\u0105 talenty ma\u0142ych in\u017cynier\u00f3w, projektant\u00f3w i architekt\u00f3w. Wi\u0119cej zdj\u0119\u0107 w Galerii.<\/b><\/p>\n<p><b>Barbara Milewska<\/b><\/p>\n<div><br><\/div>\t\t\t\t\t\t\t\t<\/div>\n\t\t\t\t<\/div>\n\t\t\t\t\t<\/div>\n\t\t<\/div>\n\t\t\t\t<div class=\"elementor-column elementor-col-50 elementor-top-column elementor-element elementor-element-7b77fc7\" data-id=\"7b77fc7\" data-element_type=\"column\">\n\t\t\t<div class=\"elementor-widget-wrap elementor-element-populated\">\n\t\t\t\t\t\t<div class=\"elementor-element elementor-element-b7024d7 elementor-widget elementor-widget-image\" data-id=\"b7024d7\" data-element_type=\"widget\" data-widget_type=\"image.default\">\n\t\t\t\t<div class=\"elementor-widget-container\">\n\t\t\t\t\t\t\t\t\t\t\t\t\t\t\t<img fetchpriority=\"high\" decoding=\"async\" width=\"224\" height=\"300\" src=\"https:\/\/sp2aug.pl\/wp-content\/uploads\/2019\/10\/5-4-224x300.jpg\" class=\"attachment-medium size-medium wp-image-2586\" alt=\"\" srcset=\"https:\/\/sp2aug.pl\/wp-content\/uploads\/2019\/10\/5-4-224x300.jpg 224w, https:\/\/sp2aug.pl\/wp-content\/uploads\/2019\/10\/5-4-768x1027.jpg 768w, https:\/\/sp2aug.pl\/wp-content\/uploads\/2019\/10\/5-4-766x1024.jpg 766w\" sizes=\"(max-width: 224px) 100vw, 224px\" \/>\t\t\t\t\t\t\t\t\t\t\t\t\t\t\t<\/div>\n\t\t\t\t<\/div>\n\t\t\t\t\t<\/div>\n\t\t<\/div>\n\t\t\t\t\t<\/div>\n\t\t<\/section>\n\t\t\t\t<\/div>\n\t\t","protected":false},"excerpt":{"rendered":"<p>15 pa\u017adziernika&nbsp; 2019 r. klasa I c wybra\u0142a si\u0119 na zaj\u0119cia do Midicentrum \u2013 Kreatywnego O\u015brodka Nauki i Technologii w Suwa\u0142kach.&nbsp;&nbsp; Podczas spotkania uczniowie zostali podzieleni na dwuosobowe zespo\u0142y, w kt\u00f3rych mieli&nbsp; mo\u017cliwo\u015b\u0107 budowania, programowania i wprawiania w ruch robot\u00f3w (ma\u0142pek) zbudowanych z ulubionych klock\u00f3w Lego. Zaj\u0119cia by\u0142y bardzo ciekawe, rozwija\u0142y kreatywno\u015b\u0107, uczy\u0142y konstruowania i&hellip;<\/p>\n","protected":false},"author":1,"featured_media":0,"comment_status":"closed","ping_status":"closed","sticky":false,"template":"","format":"standard","meta":{"footnotes":""},"categories":[4],"tags":[],"class_list":["post-2851","post","type-post","status-publish","format-standard","hentry","category-archiwalne"],"_links":{"self":[{"href":"https:\/\/sp2aug.pl\/index.php\/wp-json\/wp\/v2\/posts\/2851","targetHints":{"allow":["GET"]}}],"collection":[{"href":"https:\/\/sp2aug.pl\/index.php\/wp-json\/wp\/v2\/posts"}],"about":[{"href":"https:\/\/sp2aug.pl\/index.php\/wp-json\/wp\/v2\/types\/post"}],"author":[{"embeddable":true,"href":"https:\/\/sp2aug.pl\/index.php\/wp-json\/wp\/v2\/users\/1"}],"replies":[{"embeddable":true,"href":"https:\/\/sp2aug.pl\/index.php\/wp-json\/wp\/v2\/comments?post=2851"}],"version-history":[{"count":3,"href":"https:\/\/sp2aug.pl\/index.php\/wp-json\/wp\/v2\/posts\/2851\/revisions"}],"predecessor-version":[{"id":2881,"href":"https:\/\/sp2aug.pl\/index.php\/wp-json\/wp\/v2\/posts\/2851\/revisions\/2881"}],"wp:attachment":[{"href":"https:\/\/sp2aug.pl\/index.php\/wp-json\/wp\/v2\/media?parent=2851"}],"wp:term":[{"taxonomy":"category","embeddable":true,"href":"https:\/\/sp2aug.pl\/index.php\/wp-json\/wp\/v2\/categories?post=2851"},{"taxonomy":"post_tag","embeddable":true,"href":"https:\/\/sp2aug.pl\/index.php\/wp-json\/wp\/v2\/tags?post=2851"}],"curies":[{"name":"wp","href":"https:\/\/api.w.org\/{rel}","templated":true}]}}