{"id":28471,"date":"2025-12-13T09:38:17","date_gmt":"2025-12-13T08:38:17","guid":{"rendered":"https:\/\/sp2aug.pl\/?p=28471"},"modified":"2025-12-13T09:39:25","modified_gmt":"2025-12-13T08:39:25","slug":"muzyczna-podroz-sladami-polski","status":"publish","type":"post","link":"https:\/\/sp2aug.pl\/index.php\/2025\/12\/13\/muzyczna-podroz-sladami-polski\/","title":{"rendered":"Muzyczna Podr\u00f3\u017c \u015aladami Polski"},"content":{"rendered":"\t\t<div data-elementor-type=\"wp-post\" data-elementor-id=\"28471\" class=\"elementor elementor-28471\">\n\t\t\t\t\t\t<section class=\"elementor-section elementor-top-section elementor-element elementor-element-88bbdcc elementor-section-boxed elementor-section-height-default elementor-section-height-default\" data-id=\"88bbdcc\" data-element_type=\"section\">\n\t\t\t\t\t\t<div class=\"elementor-container elementor-column-gap-default\">\n\t\t\t\t\t<div class=\"elementor-column elementor-col-100 elementor-top-column elementor-element elementor-element-12eec6f\" data-id=\"12eec6f\" data-element_type=\"column\">\n\t\t\t<div class=\"elementor-widget-wrap elementor-element-populated\">\n\t\t\t\t\t\t<div class=\"elementor-element elementor-element-9905b68 elementor-widget elementor-widget-text-editor\" data-id=\"9905b68\" data-element_type=\"widget\" data-widget_type=\"text-editor.default\">\n\t\t\t\t<div class=\"elementor-widget-container\">\n\t\t\t\t\t\t\t\t\t<p>11 grudnia uczniowie klas II e, II d i III b wraz z opiekunami wybrali si\u0119 na do kina na spektakl\u00a0\u201eMuzyczna Podr\u00f3\u017c \u015aladami Polski\u201d. Pe\u0142na przyg\u00f3d i d\u017awi\u0119k\u00f3w opowie\u015b\u0107 o Lenie i Janku, kt\u00f3rzy w szkolnej piwnicy odkrywaj\u0105 tajemnicz\u0105 kapsu\u0142\u0119 czasu. Dzi\u0119ki niej wyruszaj\u0105 w niezwyk\u0142\u0105 w\u0119dr\u00f3wk\u0119 przez dzieje naszej ojczyzny- spotykaj\u0105c barwne postacie, poznaj\u0105c wa\u017cne wydarzenia. Uczniowie wraz z bohaterami przenie\u015bli si\u0119 w r\u00f3\u017cne epoki i z entuzjazmem odkrywali jak zmienia\u0142a si\u0119 Polska na przestrzeni lat. Spektakl dostarczy\u0142 dzieciom niezapomnianych emocji i wra\u017ce\u0144.\u00a0<\/p>\t\t\t\t\t\t\t\t<\/div>\n\t\t\t\t<\/div>\n\t\t\t\t\t<\/div>\n\t\t<\/div>\n\t\t\t\t\t<\/div>\n\t\t<\/section>\n\t\t\t\t<section class=\"elementor-section elementor-top-section elementor-element elementor-element-08351c7 elementor-section-boxed elementor-section-height-default elementor-section-height-default\" data-id=\"08351c7\" data-element_type=\"section\">\n\t\t\t\t\t\t<div class=\"elementor-container elementor-column-gap-default\">\n\t\t\t\t\t<div class=\"elementor-column elementor-col-50 elementor-top-column elementor-element elementor-element-f6c0ec7\" data-id=\"f6c0ec7\" data-element_type=\"column\">\n\t\t\t<div class=\"elementor-widget-wrap elementor-element-populated\">\n\t\t\t\t\t\t<div class=\"elementor-element elementor-element-b939b77 elementor-widget elementor-widget-image\" data-id=\"b939b77\" data-element_type=\"widget\" data-widget_type=\"image.default\">\n\t\t\t\t<div class=\"elementor-widget-container\">\n\t\t\t\t\t\t\t\t\t\t\t\t\t\t\t\t<a href=\"https:\/\/sp2aug.pl\/wp-content\/uploads\/2025\/12\/muzyka2.jpg\" data-elementor-open-lightbox=\"yes\" data-elementor-lightbox-title=\"muzyka2\" data-e-action-hash=\"#elementor-action%3Aaction%3Dlightbox%26settings%3DeyJpZCI6Mjg0NzQsInVybCI6Imh0dHBzOlwvXC9zcDJhdWcucGxcL3dwLWNvbnRlbnRcL3VwbG9hZHNcLzIwMjVcLzEyXC9tdXp5a2EyLmpwZyJ9\">\n\t\t\t\t\t\t\t<img fetchpriority=\"high\" decoding=\"async\" width=\"820\" height=\"615\" src=\"https:\/\/sp2aug.pl\/wp-content\/uploads\/2025\/12\/muzyka2.jpg\" class=\"attachment-large size-large wp-image-28474\" alt=\"\" srcset=\"https:\/\/sp2aug.pl\/wp-content\/uploads\/2025\/12\/muzyka2.jpg 820w, https:\/\/sp2aug.pl\/wp-content\/uploads\/2025\/12\/muzyka2-300x225.jpg 300w, https:\/\/sp2aug.pl\/wp-content\/uploads\/2025\/12\/muzyka2-768x576.jpg 768w, https:\/\/sp2aug.pl\/wp-content\/uploads\/2025\/12\/muzyka2-160x120.jpg 160w\" sizes=\"(max-width: 820px) 100vw, 820px\" \/>\t\t\t\t\t\t\t\t<\/a>\n\t\t\t\t\t\t\t\t\t\t\t\t\t\t\t<\/div>\n\t\t\t\t<\/div>\n\t\t\t\t\t<\/div>\n\t\t<\/div>\n\t\t\t\t<div class=\"elementor-column elementor-col-50 elementor-top-column elementor-element elementor-element-e8bc88e\" data-id=\"e8bc88e\" data-element_type=\"column\">\n\t\t\t<div class=\"elementor-widget-wrap elementor-element-populated\">\n\t\t\t\t\t\t<div class=\"elementor-element elementor-element-cafcefc elementor-widget elementor-widget-image\" data-id=\"cafcefc\" data-element_type=\"widget\" data-widget_type=\"image.default\">\n\t\t\t\t<div class=\"elementor-widget-container\">\n\t\t\t\t\t\t\t\t\t\t\t\t\t\t\t\t<a href=\"https:\/\/sp2aug.pl\/wp-content\/uploads\/2025\/12\/muzyka1.jpg\" data-elementor-open-lightbox=\"yes\" data-elementor-lightbox-title=\"muzyka1\" data-e-action-hash=\"#elementor-action%3Aaction%3Dlightbox%26settings%3DeyJpZCI6Mjg0NzMsInVybCI6Imh0dHBzOlwvXC9zcDJhdWcucGxcL3dwLWNvbnRlbnRcL3VwbG9hZHNcLzIwMjVcLzEyXC9tdXp5a2ExLmpwZyJ9\">\n\t\t\t\t\t\t\t<img decoding=\"async\" width=\"820\" height=\"615\" src=\"https:\/\/sp2aug.pl\/wp-content\/uploads\/2025\/12\/muzyka1.jpg\" class=\"attachment-large size-large wp-image-28473\" alt=\"\" srcset=\"https:\/\/sp2aug.pl\/wp-content\/uploads\/2025\/12\/muzyka1.jpg 820w, https:\/\/sp2aug.pl\/wp-content\/uploads\/2025\/12\/muzyka1-300x225.jpg 300w, https:\/\/sp2aug.pl\/wp-content\/uploads\/2025\/12\/muzyka1-768x576.jpg 768w, https:\/\/sp2aug.pl\/wp-content\/uploads\/2025\/12\/muzyka1-160x120.jpg 160w\" sizes=\"(max-width: 820px) 100vw, 820px\" \/>\t\t\t\t\t\t\t\t<\/a>\n\t\t\t\t\t\t\t\t\t\t\t\t\t\t\t<\/div>\n\t\t\t\t<\/div>\n\t\t\t\t\t<\/div>\n\t\t<\/div>\n\t\t\t\t\t<\/div>\n\t\t<\/section>\n\t\t\t\t<\/div>\n\t\t","protected":false},"excerpt":{"rendered":"<p>11 grudnia uczniowie klas II e, II d i III b wraz z opiekunami wybrali si\u0119 na do kina na spektakl\u00a0\u201eMuzyczna Podr\u00f3\u017c \u015aladami Polski\u201d. Pe\u0142na przyg\u00f3d i d\u017awi\u0119k\u00f3w opowie\u015b\u0107 o Lenie i Janku, kt\u00f3rzy w szkolnej piwnicy odkrywaj\u0105 tajemnicz\u0105 kapsu\u0142\u0119 czasu. Dzi\u0119ki niej wyruszaj\u0105 w niezwyk\u0142\u0105 w\u0119dr\u00f3wk\u0119 przez dzieje naszej ojczyzny- spotykaj\u0105c barwne postacie, poznaj\u0105c&hellip;<\/p>\n","protected":false},"author":1,"featured_media":0,"comment_status":"closed","ping_status":"closed","sticky":false,"template":"","format":"standard","meta":{"footnotes":""},"categories":[4],"tags":[],"class_list":["post-28471","post","type-post","status-publish","format-standard","hentry","category-archiwalne"],"_links":{"self":[{"href":"https:\/\/sp2aug.pl\/index.php\/wp-json\/wp\/v2\/posts\/28471","targetHints":{"allow":["GET"]}}],"collection":[{"href":"https:\/\/sp2aug.pl\/index.php\/wp-json\/wp\/v2\/posts"}],"about":[{"href":"https:\/\/sp2aug.pl\/index.php\/wp-json\/wp\/v2\/types\/post"}],"author":[{"embeddable":true,"href":"https:\/\/sp2aug.pl\/index.php\/wp-json\/wp\/v2\/users\/1"}],"replies":[{"embeddable":true,"href":"https:\/\/sp2aug.pl\/index.php\/wp-json\/wp\/v2\/comments?post=28471"}],"version-history":[{"count":3,"href":"https:\/\/sp2aug.pl\/index.php\/wp-json\/wp\/v2\/posts\/28471\/revisions"}],"predecessor-version":[{"id":28477,"href":"https:\/\/sp2aug.pl\/index.php\/wp-json\/wp\/v2\/posts\/28471\/revisions\/28477"}],"wp:attachment":[{"href":"https:\/\/sp2aug.pl\/index.php\/wp-json\/wp\/v2\/media?parent=28471"}],"wp:term":[{"taxonomy":"category","embeddable":true,"href":"https:\/\/sp2aug.pl\/index.php\/wp-json\/wp\/v2\/categories?post=28471"},{"taxonomy":"post_tag","embeddable":true,"href":"https:\/\/sp2aug.pl\/index.php\/wp-json\/wp\/v2\/tags?post=28471"}],"curies":[{"name":"wp","href":"https:\/\/api.w.org\/{rel}","templated":true}]}}