{"id":28382,"date":"2025-12-09T16:52:44","date_gmt":"2025-12-09T15:52:44","guid":{"rendered":"https:\/\/sp2aug.pl\/?p=28382"},"modified":"2025-12-09T16:54:11","modified_gmt":"2025-12-09T15:54:11","slug":"okiem-starszych-panow","status":"publish","type":"post","link":"https:\/\/sp2aug.pl\/index.php\/2025\/12\/09\/okiem-starszych-panow\/","title":{"rendered":"Okiem Starszych Pan\u00f3w"},"content":{"rendered":"\t\t<div data-elementor-type=\"wp-post\" data-elementor-id=\"28382\" class=\"elementor elementor-28382\">\n\t\t\t\t\t\t<section class=\"elementor-section elementor-top-section elementor-element elementor-element-6f439ed elementor-section-boxed elementor-section-height-default elementor-section-height-default\" data-id=\"6f439ed\" data-element_type=\"section\">\n\t\t\t\t\t\t<div class=\"elementor-container elementor-column-gap-default\">\n\t\t\t\t\t<div class=\"elementor-column elementor-col-100 elementor-top-column elementor-element elementor-element-72e3499\" data-id=\"72e3499\" data-element_type=\"column\">\n\t\t\t<div class=\"elementor-widget-wrap elementor-element-populated\">\n\t\t\t\t\t\t<div class=\"elementor-element elementor-element-ea0ed4f elementor-widget elementor-widget-text-editor\" data-id=\"ea0ed4f\" data-element_type=\"widget\" data-widget_type=\"text-editor.default\">\n\t\t\t\t<div class=\"elementor-widget-container\">\n\t\t\t\t\t\t\t\t\t<p>8 grudnia 2025 r. w 110. rocznic\u0119 urodzin Jeremiego Przybory odby\u0142 si\u0119 <b>Powiatowy Konkurs Wokalno-Recytatorski &#8222;Okiem Starszych Pan\u00f3w&#8221;<\/b>!<\/p><p>To by\u0142o prawdziwe \u015bwi\u0119to s\u0142owa i muzyki! Z rado\u015bci\u0105 informujemy, \u017ce poziom tegorocznej rywalizacji by\u0142 <b>FENOMENALNIE WYSOKI!<\/b> Komisja mia\u0142a niezwykle trudne zadanie, poniewa\u017c ka\u017cde wykonanie, czy to piosenki, czy recytacji, by\u0142o przemy\u015blane, pi\u0119kne i pe\u0142ne szacunku dla tw\u00f3rczo\u015bci Kabaretu Starszych Pan\u00f3w. Wida\u0107, \u017ce spu\u015bcizna Jeremiego Przybory i Jerzego Wasowskiego wci\u0105\u017c inspiruje!<\/p><p>\ud83d\udc4f <b>Brawa dla naszych utalentowanych uczennic!<\/b> \ud83d\udc4f<\/p><p>Jeste\u015bmy niesamowicie dumni z reprezentacji naszej szko\u0142y! Nasze uczennice wykaza\u0142y si\u0119 <b>ogromn\u0105 odwag\u0105<\/b>, wchodz\u0105c na scen\u0119 z tak wymagaj\u0105cym materia\u0142em. Zaprezentowa\u0142y si\u0119 <b>\u015bwietnie<\/b> i godnie reprezentowa\u0142y nas, mierz\u0105c si\u0119 z bardzo siln\u0105 konkurencj\u0105. Ich przygotowanie, wra\u017cliwo\u015b\u0107 i interpretacja zas\u0142uguj\u0105 na najwi\u0119ksze uznanie!<\/p><p>Maja Bogdanowicz zaj\u0119\u0142a II miejsce, wykonuj\u0105c utw\u00f3r wokalny \u201ePani R\u00f3\u017ca gra Chopina\u201d przy pi\u0119knym akompaniamencie p. Beaty Arciszewskiej<\/p><p>Maja Zaborowska zaj\u0119\u0142a III miejsce, wykonuj\u0105c utw\u00f3r wokalny \u201eB\u0119dzie weselej\u201d<\/p><p>Julia Haponik otrzyma\u0142a dyplom za udzia\u0142 recytuj\u0105c \u201eNie b\u0119d\u0119 doros\u0142y\u201d<\/p><p>Dzi\u0119kujemy wszystkim uczestnikom, nauczycielom i opiekunom za zaanga\u017cowanie. Dzi\u0119ki Wam czar Kabaretu wci\u0105\u017c trwa!<\/p>\t\t\t\t\t\t\t\t<\/div>\n\t\t\t\t<\/div>\n\t\t\t\t\t<\/div>\n\t\t<\/div>\n\t\t\t\t\t<\/div>\n\t\t<\/section>\n\t\t\t\t<section class=\"elementor-section elementor-top-section elementor-element elementor-element-fe7789e elementor-section-boxed elementor-section-height-default elementor-section-height-default\" data-id=\"fe7789e\" data-element_type=\"section\">\n\t\t\t\t\t\t<div class=\"elementor-container elementor-column-gap-default\">\n\t\t\t\t\t<div class=\"elementor-column elementor-col-50 elementor-top-column elementor-element elementor-element-5ffdfa0\" data-id=\"5ffdfa0\" data-element_type=\"column\">\n\t\t\t<div class=\"elementor-widget-wrap elementor-element-populated\">\n\t\t\t\t\t\t<div class=\"elementor-element elementor-element-69c7dde elementor-widget elementor-widget-image\" data-id=\"69c7dde\" data-element_type=\"widget\" data-widget_type=\"image.default\">\n\t\t\t\t<div class=\"elementor-widget-container\">\n\t\t\t\t\t\t\t\t\t\t\t\t\t\t\t\t<a href=\"https:\/\/sp2aug.pl\/wp-content\/uploads\/2025\/12\/1-11.jpg\" data-elementor-open-lightbox=\"yes\" data-elementor-lightbox-title=\"1\" data-e-action-hash=\"#elementor-action%3Aaction%3Dlightbox%26settings%3DeyJpZCI6MjgzODMsInVybCI6Imh0dHBzOlwvXC9zcDJhdWcucGxcL3dwLWNvbnRlbnRcL3VwbG9hZHNcLzIwMjVcLzEyXC8xLTExLmpwZyJ9\">\n\t\t\t\t\t\t\t<img fetchpriority=\"high\" decoding=\"async\" width=\"923\" height=\"695\" src=\"https:\/\/sp2aug.pl\/wp-content\/uploads\/2025\/12\/1-11.jpg\" class=\"attachment-large size-large wp-image-28383\" alt=\"\" srcset=\"https:\/\/sp2aug.pl\/wp-content\/uploads\/2025\/12\/1-11.jpg 1020w, https:\/\/sp2aug.pl\/wp-content\/uploads\/2025\/12\/1-11-300x226.jpg 300w, https:\/\/sp2aug.pl\/wp-content\/uploads\/2025\/12\/1-11-768x578.jpg 768w, https:\/\/sp2aug.pl\/wp-content\/uploads\/2025\/12\/1-11-160x120.jpg 160w\" sizes=\"(max-width: 923px) 100vw, 923px\" \/>\t\t\t\t\t\t\t\t<\/a>\n\t\t\t\t\t\t\t\t\t\t\t\t\t\t\t<\/div>\n\t\t\t\t<\/div>\n\t\t\t\t\t<\/div>\n\t\t<\/div>\n\t\t\t\t<div class=\"elementor-column elementor-col-50 elementor-top-column elementor-element elementor-element-0b33710\" data-id=\"0b33710\" data-element_type=\"column\">\n\t\t\t<div class=\"elementor-widget-wrap elementor-element-populated\">\n\t\t\t\t\t\t<div class=\"elementor-element elementor-element-b4ea247 elementor-widget elementor-widget-image\" data-id=\"b4ea247\" data-element_type=\"widget\" data-widget_type=\"image.default\">\n\t\t\t\t<div class=\"elementor-widget-container\">\n\t\t\t\t\t\t\t\t\t\t\t\t\t\t\t\t<a href=\"https:\/\/sp2aug.pl\/wp-content\/uploads\/2025\/12\/2-11.jpg\" data-elementor-open-lightbox=\"yes\" data-elementor-lightbox-title=\"2\" data-e-action-hash=\"#elementor-action%3Aaction%3Dlightbox%26settings%3DeyJpZCI6MjgzODQsInVybCI6Imh0dHBzOlwvXC9zcDJhdWcucGxcL3dwLWNvbnRlbnRcL3VwbG9hZHNcLzIwMjVcLzEyXC8yLTExLmpwZyJ9\">\n\t\t\t\t\t\t\t<img decoding=\"async\" width=\"923\" height=\"695\" src=\"https:\/\/sp2aug.pl\/wp-content\/uploads\/2025\/12\/2-11.jpg\" class=\"attachment-large size-large wp-image-28384\" alt=\"\" srcset=\"https:\/\/sp2aug.pl\/wp-content\/uploads\/2025\/12\/2-11.jpg 1020w, https:\/\/sp2aug.pl\/wp-content\/uploads\/2025\/12\/2-11-300x226.jpg 300w, https:\/\/sp2aug.pl\/wp-content\/uploads\/2025\/12\/2-11-768x578.jpg 768w, https:\/\/sp2aug.pl\/wp-content\/uploads\/2025\/12\/2-11-160x120.jpg 160w\" sizes=\"(max-width: 923px) 100vw, 923px\" \/>\t\t\t\t\t\t\t\t<\/a>\n\t\t\t\t\t\t\t\t\t\t\t\t\t\t\t<\/div>\n\t\t\t\t<\/div>\n\t\t\t\t\t<\/div>\n\t\t<\/div>\n\t\t\t\t\t<\/div>\n\t\t<\/section>\n\t\t\t\t<\/div>\n\t\t","protected":false},"excerpt":{"rendered":"<p>8 grudnia 2025 r. w 110. rocznic\u0119 urodzin Jeremiego Przybory odby\u0142 si\u0119 Powiatowy Konkurs Wokalno-Recytatorski &#8222;Okiem Starszych Pan\u00f3w&#8221;! To by\u0142o prawdziwe \u015bwi\u0119to s\u0142owa i muzyki! Z rado\u015bci\u0105 informujemy, \u017ce poziom tegorocznej rywalizacji by\u0142 FENOMENALNIE WYSOKI! Komisja mia\u0142a niezwykle trudne zadanie, poniewa\u017c ka\u017cde wykonanie, czy to piosenki, czy recytacji, by\u0142o przemy\u015blane, pi\u0119kne i pe\u0142ne szacunku dla&hellip;<\/p>\n","protected":false},"author":1,"featured_media":0,"comment_status":"closed","ping_status":"closed","sticky":false,"template":"","format":"standard","meta":{"footnotes":""},"categories":[4],"tags":[],"class_list":["post-28382","post","type-post","status-publish","format-standard","hentry","category-archiwalne"],"_links":{"self":[{"href":"https:\/\/sp2aug.pl\/index.php\/wp-json\/wp\/v2\/posts\/28382","targetHints":{"allow":["GET"]}}],"collection":[{"href":"https:\/\/sp2aug.pl\/index.php\/wp-json\/wp\/v2\/posts"}],"about":[{"href":"https:\/\/sp2aug.pl\/index.php\/wp-json\/wp\/v2\/types\/post"}],"author":[{"embeddable":true,"href":"https:\/\/sp2aug.pl\/index.php\/wp-json\/wp\/v2\/users\/1"}],"replies":[{"embeddable":true,"href":"https:\/\/sp2aug.pl\/index.php\/wp-json\/wp\/v2\/comments?post=28382"}],"version-history":[{"count":3,"href":"https:\/\/sp2aug.pl\/index.php\/wp-json\/wp\/v2\/posts\/28382\/revisions"}],"predecessor-version":[{"id":28387,"href":"https:\/\/sp2aug.pl\/index.php\/wp-json\/wp\/v2\/posts\/28382\/revisions\/28387"}],"wp:attachment":[{"href":"https:\/\/sp2aug.pl\/index.php\/wp-json\/wp\/v2\/media?parent=28382"}],"wp:term":[{"taxonomy":"category","embeddable":true,"href":"https:\/\/sp2aug.pl\/index.php\/wp-json\/wp\/v2\/categories?post=28382"},{"taxonomy":"post_tag","embeddable":true,"href":"https:\/\/sp2aug.pl\/index.php\/wp-json\/wp\/v2\/tags?post=28382"}],"curies":[{"name":"wp","href":"https:\/\/api.w.org\/{rel}","templated":true}]}}