{"id":28309,"date":"2025-12-08T18:50:27","date_gmt":"2025-12-08T17:50:27","guid":{"rendered":"https:\/\/sp2aug.pl\/?p=28309"},"modified":"2025-12-08T18:51:55","modified_gmt":"2025-12-08T17:51:55","slug":"dobro-w-obiektywie","status":"publish","type":"post","link":"https:\/\/sp2aug.pl\/index.php\/2025\/12\/08\/dobro-w-obiektywie\/","title":{"rendered":"Dobro w obiektywie"},"content":{"rendered":"\t\t<div data-elementor-type=\"wp-post\" data-elementor-id=\"28309\" class=\"elementor elementor-28309\">\n\t\t\t\t\t\t<section class=\"elementor-section elementor-top-section elementor-element elementor-element-499a5cb elementor-section-boxed elementor-section-height-default elementor-section-height-default\" data-id=\"499a5cb\" data-element_type=\"section\">\n\t\t\t\t\t\t<div class=\"elementor-container elementor-column-gap-default\">\n\t\t\t\t\t<div class=\"elementor-column elementor-col-50 elementor-top-column elementor-element elementor-element-57b958b\" data-id=\"57b958b\" data-element_type=\"column\">\n\t\t\t<div class=\"elementor-widget-wrap elementor-element-populated\">\n\t\t\t\t\t\t<div class=\"elementor-element elementor-element-c592d32 elementor-widget elementor-widget-image\" data-id=\"c592d32\" data-element_type=\"widget\" data-widget_type=\"image.default\">\n\t\t\t\t<div class=\"elementor-widget-container\">\n\t\t\t\t\t\t\t\t\t\t\t\t\t\t\t\t<a href=\"https:\/\/sp2aug.pl\/wp-content\/uploads\/2025\/12\/dobro.png\" data-elementor-open-lightbox=\"yes\" data-elementor-lightbox-title=\"dobro\" data-e-action-hash=\"#elementor-action%3Aaction%3Dlightbox%26settings%3DeyJpZCI6MjgzMTAsInVybCI6Imh0dHBzOlwvXC9zcDJhdWcucGxcL3dwLWNvbnRlbnRcL3VwbG9hZHNcLzIwMjVcLzEyXC9kb2Jyby5wbmcifQ%3D%3D\">\n\t\t\t\t\t\t\t<img fetchpriority=\"high\" decoding=\"async\" width=\"923\" height=\"444\" src=\"https:\/\/sp2aug.pl\/wp-content\/uploads\/2025\/12\/dobro-1024x493.png\" class=\"attachment-large size-large wp-image-28310\" alt=\"\" srcset=\"https:\/\/sp2aug.pl\/wp-content\/uploads\/2025\/12\/dobro-1024x493.png 1024w, https:\/\/sp2aug.pl\/wp-content\/uploads\/2025\/12\/dobro-300x144.png 300w, https:\/\/sp2aug.pl\/wp-content\/uploads\/2025\/12\/dobro-768x370.png 768w, https:\/\/sp2aug.pl\/wp-content\/uploads\/2025\/12\/dobro-1536x739.png 1536w, https:\/\/sp2aug.pl\/wp-content\/uploads\/2025\/12\/dobro.png 1723w\" sizes=\"(max-width: 923px) 100vw, 923px\" \/>\t\t\t\t\t\t\t\t<\/a>\n\t\t\t\t\t\t\t\t\t\t\t\t\t\t\t<\/div>\n\t\t\t\t<\/div>\n\t\t\t\t\t<\/div>\n\t\t<\/div>\n\t\t\t\t<div class=\"elementor-column elementor-col-50 elementor-top-column elementor-element elementor-element-6be1294\" data-id=\"6be1294\" data-element_type=\"column\">\n\t\t\t<div class=\"elementor-widget-wrap elementor-element-populated\">\n\t\t\t\t\t\t<div class=\"elementor-element elementor-element-cc7af63 elementor-widget elementor-widget-text-editor\" data-id=\"cc7af63\" data-element_type=\"widget\" data-widget_type=\"text-editor.default\">\n\t\t\t\t<div class=\"elementor-widget-container\">\n\t\t\t\t\t\t\t\t\t<p><strong>\u201eDobro w obiektywie\u201d<\/strong> to akcja zorganizowana przez Szko\u0142\u0119 Podstawow\u0105 w Ku\u017anicy. Jej celem by\u0142o stworzenie pozytywnej alternatywy dla negatywnych i obra\u017aliwych tre\u015bci w mediach spo\u0142eczno\u015bciowych \u2013 zach\u0119canie do tworzenia zdj\u0119\u0107, kt\u00f3re nios\u0105 rado\u015b\u0107, wsparcie i szacunek wobec innych. Naszym zadaniem by\u0142a kr\u00f3tka relacja z przeprowadzanych w naszej szkole akcji charytatywnych, a mamy ich bez liku!<\/p><p>Wszystkie przes\u0142ane zdj\u0119cia zosta\u0142y zaprezentowane na interaktywnej mapie <strong>\u201eDobro w obiektywie \u2013 Wojew\u00f3dztwo Podlaskie pe\u0142ne \u017cyczliwo\u015bci\u201d<\/strong>, tworzonej z nades\u0142anych prac. Mapa ukazuje, \u017ce w ka\u017cdej szkole i miejscowo\u015bci mo\u017cna odnale\u017a\u0107 dobro, serdeczno\u015b\u0107 i wsp\u00f3\u0142prac\u0119<strong>. I my te\u017c tam jeste\u015bmy!<\/strong><\/p>\t\t\t\t\t\t\t\t<\/div>\n\t\t\t\t<\/div>\n\t\t\t\t\t<\/div>\n\t\t<\/div>\n\t\t\t\t\t<\/div>\n\t\t<\/section>\n\t\t\t\t<\/div>\n\t\t","protected":false},"excerpt":{"rendered":"<p>\u201eDobro w obiektywie\u201d to akcja zorganizowana przez Szko\u0142\u0119 Podstawow\u0105 w Ku\u017anicy. Jej celem by\u0142o stworzenie pozytywnej alternatywy dla negatywnych i obra\u017aliwych tre\u015bci w mediach spo\u0142eczno\u015bciowych \u2013 zach\u0119canie do tworzenia zdj\u0119\u0107, kt\u00f3re nios\u0105 rado\u015b\u0107, wsparcie i szacunek wobec innych. Naszym zadaniem by\u0142a kr\u00f3tka relacja z przeprowadzanych w naszej szkole akcji charytatywnych, a mamy ich bez liku!&hellip;<\/p>\n","protected":false},"author":1,"featured_media":0,"comment_status":"closed","ping_status":"closed","sticky":false,"template":"","format":"standard","meta":{"footnotes":""},"categories":[4],"tags":[],"class_list":["post-28309","post","type-post","status-publish","format-standard","hentry","category-archiwalne"],"_links":{"self":[{"href":"https:\/\/sp2aug.pl\/index.php\/wp-json\/wp\/v2\/posts\/28309","targetHints":{"allow":["GET"]}}],"collection":[{"href":"https:\/\/sp2aug.pl\/index.php\/wp-json\/wp\/v2\/posts"}],"about":[{"href":"https:\/\/sp2aug.pl\/index.php\/wp-json\/wp\/v2\/types\/post"}],"author":[{"embeddable":true,"href":"https:\/\/sp2aug.pl\/index.php\/wp-json\/wp\/v2\/users\/1"}],"replies":[{"embeddable":true,"href":"https:\/\/sp2aug.pl\/index.php\/wp-json\/wp\/v2\/comments?post=28309"}],"version-history":[{"count":3,"href":"https:\/\/sp2aug.pl\/index.php\/wp-json\/wp\/v2\/posts\/28309\/revisions"}],"predecessor-version":[{"id":28313,"href":"https:\/\/sp2aug.pl\/index.php\/wp-json\/wp\/v2\/posts\/28309\/revisions\/28313"}],"wp:attachment":[{"href":"https:\/\/sp2aug.pl\/index.php\/wp-json\/wp\/v2\/media?parent=28309"}],"wp:term":[{"taxonomy":"category","embeddable":true,"href":"https:\/\/sp2aug.pl\/index.php\/wp-json\/wp\/v2\/categories?post=28309"},{"taxonomy":"post_tag","embeddable":true,"href":"https:\/\/sp2aug.pl\/index.php\/wp-json\/wp\/v2\/tags?post=28309"}],"curies":[{"name":"wp","href":"https:\/\/api.w.org\/{rel}","templated":true}]}}