{"id":27755,"date":"2025-11-19T19:29:54","date_gmt":"2025-11-19T18:29:54","guid":{"rendered":"https:\/\/sp2aug.pl\/?p=27755"},"modified":"2025-11-19T19:32:31","modified_gmt":"2025-11-19T18:32:31","slug":"mowimy-stop","status":"publish","type":"post","link":"https:\/\/sp2aug.pl\/index.php\/2025\/11\/19\/mowimy-stop\/","title":{"rendered":"M\u00f3wimy STOP"},"content":{"rendered":"\t\t<div data-elementor-type=\"wp-post\" data-elementor-id=\"27755\" class=\"elementor elementor-27755\">\n\t\t\t\t\t\t<section class=\"elementor-section elementor-top-section elementor-element elementor-element-21d78da elementor-section-boxed elementor-section-height-default elementor-section-height-default\" data-id=\"21d78da\" data-element_type=\"section\">\n\t\t\t\t\t\t<div class=\"elementor-container elementor-column-gap-default\">\n\t\t\t\t\t<div class=\"elementor-column elementor-col-100 elementor-top-column elementor-element elementor-element-f8ee43d\" data-id=\"f8ee43d\" data-element_type=\"column\">\n\t\t\t<div class=\"elementor-widget-wrap elementor-element-populated\">\n\t\t\t\t\t\t<div class=\"elementor-element elementor-element-16b49c6 elementor-widget elementor-widget-text-editor\" data-id=\"16b49c6\" data-element_type=\"widget\" data-widget_type=\"text-editor.default\">\n\t\t\t\t<div class=\"elementor-widget-container\">\n\t\t\t\t\t\t\t\t\t<p>MI\u0118DZYNARODOWY DZIE\u0143 PRZECIWKO PRZEMOCY<\/p><p>M\u00f3wimy STOP<\/p><p>19 listopada obchodzimy Mi\u0119dzynarodowy Dzie\u0144 Przeciwko Przemocy. W naszej<br \/>szkole, ta data ma szczeg\u00f3lne znaczenie. Wierzymy, \u017ce ka\u017cdy ma prawo czu\u0107 si\u0119<br \/>bezpiecznie i szanowany.<br \/>CZERWONA MANIFESTACJA WSPARCIA<br \/>W ge\u015bcie solidarno\u015bci i sprzeciwu wobec wszelkich form przemocy, nasza<br \/>spo\u0142eczno\u015b\u0107 szkolna \u2013 uczniowie, nauczyciele, pracownicy przyszli ubrani w kolor<br \/>czerwony, symbolizuj\u0105cy stop dla przemocy i alarm dla tego problemu. Dzi\u0119kujemy<br \/>za tak liczne i widoczne zaanga\u017cowanie.<br \/>PLAKATY PE\u0141NE MOCY<br \/>Przez ostatnie dni uczniowie tworzyli plakaty, kt\u00f3re s\u0105 artystycznym wyrazem ich<br \/>postawy. To prace pe\u0142ne kreatywno\u015bci i wa\u017cnych przes\u0142a\u0144, kt\u00f3re przypominaj\u0105 nam,<br \/>jak wa\u017cna jest: empatia i wzajemny szacunek, budowanie przyjaznej i wspieraj\u0105cej<br \/>atmosfery w szkole i poza ni\u0105, reagowanie na przejawy agresji.<br \/>Zesp\u00f3\u0142 do spraw programu wychowawczo-profilaktycznego<\/p>\t\t\t\t\t\t\t\t<\/div>\n\t\t\t\t<\/div>\n\t\t\t\t\t<\/div>\n\t\t<\/div>\n\t\t\t\t\t<\/div>\n\t\t<\/section>\n\t\t\t\t<section class=\"elementor-section elementor-top-section elementor-element elementor-element-05b1c80 elementor-section-boxed elementor-section-height-default elementor-section-height-default\" data-id=\"05b1c80\" data-element_type=\"section\">\n\t\t\t\t\t\t<div class=\"elementor-container elementor-column-gap-default\">\n\t\t\t\t\t<div class=\"elementor-column elementor-col-100 elementor-top-column elementor-element elementor-element-c42922a\" data-id=\"c42922a\" data-element_type=\"column\">\n\t\t\t<div class=\"elementor-widget-wrap elementor-element-populated\">\n\t\t\t\t\t\t<div class=\"elementor-element elementor-element-251d331 elementor-arrows-position-inside elementor-pagination-position-outside elementor-widget elementor-widget-image-carousel\" data-id=\"251d331\" data-element_type=\"widget\" data-settings=\"{&quot;navigation&quot;:&quot;both&quot;,&quot;autoplay&quot;:&quot;yes&quot;,&quot;pause_on_hover&quot;:&quot;yes&quot;,&quot;pause_on_interaction&quot;:&quot;yes&quot;,&quot;autoplay_speed&quot;:5000,&quot;infinite&quot;:&quot;yes&quot;,&quot;speed&quot;:500}\" data-widget_type=\"image-carousel.default\">\n\t\t\t\t<div class=\"elementor-widget-container\">\n\t\t\t\t\t\t\t<div class=\"elementor-image-carousel-wrapper swiper\" role=\"region\" aria-roledescription=\"carousel\" aria-label=\"Karuzela obrazk\u00f3w\" dir=\"ltr\">\n\t\t\t<div class=\"elementor-image-carousel swiper-wrapper\" aria-live=\"off\">\n\t\t\t\t\t\t\t\t<div class=\"swiper-slide\" role=\"group\" aria-roledescription=\"slide\" aria-label=\"1 z 4\"><a data-elementor-open-lightbox=\"yes\" data-elementor-lightbox-slideshow=\"251d331\" data-elementor-lightbox-title=\"1\" data-e-action-hash=\"#elementor-action%3Aaction%3Dlightbox%26settings%3DeyJpZCI6Mjc3NTYsInVybCI6Imh0dHBzOlwvXC9zcDJhdWcucGxcL3dwLWNvbnRlbnRcL3VwbG9hZHNcLzIwMjVcLzExXC8xLTEwLmpwZyIsInNsaWRlc2hvdyI6IjI1MWQzMzEifQ%3D%3D\" href=\"https:\/\/sp2aug.pl\/wp-content\/uploads\/2025\/11\/1-10.jpg\"><figure class=\"swiper-slide-inner\"><img decoding=\"async\" class=\"swiper-slide-image\" src=\"https:\/\/sp2aug.pl\/wp-content\/uploads\/2025\/11\/1-10-150x150.jpg\" alt=\"1\" \/><\/figure><\/a><\/div><div class=\"swiper-slide\" role=\"group\" aria-roledescription=\"slide\" aria-label=\"2 z 4\"><a data-elementor-open-lightbox=\"yes\" data-elementor-lightbox-slideshow=\"251d331\" data-elementor-lightbox-title=\"2\" data-e-action-hash=\"#elementor-action%3Aaction%3Dlightbox%26settings%3DeyJpZCI6Mjc3NTcsInVybCI6Imh0dHBzOlwvXC9zcDJhdWcucGxcL3dwLWNvbnRlbnRcL3VwbG9hZHNcLzIwMjVcLzExXC8yLTEwLmpwZyIsInNsaWRlc2hvdyI6IjI1MWQzMzEifQ%3D%3D\" href=\"https:\/\/sp2aug.pl\/wp-content\/uploads\/2025\/11\/2-10.jpg\"><figure class=\"swiper-slide-inner\"><img decoding=\"async\" class=\"swiper-slide-image\" src=\"https:\/\/sp2aug.pl\/wp-content\/uploads\/2025\/11\/2-10-150x150.jpg\" alt=\"2\" \/><\/figure><\/a><\/div><div class=\"swiper-slide\" role=\"group\" aria-roledescription=\"slide\" aria-label=\"3 z 4\"><a data-elementor-open-lightbox=\"yes\" data-elementor-lightbox-slideshow=\"251d331\" data-elementor-lightbox-title=\"3\" data-e-action-hash=\"#elementor-action%3Aaction%3Dlightbox%26settings%3DeyJpZCI6Mjc3NTgsInVybCI6Imh0dHBzOlwvXC9zcDJhdWcucGxcL3dwLWNvbnRlbnRcL3VwbG9hZHNcLzIwMjVcLzExXC8zLTEwLmpwZyIsInNsaWRlc2hvdyI6IjI1MWQzMzEifQ%3D%3D\" href=\"https:\/\/sp2aug.pl\/wp-content\/uploads\/2025\/11\/3-10.jpg\"><figure class=\"swiper-slide-inner\"><img decoding=\"async\" class=\"swiper-slide-image\" src=\"https:\/\/sp2aug.pl\/wp-content\/uploads\/2025\/11\/3-10-150x150.jpg\" alt=\"3\" \/><\/figure><\/a><\/div><div class=\"swiper-slide\" role=\"group\" aria-roledescription=\"slide\" aria-label=\"4 z 4\"><a data-elementor-open-lightbox=\"yes\" data-elementor-lightbox-slideshow=\"251d331\" data-elementor-lightbox-title=\"4\" data-e-action-hash=\"#elementor-action%3Aaction%3Dlightbox%26settings%3DeyJpZCI6Mjc3NTksInVybCI6Imh0dHBzOlwvXC9zcDJhdWcucGxcL3dwLWNvbnRlbnRcL3VwbG9hZHNcLzIwMjVcLzExXC80LTguanBnIiwic2xpZGVzaG93IjoiMjUxZDMzMSJ9\" href=\"https:\/\/sp2aug.pl\/wp-content\/uploads\/2025\/11\/4-8.jpg\"><figure class=\"swiper-slide-inner\"><img decoding=\"async\" class=\"swiper-slide-image\" src=\"https:\/\/sp2aug.pl\/wp-content\/uploads\/2025\/11\/4-8-150x150.jpg\" alt=\"4\" \/><\/figure><\/a><\/div>\t\t\t<\/div>\n\t\t\t\t\t\t\t\t\t\t\t\t<div class=\"elementor-swiper-button elementor-swiper-button-prev\" role=\"button\" tabindex=\"0\">\n\t\t\t\t\t\t<i aria-hidden=\"true\" class=\"eicon-chevron-left\"><\/i>\t\t\t\t\t<\/div>\n\t\t\t\t\t<div class=\"elementor-swiper-button elementor-swiper-button-next\" role=\"button\" tabindex=\"0\">\n\t\t\t\t\t\t<i aria-hidden=\"true\" class=\"eicon-chevron-right\"><\/i>\t\t\t\t\t<\/div>\n\t\t\t\t\n\t\t\t\t\t\t\t\t\t<div class=\"swiper-pagination\"><\/div>\n\t\t\t\t\t\t\t\t\t<\/div>\n\t\t\t\t\t\t<\/div>\n\t\t\t\t<\/div>\n\t\t\t\t\t<\/div>\n\t\t<\/div>\n\t\t\t\t\t<\/div>\n\t\t<\/section>\n\t\t\t\t<\/div>\n\t\t","protected":false},"excerpt":{"rendered":"<p>MI\u0118DZYNARODOWY DZIE\u0143 PRZECIWKO PRZEMOCY M\u00f3wimy STOP 19 listopada obchodzimy Mi\u0119dzynarodowy Dzie\u0144 Przeciwko Przemocy. W naszejszkole, ta data ma szczeg\u00f3lne znaczenie. Wierzymy, \u017ce ka\u017cdy ma prawo czu\u0107 si\u0119bezpiecznie i szanowany.CZERWONA MANIFESTACJA WSPARCIAW ge\u015bcie solidarno\u015bci i sprzeciwu wobec wszelkich form przemocy, naszaspo\u0142eczno\u015b\u0107 szkolna \u2013 uczniowie, nauczyciele, pracownicy przyszli ubrani w kolorczerwony, symbolizuj\u0105cy stop dla przemocy i alarm&hellip;<\/p>\n","protected":false},"author":1,"featured_media":0,"comment_status":"closed","ping_status":"closed","sticky":false,"template":"","format":"standard","meta":{"footnotes":""},"categories":[4],"tags":[],"class_list":["post-27755","post","type-post","status-publish","format-standard","hentry","category-archiwalne"],"_links":{"self":[{"href":"https:\/\/sp2aug.pl\/index.php\/wp-json\/wp\/v2\/posts\/27755","targetHints":{"allow":["GET"]}}],"collection":[{"href":"https:\/\/sp2aug.pl\/index.php\/wp-json\/wp\/v2\/posts"}],"about":[{"href":"https:\/\/sp2aug.pl\/index.php\/wp-json\/wp\/v2\/types\/post"}],"author":[{"embeddable":true,"href":"https:\/\/sp2aug.pl\/index.php\/wp-json\/wp\/v2\/users\/1"}],"replies":[{"embeddable":true,"href":"https:\/\/sp2aug.pl\/index.php\/wp-json\/wp\/v2\/comments?post=27755"}],"version-history":[{"count":3,"href":"https:\/\/sp2aug.pl\/index.php\/wp-json\/wp\/v2\/posts\/27755\/revisions"}],"predecessor-version":[{"id":27762,"href":"https:\/\/sp2aug.pl\/index.php\/wp-json\/wp\/v2\/posts\/27755\/revisions\/27762"}],"wp:attachment":[{"href":"https:\/\/sp2aug.pl\/index.php\/wp-json\/wp\/v2\/media?parent=27755"}],"wp:term":[{"taxonomy":"category","embeddable":true,"href":"https:\/\/sp2aug.pl\/index.php\/wp-json\/wp\/v2\/categories?post=27755"},{"taxonomy":"post_tag","embeddable":true,"href":"https:\/\/sp2aug.pl\/index.php\/wp-json\/wp\/v2\/tags?post=27755"}],"curies":[{"name":"wp","href":"https:\/\/api.w.org\/{rel}","templated":true}]}}