{"id":27706,"date":"2025-11-17T17:52:10","date_gmt":"2025-11-17T16:52:10","guid":{"rendered":"https:\/\/sp2aug.pl\/?p=27706"},"modified":"2025-11-17T17:53:58","modified_gmt":"2025-11-17T16:53:58","slug":"miedzynarodowy-dzien-tolerancji-2","status":"publish","type":"post","link":"https:\/\/sp2aug.pl\/index.php\/2025\/11\/17\/miedzynarodowy-dzien-tolerancji-2\/","title":{"rendered":"Mi\u0119dzynarodowy Dzie\u0144 Tolerancji"},"content":{"rendered":"\t\t<div data-elementor-type=\"wp-post\" data-elementor-id=\"27706\" class=\"elementor elementor-27706\">\n\t\t\t\t\t\t<section class=\"elementor-section elementor-top-section elementor-element elementor-element-e061a63 elementor-section-boxed elementor-section-height-default elementor-section-height-default\" data-id=\"e061a63\" data-element_type=\"section\">\n\t\t\t\t\t\t<div class=\"elementor-container elementor-column-gap-default\">\n\t\t\t\t\t<div class=\"elementor-column elementor-col-100 elementor-top-column elementor-element elementor-element-8507746\" data-id=\"8507746\" data-element_type=\"column\">\n\t\t\t<div class=\"elementor-widget-wrap elementor-element-populated\">\n\t\t\t\t\t\t<div class=\"elementor-element elementor-element-04052ae elementor-widget elementor-widget-text-editor\" data-id=\"04052ae\" data-element_type=\"widget\" data-widget_type=\"text-editor.default\">\n\t\t\t\t<div class=\"elementor-widget-container\">\n\t\t\t\t\t\t\t\t\t<p>16 listopada w naszej szkole obchodzili\u015bmy Mi\u0119dzynarodowy Dzie\u0144 Tolerancji . By\u0142a to doskona\u0142a okazja, aby porozmawia\u0107 o szacunku, akceptacji i zrozumieniu dla drugiego cz\u0142owieka.<br>Uczniowie klas 1-3 przygotowali kolorowe prace plastyczne pod has\u0142em ,,Wie\u017ca Tolerancji\u201d, na kt\u00f3rych umie\u015bcili has\u0142a i symbole nawi\u0105zuj\u0105ce do idei tolerancji. Ich prace ozdobi\u0142y szkolne tablice, przypominaj\u0105c o znaczeniu \u017cyczliwo\u015bci i empatii.<br>Starsze klasy \u2013 uczniowie 4-8 \u2013 wykonali z kartonowych pude\u0142 przestrzenn\u0105 konstrukcj\u0119 Wie\u017cy Tolerancji, kt\u00f3ra sta\u0142a si\u0119 wsp\u00f3lnym dzie\u0142em ca\u0142ej spo\u0142eczno\u015bci szkolnej i symbolem jedno\u015bci mimo r\u00f3\u017cnic.<br>Podczas godzin wychowawczych wszyscy uczniowie, wraz z wychowawcami, uczestniczyli w zaj\u0119ciach po\u015bwi\u0119conych tematyce tolerancji, rozmowach i \u0107wiczeniach rozwijaj\u0105cych postaw\u0119 szacunku wobec innych. Na szkolnym korytarzu pojawi\u0142a si\u0119 gazetka edukacyjno \u2013 informacyjna, dzi\u0119ki kt\u00f3rej uczniowie mogli dowiedzie\u0107 si\u0119 wi\u0119cej o znaczeniu tolerancji.<br>Ten dzie\u0144 by\u0142 pe\u0142en refleksji i pozytywnej energii, kt\u00f3ry przypomnia\u0142 nam, jak wa\u017cne jest, aby ka\u017cdy czu\u0142 si\u0119 akceptowany i szanowany.<br>Zesp\u00f3\u0142 ds. programu wychowawczo &#8211; profilaktycznego<\/p>\t\t\t\t\t\t\t\t<\/div>\n\t\t\t\t<\/div>\n\t\t\t\t\t<\/div>\n\t\t<\/div>\n\t\t\t\t\t<\/div>\n\t\t<\/section>\n\t\t\t\t<section class=\"elementor-section elementor-top-section elementor-element elementor-element-0cf8d1b elementor-section-boxed elementor-section-height-default elementor-section-height-default\" data-id=\"0cf8d1b\" data-element_type=\"section\">\n\t\t\t\t\t\t<div class=\"elementor-container elementor-column-gap-default\">\n\t\t\t\t\t<div class=\"elementor-column elementor-col-100 elementor-top-column elementor-element elementor-element-cf8c3f6\" data-id=\"cf8c3f6\" data-element_type=\"column\">\n\t\t\t<div class=\"elementor-widget-wrap elementor-element-populated\">\n\t\t\t\t\t\t<div class=\"elementor-element elementor-element-0d45fae elementor-arrows-position-inside elementor-pagination-position-outside elementor-widget elementor-widget-image-carousel\" data-id=\"0d45fae\" data-element_type=\"widget\" data-settings=\"{&quot;navigation&quot;:&quot;both&quot;,&quot;autoplay&quot;:&quot;yes&quot;,&quot;pause_on_hover&quot;:&quot;yes&quot;,&quot;pause_on_interaction&quot;:&quot;yes&quot;,&quot;autoplay_speed&quot;:5000,&quot;infinite&quot;:&quot;yes&quot;,&quot;speed&quot;:500}\" data-widget_type=\"image-carousel.default\">\n\t\t\t\t<div class=\"elementor-widget-container\">\n\t\t\t\t\t\t\t<div class=\"elementor-image-carousel-wrapper swiper\" role=\"region\" aria-roledescription=\"carousel\" aria-label=\"Karuzela obrazk\u00f3w\" dir=\"ltr\">\n\t\t\t<div class=\"elementor-image-carousel swiper-wrapper\" aria-live=\"off\">\n\t\t\t\t\t\t\t\t<div class=\"swiper-slide\" role=\"group\" aria-roledescription=\"slide\" aria-label=\"1 z 4\"><a data-elementor-open-lightbox=\"yes\" data-elementor-lightbox-slideshow=\"0d45fae\" data-elementor-lightbox-title=\"1\" data-e-action-hash=\"#elementor-action%3Aaction%3Dlightbox%26settings%3DeyJpZCI6Mjc3MDcsInVybCI6Imh0dHBzOlwvXC9zcDJhdWcucGxcL3dwLWNvbnRlbnRcL3VwbG9hZHNcLzIwMjVcLzExXC8xLTkuanBnIiwic2xpZGVzaG93IjoiMGQ0NWZhZSJ9\" href=\"https:\/\/sp2aug.pl\/wp-content\/uploads\/2025\/11\/1-9.jpg\"><figure class=\"swiper-slide-inner\"><img decoding=\"async\" class=\"swiper-slide-image\" src=\"https:\/\/sp2aug.pl\/wp-content\/uploads\/2025\/11\/1-9-150x150.jpg\" alt=\"1\" \/><\/figure><\/a><\/div><div class=\"swiper-slide\" role=\"group\" aria-roledescription=\"slide\" aria-label=\"2 z 4\"><a data-elementor-open-lightbox=\"yes\" data-elementor-lightbox-slideshow=\"0d45fae\" data-elementor-lightbox-title=\"2\" data-e-action-hash=\"#elementor-action%3Aaction%3Dlightbox%26settings%3DeyJpZCI6Mjc3MDgsInVybCI6Imh0dHBzOlwvXC9zcDJhdWcucGxcL3dwLWNvbnRlbnRcL3VwbG9hZHNcLzIwMjVcLzExXC8yLTkuanBnIiwic2xpZGVzaG93IjoiMGQ0NWZhZSJ9\" href=\"https:\/\/sp2aug.pl\/wp-content\/uploads\/2025\/11\/2-9.jpg\"><figure class=\"swiper-slide-inner\"><img decoding=\"async\" class=\"swiper-slide-image\" src=\"https:\/\/sp2aug.pl\/wp-content\/uploads\/2025\/11\/2-9-150x150.jpg\" alt=\"2\" \/><\/figure><\/a><\/div><div class=\"swiper-slide\" role=\"group\" aria-roledescription=\"slide\" aria-label=\"3 z 4\"><a data-elementor-open-lightbox=\"yes\" data-elementor-lightbox-slideshow=\"0d45fae\" data-elementor-lightbox-title=\"3\" data-e-action-hash=\"#elementor-action%3Aaction%3Dlightbox%26settings%3DeyJpZCI6Mjc3MDksInVybCI6Imh0dHBzOlwvXC9zcDJhdWcucGxcL3dwLWNvbnRlbnRcL3VwbG9hZHNcLzIwMjVcLzExXC8zLTkuanBnIiwic2xpZGVzaG93IjoiMGQ0NWZhZSJ9\" href=\"https:\/\/sp2aug.pl\/wp-content\/uploads\/2025\/11\/3-9.jpg\"><figure class=\"swiper-slide-inner\"><img decoding=\"async\" class=\"swiper-slide-image\" src=\"https:\/\/sp2aug.pl\/wp-content\/uploads\/2025\/11\/3-9-150x150.jpg\" alt=\"3\" \/><\/figure><\/a><\/div><div class=\"swiper-slide\" role=\"group\" aria-roledescription=\"slide\" aria-label=\"4 z 4\"><a data-elementor-open-lightbox=\"yes\" data-elementor-lightbox-slideshow=\"0d45fae\" data-elementor-lightbox-title=\"4\" data-e-action-hash=\"#elementor-action%3Aaction%3Dlightbox%26settings%3DeyJpZCI6Mjc3MTAsInVybCI6Imh0dHBzOlwvXC9zcDJhdWcucGxcL3dwLWNvbnRlbnRcL3VwbG9hZHNcLzIwMjVcLzExXC80LTcuanBnIiwic2xpZGVzaG93IjoiMGQ0NWZhZSJ9\" href=\"https:\/\/sp2aug.pl\/wp-content\/uploads\/2025\/11\/4-7.jpg\"><figure class=\"swiper-slide-inner\"><img decoding=\"async\" class=\"swiper-slide-image\" src=\"https:\/\/sp2aug.pl\/wp-content\/uploads\/2025\/11\/4-7-150x150.jpg\" alt=\"4\" \/><\/figure><\/a><\/div>\t\t\t<\/div>\n\t\t\t\t\t\t\t\t\t\t\t\t<div class=\"elementor-swiper-button elementor-swiper-button-prev\" role=\"button\" tabindex=\"0\">\n\t\t\t\t\t\t<i aria-hidden=\"true\" class=\"eicon-chevron-left\"><\/i>\t\t\t\t\t<\/div>\n\t\t\t\t\t<div class=\"elementor-swiper-button elementor-swiper-button-next\" role=\"button\" tabindex=\"0\">\n\t\t\t\t\t\t<i aria-hidden=\"true\" class=\"eicon-chevron-right\"><\/i>\t\t\t\t\t<\/div>\n\t\t\t\t\n\t\t\t\t\t\t\t\t\t<div class=\"swiper-pagination\"><\/div>\n\t\t\t\t\t\t\t\t\t<\/div>\n\t\t\t\t\t\t<\/div>\n\t\t\t\t<\/div>\n\t\t\t\t\t<\/div>\n\t\t<\/div>\n\t\t\t\t\t<\/div>\n\t\t<\/section>\n\t\t\t\t<\/div>\n\t\t","protected":false},"excerpt":{"rendered":"<p>16 listopada w naszej szkole obchodzili\u015bmy Mi\u0119dzynarodowy Dzie\u0144 Tolerancji . By\u0142a to doskona\u0142a okazja, aby porozmawia\u0107 o szacunku, akceptacji i zrozumieniu dla drugiego cz\u0142owieka.Uczniowie klas 1-3 przygotowali kolorowe prace plastyczne pod has\u0142em ,,Wie\u017ca Tolerancji\u201d, na kt\u00f3rych umie\u015bcili has\u0142a i symbole nawi\u0105zuj\u0105ce do idei tolerancji. Ich prace ozdobi\u0142y szkolne tablice, przypominaj\u0105c o znaczeniu \u017cyczliwo\u015bci i empatii.Starsze&hellip;<\/p>\n","protected":false},"author":1,"featured_media":0,"comment_status":"closed","ping_status":"closed","sticky":false,"template":"","format":"standard","meta":{"footnotes":""},"categories":[4],"tags":[],"class_list":["post-27706","post","type-post","status-publish","format-standard","hentry","category-archiwalne"],"_links":{"self":[{"href":"https:\/\/sp2aug.pl\/index.php\/wp-json\/wp\/v2\/posts\/27706","targetHints":{"allow":["GET"]}}],"collection":[{"href":"https:\/\/sp2aug.pl\/index.php\/wp-json\/wp\/v2\/posts"}],"about":[{"href":"https:\/\/sp2aug.pl\/index.php\/wp-json\/wp\/v2\/types\/post"}],"author":[{"embeddable":true,"href":"https:\/\/sp2aug.pl\/index.php\/wp-json\/wp\/v2\/users\/1"}],"replies":[{"embeddable":true,"href":"https:\/\/sp2aug.pl\/index.php\/wp-json\/wp\/v2\/comments?post=27706"}],"version-history":[{"count":3,"href":"https:\/\/sp2aug.pl\/index.php\/wp-json\/wp\/v2\/posts\/27706\/revisions"}],"predecessor-version":[{"id":27713,"href":"https:\/\/sp2aug.pl\/index.php\/wp-json\/wp\/v2\/posts\/27706\/revisions\/27713"}],"wp:attachment":[{"href":"https:\/\/sp2aug.pl\/index.php\/wp-json\/wp\/v2\/media?parent=27706"}],"wp:term":[{"taxonomy":"category","embeddable":true,"href":"https:\/\/sp2aug.pl\/index.php\/wp-json\/wp\/v2\/categories?post=27706"},{"taxonomy":"post_tag","embeddable":true,"href":"https:\/\/sp2aug.pl\/index.php\/wp-json\/wp\/v2\/tags?post=27706"}],"curies":[{"name":"wp","href":"https:\/\/api.w.org\/{rel}","templated":true}]}}