{"id":27662,"date":"2025-11-08T09:42:48","date_gmt":"2025-11-08T08:42:48","guid":{"rendered":"https:\/\/sp2aug.pl\/?p=27662"},"modified":"2025-11-08T10:11:09","modified_gmt":"2025-11-08T09:11:09","slug":"swieto-narodowe","status":"publish","type":"post","link":"https:\/\/sp2aug.pl\/index.php\/2025\/11\/08\/swieto-narodowe\/","title":{"rendered":"\u015awi\u0119to Narodowe"},"content":{"rendered":"\t\t<div data-elementor-type=\"wp-post\" data-elementor-id=\"27662\" class=\"elementor elementor-27662\">\n\t\t\t\t\t\t<section class=\"elementor-section elementor-top-section elementor-element elementor-element-b164c43 elementor-section-boxed elementor-section-height-default elementor-section-height-default\" data-id=\"b164c43\" data-element_type=\"section\">\n\t\t\t\t\t\t<div class=\"elementor-container elementor-column-gap-default\">\n\t\t\t\t\t<div class=\"elementor-column elementor-col-100 elementor-top-column elementor-element elementor-element-e17f962\" data-id=\"e17f962\" data-element_type=\"column\">\n\t\t\t<div class=\"elementor-widget-wrap elementor-element-populated\">\n\t\t\t\t\t\t<div class=\"elementor-element elementor-element-8c9ca8b elementor-widget elementor-widget-text-editor\" data-id=\"8c9ca8b\" data-element_type=\"widget\" data-widget_type=\"text-editor.default\">\n\t\t\t\t<div class=\"elementor-widget-container\">\n\t\t\t\t\t\t\t\t\t<p>7 listopada obchodzili\u015bmy 107. rocznic\u0119 odzyskania przez Polsk\u0119 niepodleg\u0142o\u015bci.<br \/>By\u0142\u00a0to dzie\u0144, w kt\u00f3rym z szacunkiem i rado\u015bci\u0105 tworzyli\u015bmy pomost mi\u0119dzy przesz\u0142o\u015bci\u0105<br \/>a\u00a0tera\u017aniejszo\u015bci\u0105, przekazuj\u0105c warto\u015bci i obyczaje naszych przodk\u00f3w. Inspiracj\u0105 do naszej<br \/>okoliczno\u015bciowej uroczysto\u015bci sta\u0142a si\u0119 powie\u015b\u0107 \u201eCh\u0142opi\u201d W\u0142adys\u0142awa Stanis\u0142awa Reymonta,<br \/>kt\u00f3ry by\u0142 pierwszym Noblist\u0105 Niepodleg\u0142ej. Muzyka, taniec, opowie\u015bci, stroje, obrz\u0119dy<br \/>odzwierciedla\u0142y cz\u0105stk\u0119 naszego dziedzictwa narodowego.<br \/>W 1918 r. przywi\u0105zanie do warto\u015bci da\u0142y podstaw\u0119 do stworzenia Pa\u0144stwa, a w naszej<br \/>szkole sta\u0142y si\u0119 wyrazem patriotyzmu w tym szczeg\u00f3lnym dniu.<br \/>E.B<\/p>\t\t\t\t\t\t\t\t<\/div>\n\t\t\t\t<\/div>\n\t\t\t\t\t<\/div>\n\t\t<\/div>\n\t\t\t\t\t<\/div>\n\t\t<\/section>\n\t\t\t\t<section class=\"elementor-section elementor-top-section elementor-element elementor-element-0cecb38 elementor-section-boxed elementor-section-height-default elementor-section-height-default\" data-id=\"0cecb38\" data-element_type=\"section\">\n\t\t\t\t\t\t<div class=\"elementor-container elementor-column-gap-default\">\n\t\t\t\t\t<div class=\"elementor-column elementor-col-100 elementor-top-column elementor-element elementor-element-878231b\" data-id=\"878231b\" data-element_type=\"column\">\n\t\t\t<div class=\"elementor-widget-wrap elementor-element-populated\">\n\t\t\t\t\t\t<div class=\"elementor-element elementor-element-a3ef2eb elementor-arrows-position-inside elementor-pagination-position-outside elementor-widget elementor-widget-image-carousel\" data-id=\"a3ef2eb\" data-element_type=\"widget\" data-settings=\"{&quot;navigation&quot;:&quot;both&quot;,&quot;autoplay&quot;:&quot;yes&quot;,&quot;pause_on_hover&quot;:&quot;yes&quot;,&quot;pause_on_interaction&quot;:&quot;yes&quot;,&quot;autoplay_speed&quot;:5000,&quot;infinite&quot;:&quot;yes&quot;,&quot;speed&quot;:500}\" data-widget_type=\"image-carousel.default\">\n\t\t\t\t<div class=\"elementor-widget-container\">\n\t\t\t\t\t\t\t<div class=\"elementor-image-carousel-wrapper swiper\" role=\"region\" aria-roledescription=\"carousel\" aria-label=\"Karuzela obrazk\u00f3w\" dir=\"ltr\">\n\t\t\t<div class=\"elementor-image-carousel swiper-wrapper\" aria-live=\"off\">\n\t\t\t\t\t\t\t\t<div class=\"swiper-slide\" role=\"group\" aria-roledescription=\"slide\" aria-label=\"1 z 3\"><a data-elementor-open-lightbox=\"yes\" data-elementor-lightbox-slideshow=\"a3ef2eb\" data-elementor-lightbox-title=\"1\" data-e-action-hash=\"#elementor-action%3Aaction%3Dlightbox%26settings%3DeyJpZCI6Mjc2NjMsInVybCI6Imh0dHBzOlwvXC9zcDJhdWcucGxcL3dwLWNvbnRlbnRcL3VwbG9hZHNcLzIwMjVcLzExXC8xLTYuanBnIiwic2xpZGVzaG93IjoiYTNlZjJlYiJ9\" href=\"https:\/\/sp2aug.pl\/wp-content\/uploads\/2025\/11\/1-6.jpg\"><figure class=\"swiper-slide-inner\"><img decoding=\"async\" class=\"swiper-slide-image\" src=\"https:\/\/sp2aug.pl\/wp-content\/uploads\/2025\/11\/1-6-150x150.jpg\" alt=\"1\" \/><\/figure><\/a><\/div><div class=\"swiper-slide\" role=\"group\" aria-roledescription=\"slide\" aria-label=\"2 z 3\"><a data-elementor-open-lightbox=\"yes\" data-elementor-lightbox-slideshow=\"a3ef2eb\" data-elementor-lightbox-title=\"2\" data-e-action-hash=\"#elementor-action%3Aaction%3Dlightbox%26settings%3DeyJpZCI6Mjc2NjQsInVybCI6Imh0dHBzOlwvXC9zcDJhdWcucGxcL3dwLWNvbnRlbnRcL3VwbG9hZHNcLzIwMjVcLzExXC8yLTYuanBnIiwic2xpZGVzaG93IjoiYTNlZjJlYiJ9\" href=\"https:\/\/sp2aug.pl\/wp-content\/uploads\/2025\/11\/2-6.jpg\"><figure class=\"swiper-slide-inner\"><img decoding=\"async\" class=\"swiper-slide-image\" src=\"https:\/\/sp2aug.pl\/wp-content\/uploads\/2025\/11\/2-6-150x150.jpg\" alt=\"2\" \/><\/figure><\/a><\/div><div class=\"swiper-slide\" role=\"group\" aria-roledescription=\"slide\" aria-label=\"3 z 3\"><a data-elementor-open-lightbox=\"yes\" data-elementor-lightbox-slideshow=\"a3ef2eb\" data-elementor-lightbox-title=\"3\" data-e-action-hash=\"#elementor-action%3Aaction%3Dlightbox%26settings%3DeyJpZCI6Mjc2NjUsInVybCI6Imh0dHBzOlwvXC9zcDJhdWcucGxcL3dwLWNvbnRlbnRcL3VwbG9hZHNcLzIwMjVcLzExXC8zLTYuanBnIiwic2xpZGVzaG93IjoiYTNlZjJlYiJ9\" href=\"https:\/\/sp2aug.pl\/wp-content\/uploads\/2025\/11\/3-6.jpg\"><figure class=\"swiper-slide-inner\"><img decoding=\"async\" class=\"swiper-slide-image\" src=\"https:\/\/sp2aug.pl\/wp-content\/uploads\/2025\/11\/3-6-150x150.jpg\" alt=\"3\" \/><\/figure><\/a><\/div>\t\t\t<\/div>\n\t\t\t\t\t\t\t\t\t\t\t\t<div class=\"elementor-swiper-button elementor-swiper-button-prev\" role=\"button\" tabindex=\"0\">\n\t\t\t\t\t\t<i aria-hidden=\"true\" class=\"eicon-chevron-left\"><\/i>\t\t\t\t\t<\/div>\n\t\t\t\t\t<div class=\"elementor-swiper-button elementor-swiper-button-next\" role=\"button\" tabindex=\"0\">\n\t\t\t\t\t\t<i aria-hidden=\"true\" class=\"eicon-chevron-right\"><\/i>\t\t\t\t\t<\/div>\n\t\t\t\t\n\t\t\t\t\t\t\t\t\t<div class=\"swiper-pagination\"><\/div>\n\t\t\t\t\t\t\t\t\t<\/div>\n\t\t\t\t\t\t<\/div>\n\t\t\t\t<\/div>\n\t\t\t\t\t<\/div>\n\t\t<\/div>\n\t\t\t\t\t<\/div>\n\t\t<\/section>\n\t\t\t\t<\/div>\n\t\t","protected":false},"excerpt":{"rendered":"<p>7 listopada obchodzili\u015bmy 107. rocznic\u0119 odzyskania przez Polsk\u0119 niepodleg\u0142o\u015bci.By\u0142\u00a0to dzie\u0144, w kt\u00f3rym z szacunkiem i rado\u015bci\u0105 tworzyli\u015bmy pomost mi\u0119dzy przesz\u0142o\u015bci\u0105a\u00a0tera\u017aniejszo\u015bci\u0105, przekazuj\u0105c warto\u015bci i obyczaje naszych przodk\u00f3w. Inspiracj\u0105 do naszejokoliczno\u015bciowej uroczysto\u015bci sta\u0142a si\u0119 powie\u015b\u0107 \u201eCh\u0142opi\u201d W\u0142adys\u0142awa Stanis\u0142awa Reymonta,kt\u00f3ry by\u0142 pierwszym Noblist\u0105 Niepodleg\u0142ej. Muzyka, taniec, opowie\u015bci, stroje, obrz\u0119dyodzwierciedla\u0142y cz\u0105stk\u0119 naszego dziedzictwa narodowego.W 1918 r. przywi\u0105zanie do warto\u015bci&hellip;<\/p>\n","protected":false},"author":1,"featured_media":0,"comment_status":"closed","ping_status":"closed","sticky":false,"template":"","format":"standard","meta":{"footnotes":""},"categories":[4],"tags":[],"class_list":["post-27662","post","type-post","status-publish","format-standard","hentry","category-archiwalne"],"_links":{"self":[{"href":"https:\/\/sp2aug.pl\/index.php\/wp-json\/wp\/v2\/posts\/27662","targetHints":{"allow":["GET"]}}],"collection":[{"href":"https:\/\/sp2aug.pl\/index.php\/wp-json\/wp\/v2\/posts"}],"about":[{"href":"https:\/\/sp2aug.pl\/index.php\/wp-json\/wp\/v2\/types\/post"}],"author":[{"embeddable":true,"href":"https:\/\/sp2aug.pl\/index.php\/wp-json\/wp\/v2\/users\/1"}],"replies":[{"embeddable":true,"href":"https:\/\/sp2aug.pl\/index.php\/wp-json\/wp\/v2\/comments?post=27662"}],"version-history":[{"count":3,"href":"https:\/\/sp2aug.pl\/index.php\/wp-json\/wp\/v2\/posts\/27662\/revisions"}],"predecessor-version":[{"id":27668,"href":"https:\/\/sp2aug.pl\/index.php\/wp-json\/wp\/v2\/posts\/27662\/revisions\/27668"}],"wp:attachment":[{"href":"https:\/\/sp2aug.pl\/index.php\/wp-json\/wp\/v2\/media?parent=27662"}],"wp:term":[{"taxonomy":"category","embeddable":true,"href":"https:\/\/sp2aug.pl\/index.php\/wp-json\/wp\/v2\/categories?post=27662"},{"taxonomy":"post_tag","embeddable":true,"href":"https:\/\/sp2aug.pl\/index.php\/wp-json\/wp\/v2\/tags?post=27662"}],"curies":[{"name":"wp","href":"https:\/\/api.w.org\/{rel}","templated":true}]}}