{"id":27323,"date":"2025-10-14T17:43:00","date_gmt":"2025-10-14T15:43:00","guid":{"rendered":"https:\/\/sp2aug.pl\/?p=27323"},"modified":"2025-10-14T17:45:49","modified_gmt":"2025-10-14T15:45:49","slug":"dom-pamieci","status":"publish","type":"post","link":"https:\/\/sp2aug.pl\/index.php\/2025\/10\/14\/dom-pamieci\/","title":{"rendered":"Dom Pami\u0119ci"},"content":{"rendered":"\t\t<div data-elementor-type=\"wp-post\" data-elementor-id=\"27323\" class=\"elementor elementor-27323\">\n\t\t\t\t\t\t<section class=\"elementor-section elementor-top-section elementor-element elementor-element-675a2ff elementor-section-boxed elementor-section-height-default elementor-section-height-default\" data-id=\"675a2ff\" data-element_type=\"section\">\n\t\t\t\t\t\t<div class=\"elementor-container elementor-column-gap-default\">\n\t\t\t\t\t<div class=\"elementor-column elementor-col-100 elementor-top-column elementor-element elementor-element-573d469\" data-id=\"573d469\" data-element_type=\"column\">\n\t\t\t<div class=\"elementor-widget-wrap elementor-element-populated\">\n\t\t\t\t\t\t<div class=\"elementor-element elementor-element-ebc2785 elementor-widget elementor-widget-text-editor\" data-id=\"ebc2785\" data-element_type=\"widget\" data-widget_type=\"text-editor.default\">\n\t\t\t\t<div class=\"elementor-widget-container\">\n\t\t\t\t\t\t\t\t\t<p>Klasy \u00f3sme na spotkaniu w Domu Pami\u0119ci Ob\u0142awy Augustowskiej<br \/>W pi\u0105tek uczniowie dw\u00f3ch klas \u00f3smych z naszej szko\u0142y zostali zaproszeni do Domu<br \/>Pami\u0119ci Ob\u0142awy Augustowskiej na wystaw\u0119 po\u015bwi\u0119con\u0105 genera\u0142owi Kazimierzowi<br \/>Sosnkowskiemu \u2013 jednemu z bohater\u00f3w walki o niepodleg\u0142o\u015b\u0107 Polski.<br \/>W przeddzie\u0144 rocznicy \u015bmierci genera\u0142a uczniowie wys\u0142uchali i obejrzeli ciekaw\u0105 prelekcj\u0119<br \/>pana dra \u0141ukasza Faszczy, dowiedzieli si\u0119 o dzia\u0142alno\u015bci dow\u00f3dcy Polskich Si\u0142 Zbrojnych na<br \/>Zachodzie. Nast\u0119pnie uczestnicy wydarzenia obejrzeli wystaw\u0119 biograficzn\u0105 o patronie 2025<br \/>roku. P\u00f3\u017aniej pani dyrektor Aleksandra Czerobska oprowadzi\u0142a wszystkich po muzeum Domu<br \/>Pami\u0119ci Ob\u0142awy Augustowskiej. Na koniec uczniowie obejrzeli tematyczny film historyczny.<br \/>Wystawa biograficzna o generale Kazimierzu Sosnkowskim zosta\u0142a przygotowana przez<br \/>Oddzia\u0142owe Biuro Edukacji Narodowej IPN w Warszawie.<br \/>Bardzo dzi\u0119kujemy za zaproszenie na niecodzienny przekaz historyczny. Zapewne uczniowie<br \/>z innych klas wraz nauczycielami przyjd\u0105, aby obejrze\u0107 ekspozycje Domu Pami\u0119ci Ob\u0142awy<br \/>Augustowskiej.<\/p><p>Opiekunowie klas 8ai i 8b:<br \/>p. Jolanta Borysewicz, p. Danuta Gregorowicz, p. Agnieszka Jab\u0142o\u0144ska<\/p>\t\t\t\t\t\t\t\t<\/div>\n\t\t\t\t<\/div>\n\t\t\t\t\t<\/div>\n\t\t<\/div>\n\t\t\t\t\t<\/div>\n\t\t<\/section>\n\t\t\t\t<section class=\"elementor-section elementor-top-section elementor-element elementor-element-49afba6 elementor-section-boxed elementor-section-height-default elementor-section-height-default\" data-id=\"49afba6\" data-element_type=\"section\">\n\t\t\t\t\t\t<div class=\"elementor-container elementor-column-gap-default\">\n\t\t\t\t\t<div class=\"elementor-column elementor-col-100 elementor-top-column elementor-element elementor-element-07a866f\" data-id=\"07a866f\" data-element_type=\"column\">\n\t\t\t<div class=\"elementor-widget-wrap elementor-element-populated\">\n\t\t\t\t\t\t<div class=\"elementor-element elementor-element-0ab7fa6 elementor-arrows-position-inside elementor-pagination-position-outside elementor-widget elementor-widget-image-carousel\" data-id=\"0ab7fa6\" data-element_type=\"widget\" data-settings=\"{&quot;navigation&quot;:&quot;both&quot;,&quot;autoplay&quot;:&quot;yes&quot;,&quot;pause_on_hover&quot;:&quot;yes&quot;,&quot;pause_on_interaction&quot;:&quot;yes&quot;,&quot;autoplay_speed&quot;:5000,&quot;infinite&quot;:&quot;yes&quot;,&quot;speed&quot;:500}\" data-widget_type=\"image-carousel.default\">\n\t\t\t\t<div class=\"elementor-widget-container\">\n\t\t\t\t\t\t\t<div class=\"elementor-image-carousel-wrapper swiper\" role=\"region\" aria-roledescription=\"carousel\" aria-label=\"Karuzela obrazk\u00f3w\" dir=\"ltr\">\n\t\t\t<div class=\"elementor-image-carousel swiper-wrapper\" aria-live=\"off\">\n\t\t\t\t\t\t\t\t<div class=\"swiper-slide\" role=\"group\" aria-roledescription=\"slide\" aria-label=\"1 z 6\"><a data-elementor-open-lightbox=\"yes\" data-elementor-lightbox-slideshow=\"0ab7fa6\" data-elementor-lightbox-title=\"1\" data-e-action-hash=\"#elementor-action%3Aaction%3Dlightbox%26settings%3DeyJpZCI6MjczMjQsInVybCI6Imh0dHBzOlwvXC9zcDJhdWcucGxcL3dwLWNvbnRlbnRcL3VwbG9hZHNcLzIwMjVcLzEwXC8xLTcuanBnIiwic2xpZGVzaG93IjoiMGFiN2ZhNiJ9\" href=\"https:\/\/sp2aug.pl\/wp-content\/uploads\/2025\/10\/1-7.jpg\"><figure class=\"swiper-slide-inner\"><img decoding=\"async\" class=\"swiper-slide-image\" src=\"https:\/\/sp2aug.pl\/wp-content\/uploads\/2025\/10\/1-7-150x150.jpg\" alt=\"1\" \/><\/figure><\/a><\/div><div class=\"swiper-slide\" role=\"group\" aria-roledescription=\"slide\" aria-label=\"2 z 6\"><a data-elementor-open-lightbox=\"yes\" data-elementor-lightbox-slideshow=\"0ab7fa6\" data-elementor-lightbox-title=\"2\" data-e-action-hash=\"#elementor-action%3Aaction%3Dlightbox%26settings%3DeyJpZCI6MjczMjUsInVybCI6Imh0dHBzOlwvXC9zcDJhdWcucGxcL3dwLWNvbnRlbnRcL3VwbG9hZHNcLzIwMjVcLzEwXC8yLTcuanBnIiwic2xpZGVzaG93IjoiMGFiN2ZhNiJ9\" href=\"https:\/\/sp2aug.pl\/wp-content\/uploads\/2025\/10\/2-7.jpg\"><figure class=\"swiper-slide-inner\"><img decoding=\"async\" class=\"swiper-slide-image\" src=\"https:\/\/sp2aug.pl\/wp-content\/uploads\/2025\/10\/2-7-150x150.jpg\" alt=\"2\" \/><\/figure><\/a><\/div><div class=\"swiper-slide\" role=\"group\" aria-roledescription=\"slide\" aria-label=\"3 z 6\"><a data-elementor-open-lightbox=\"yes\" data-elementor-lightbox-slideshow=\"0ab7fa6\" data-elementor-lightbox-title=\"3\" data-e-action-hash=\"#elementor-action%3Aaction%3Dlightbox%26settings%3DeyJpZCI6MjczMjYsInVybCI6Imh0dHBzOlwvXC9zcDJhdWcucGxcL3dwLWNvbnRlbnRcL3VwbG9hZHNcLzIwMjVcLzEwXC8zLTcuanBnIiwic2xpZGVzaG93IjoiMGFiN2ZhNiJ9\" href=\"https:\/\/sp2aug.pl\/wp-content\/uploads\/2025\/10\/3-7.jpg\"><figure class=\"swiper-slide-inner\"><img decoding=\"async\" class=\"swiper-slide-image\" src=\"https:\/\/sp2aug.pl\/wp-content\/uploads\/2025\/10\/3-7-150x150.jpg\" alt=\"3\" \/><\/figure><\/a><\/div><div class=\"swiper-slide\" role=\"group\" aria-roledescription=\"slide\" aria-label=\"4 z 6\"><a data-elementor-open-lightbox=\"yes\" data-elementor-lightbox-slideshow=\"0ab7fa6\" data-elementor-lightbox-title=\"4\" data-e-action-hash=\"#elementor-action%3Aaction%3Dlightbox%26settings%3DeyJpZCI6MjczMjcsInVybCI6Imh0dHBzOlwvXC9zcDJhdWcucGxcL3dwLWNvbnRlbnRcL3VwbG9hZHNcLzIwMjVcLzEwXC80LTcuanBnIiwic2xpZGVzaG93IjoiMGFiN2ZhNiJ9\" href=\"https:\/\/sp2aug.pl\/wp-content\/uploads\/2025\/10\/4-7.jpg\"><figure class=\"swiper-slide-inner\"><img decoding=\"async\" class=\"swiper-slide-image\" src=\"https:\/\/sp2aug.pl\/wp-content\/uploads\/2025\/10\/4-7-150x150.jpg\" alt=\"4\" \/><\/figure><\/a><\/div><div class=\"swiper-slide\" role=\"group\" aria-roledescription=\"slide\" aria-label=\"5 z 6\"><a data-elementor-open-lightbox=\"yes\" data-elementor-lightbox-slideshow=\"0ab7fa6\" data-elementor-lightbox-title=\"5\" data-e-action-hash=\"#elementor-action%3Aaction%3Dlightbox%26settings%3DeyJpZCI6MjczMjgsInVybCI6Imh0dHBzOlwvXC9zcDJhdWcucGxcL3dwLWNvbnRlbnRcL3VwbG9hZHNcLzIwMjVcLzEwXC81LTcuanBnIiwic2xpZGVzaG93IjoiMGFiN2ZhNiJ9\" href=\"https:\/\/sp2aug.pl\/wp-content\/uploads\/2025\/10\/5-7.jpg\"><figure class=\"swiper-slide-inner\"><img decoding=\"async\" class=\"swiper-slide-image\" src=\"https:\/\/sp2aug.pl\/wp-content\/uploads\/2025\/10\/5-7-150x150.jpg\" alt=\"5\" \/><\/figure><\/a><\/div><div class=\"swiper-slide\" role=\"group\" aria-roledescription=\"slide\" aria-label=\"6 z 6\"><a data-elementor-open-lightbox=\"yes\" data-elementor-lightbox-slideshow=\"0ab7fa6\" data-elementor-lightbox-title=\"6\" data-e-action-hash=\"#elementor-action%3Aaction%3Dlightbox%26settings%3DeyJpZCI6MjczMjksInVybCI6Imh0dHBzOlwvXC9zcDJhdWcucGxcL3dwLWNvbnRlbnRcL3VwbG9hZHNcLzIwMjVcLzEwXC82LTYuanBnIiwic2xpZGVzaG93IjoiMGFiN2ZhNiJ9\" href=\"https:\/\/sp2aug.pl\/wp-content\/uploads\/2025\/10\/6-6.jpg\"><figure class=\"swiper-slide-inner\"><img decoding=\"async\" class=\"swiper-slide-image\" src=\"https:\/\/sp2aug.pl\/wp-content\/uploads\/2025\/10\/6-6-150x150.jpg\" alt=\"6\" \/><\/figure><\/a><\/div>\t\t\t<\/div>\n\t\t\t\t\t\t\t\t\t\t\t\t<div class=\"elementor-swiper-button elementor-swiper-button-prev\" role=\"button\" tabindex=\"0\">\n\t\t\t\t\t\t<i aria-hidden=\"true\" class=\"eicon-chevron-left\"><\/i>\t\t\t\t\t<\/div>\n\t\t\t\t\t<div class=\"elementor-swiper-button elementor-swiper-button-next\" role=\"button\" tabindex=\"0\">\n\t\t\t\t\t\t<i aria-hidden=\"true\" class=\"eicon-chevron-right\"><\/i>\t\t\t\t\t<\/div>\n\t\t\t\t\n\t\t\t\t\t\t\t\t\t<div class=\"swiper-pagination\"><\/div>\n\t\t\t\t\t\t\t\t\t<\/div>\n\t\t\t\t\t\t<\/div>\n\t\t\t\t<\/div>\n\t\t\t\t\t<\/div>\n\t\t<\/div>\n\t\t\t\t\t<\/div>\n\t\t<\/section>\n\t\t\t\t<\/div>\n\t\t","protected":false},"excerpt":{"rendered":"<p>Klasy \u00f3sme na spotkaniu w Domu Pami\u0119ci Ob\u0142awy AugustowskiejW pi\u0105tek uczniowie dw\u00f3ch klas \u00f3smych z naszej szko\u0142y zostali zaproszeni do DomuPami\u0119ci Ob\u0142awy Augustowskiej na wystaw\u0119 po\u015bwi\u0119con\u0105 genera\u0142owi KazimierzowiSosnkowskiemu \u2013 jednemu z bohater\u00f3w walki o niepodleg\u0142o\u015b\u0107 Polski.W przeddzie\u0144 rocznicy \u015bmierci genera\u0142a uczniowie wys\u0142uchali i obejrzeli ciekaw\u0105 prelekcj\u0119pana dra \u0141ukasza Faszczy, dowiedzieli si\u0119 o dzia\u0142alno\u015bci dow\u00f3dcy Polskich&hellip;<\/p>\n","protected":false},"author":1,"featured_media":0,"comment_status":"closed","ping_status":"closed","sticky":false,"template":"","format":"standard","meta":{"footnotes":""},"categories":[4],"tags":[],"class_list":["post-27323","post","type-post","status-publish","format-standard","hentry","category-archiwalne"],"_links":{"self":[{"href":"https:\/\/sp2aug.pl\/index.php\/wp-json\/wp\/v2\/posts\/27323","targetHints":{"allow":["GET"]}}],"collection":[{"href":"https:\/\/sp2aug.pl\/index.php\/wp-json\/wp\/v2\/posts"}],"about":[{"href":"https:\/\/sp2aug.pl\/index.php\/wp-json\/wp\/v2\/types\/post"}],"author":[{"embeddable":true,"href":"https:\/\/sp2aug.pl\/index.php\/wp-json\/wp\/v2\/users\/1"}],"replies":[{"embeddable":true,"href":"https:\/\/sp2aug.pl\/index.php\/wp-json\/wp\/v2\/comments?post=27323"}],"version-history":[{"count":3,"href":"https:\/\/sp2aug.pl\/index.php\/wp-json\/wp\/v2\/posts\/27323\/revisions"}],"predecessor-version":[{"id":27332,"href":"https:\/\/sp2aug.pl\/index.php\/wp-json\/wp\/v2\/posts\/27323\/revisions\/27332"}],"wp:attachment":[{"href":"https:\/\/sp2aug.pl\/index.php\/wp-json\/wp\/v2\/media?parent=27323"}],"wp:term":[{"taxonomy":"category","embeddable":true,"href":"https:\/\/sp2aug.pl\/index.php\/wp-json\/wp\/v2\/categories?post=27323"},{"taxonomy":"post_tag","embeddable":true,"href":"https:\/\/sp2aug.pl\/index.php\/wp-json\/wp\/v2\/tags?post=27323"}],"curies":[{"name":"wp","href":"https:\/\/api.w.org\/{rel}","templated":true}]}}