{"id":2672,"date":"2019-10-24T15:35:47","date_gmt":"2019-10-24T13:35:47","guid":{"rendered":"http:\/\/sp2aug.pl\/?p=2672"},"modified":"2019-10-24T15:36:52","modified_gmt":"2019-10-24T13:36:52","slug":"powitanie-jesieni-w-biebrzanskim-parku-narodowym","status":"publish","type":"post","link":"https:\/\/sp2aug.pl\/index.php\/2019\/10\/24\/powitanie-jesieni-w-biebrzanskim-parku-narodowym\/","title":{"rendered":"Powitanie jesieni w Biebrza\u0144skim Parku Narodowym"},"content":{"rendered":"\t\t<div data-elementor-type=\"wp-post\" data-elementor-id=\"2672\" class=\"elementor elementor-2672\">\n\t\t\t\t\t\t<section class=\"elementor-section elementor-top-section elementor-element elementor-element-209e7db elementor-section-boxed elementor-section-height-default elementor-section-height-default\" data-id=\"209e7db\" data-element_type=\"section\">\n\t\t\t\t\t\t<div class=\"elementor-container elementor-column-gap-default\">\n\t\t\t\t\t<div class=\"elementor-column elementor-col-100 elementor-top-column elementor-element elementor-element-e9b27eb\" data-id=\"e9b27eb\" data-element_type=\"column\">\n\t\t\t<div class=\"elementor-widget-wrap elementor-element-populated\">\n\t\t\t\t\t\t<div class=\"elementor-element elementor-element-6e63929 elementor-widget elementor-widget-heading\" data-id=\"6e63929\" data-element_type=\"widget\" data-widget_type=\"heading.default\">\n\t\t\t\t<div class=\"elementor-widget-container\">\n\t\t\t\t\t<h5 class=\"elementor-heading-title elementor-size-default\">Powitanie jesieni w Biebrza\u0144ski Parku Narodowym<br><u>\n---------------------------------------------------------------------------------------<\/u>\n<br><br>23 wrze\u015bnia klasy 2 a i 2 b wybra\u0142y si\u0119 na wycieczk\u0119 do Biebrza\u0144skiego Parku Narodowego. Dzieci wzi\u0119\u0142y udzia\u0142 w ciekawych zaj\u0119ciach z wykorzystaniem naturalnych eksponat\u00f3w przyrodniczych oraz obejrza\u0142y filmiki opowiadaj\u0105ce o \u017cyciu i zwyczajach zwierz\u0105t, mieszka\u0144c\u00f3w parku. Kolejnym, interesuj\u0105cym punktem naszej wyprawy by\u0142a \u015bcie\u017cka edukacyjna \"K\u0142adka\". Dzieci mia\u0142y mo\u017cliwo\u015b\u0107 bezpo\u015bredniego obcowania z natur\u0105, pozna\u0142y wiele ciekawych gatunk\u00f3w ro\u015blin, owad\u00f3w i ptak\u00f3w. Z jednej z wie\u017c widokowych obserwowa\u0142y przepi\u0119kne widoki rozlewiska Biebrzy . Zwiedza\u0142y r\u00f3wnie\u017c budowl\u0119 dawnej  twierdzy obronnej. Po zakupieniu pami\u0105tek, pe\u0142ne wra\u017ce\u0144, dzieci wr\u00f3ci\u0142y do Augustowa. <br>\nAnna Chmielewska, Agnieszka Jab\u0142o\u0144ska, Ma\u0142gorzata Szleszy\u0144ska\n<br><\/h5>\t\t\t\t<\/div>\n\t\t\t\t<\/div>\n\t\t\t\t\t<\/div>\n\t\t<\/div>\n\t\t\t\t\t<\/div>\n\t\t<\/section>\n\t\t\t\t<section class=\"elementor-section elementor-top-section elementor-element elementor-element-ba576ce elementor-section-boxed elementor-section-height-default elementor-section-height-default\" data-id=\"ba576ce\" data-element_type=\"section\">\n\t\t\t\t\t\t<div class=\"elementor-container elementor-column-gap-default\">\n\t\t\t\t\t<div class=\"elementor-column elementor-col-100 elementor-top-column elementor-element elementor-element-78b5ab3\" data-id=\"78b5ab3\" data-element_type=\"column\">\n\t\t\t<div class=\"elementor-widget-wrap elementor-element-populated\">\n\t\t\t\t\t\t<div class=\"elementor-element elementor-element-7902e75 elementor-widget elementor-widget-image\" data-id=\"7902e75\" data-element_type=\"widget\" data-widget_type=\"image.default\">\n\t\t\t\t<div class=\"elementor-widget-container\">\n\t\t\t\t\t\t\t\t\t\t\t\t\t\t\t<img fetchpriority=\"high\" decoding=\"async\" width=\"800\" height=\"388\" src=\"https:\/\/sp2aug.pl\/wp-content\/uploads\/2019\/09\/20190923_111214.jpg\" class=\"attachment-large size-large wp-image-2399\" alt=\"\" srcset=\"https:\/\/sp2aug.pl\/wp-content\/uploads\/2019\/09\/20190923_111214.jpg 800w, https:\/\/sp2aug.pl\/wp-content\/uploads\/2019\/09\/20190923_111214-300x146.jpg 300w, https:\/\/sp2aug.pl\/wp-content\/uploads\/2019\/09\/20190923_111214-768x372.jpg 768w\" sizes=\"(max-width: 800px) 100vw, 800px\" \/>\t\t\t\t\t\t\t\t\t\t\t\t\t\t\t<\/div>\n\t\t\t\t<\/div>\n\t\t\t\t\t<\/div>\n\t\t<\/div>\n\t\t\t\t\t<\/div>\n\t\t<\/section>\n\t\t\t\t<\/div>\n\t\t","protected":false},"excerpt":{"rendered":"<p>Powitanie jesieni w Biebrza\u0144ski Parku Narodowym &#8212;&#8212;&#8212;&#8212;&#8212;&#8212;&#8212;&#8212;&#8212;&#8212;&#8212;&#8212;&#8212;&#8212;&#8212;&#8212;&#8212;&#8212;&#8212;&#8212;&#8212;&#8212;&#8212;&#8212;&#8212;&#8212;&#8212;&#8212;&#8212; 23 wrze\u015bnia klasy 2 a i 2 b wybra\u0142y si\u0119 na wycieczk\u0119 do Biebrza\u0144skiego Parku Narodowego. Dzieci wzi\u0119\u0142y udzia\u0142 w ciekawych zaj\u0119ciach z wykorzystaniem naturalnych eksponat\u00f3w przyrodniczych oraz obejrza\u0142y filmiki opowiadaj\u0105ce o \u017cyciu i zwyczajach zwierz\u0105t, mieszka\u0144c\u00f3w parku. Kolejnym, interesuj\u0105cym punktem naszej wyprawy by\u0142a \u015bcie\u017cka edukacyjna &#8222;K\u0142adka&#8221;. Dzieci&hellip;<\/p>\n","protected":false},"author":1,"featured_media":0,"comment_status":"closed","ping_status":"closed","sticky":false,"template":"","format":"standard","meta":{"footnotes":""},"categories":[4],"tags":[],"class_list":["post-2672","post","type-post","status-publish","format-standard","hentry","category-archiwalne"],"_links":{"self":[{"href":"https:\/\/sp2aug.pl\/index.php\/wp-json\/wp\/v2\/posts\/2672","targetHints":{"allow":["GET"]}}],"collection":[{"href":"https:\/\/sp2aug.pl\/index.php\/wp-json\/wp\/v2\/posts"}],"about":[{"href":"https:\/\/sp2aug.pl\/index.php\/wp-json\/wp\/v2\/types\/post"}],"author":[{"embeddable":true,"href":"https:\/\/sp2aug.pl\/index.php\/wp-json\/wp\/v2\/users\/1"}],"replies":[{"embeddable":true,"href":"https:\/\/sp2aug.pl\/index.php\/wp-json\/wp\/v2\/comments?post=2672"}],"version-history":[{"count":2,"href":"https:\/\/sp2aug.pl\/index.php\/wp-json\/wp\/v2\/posts\/2672\/revisions"}],"predecessor-version":[{"id":2674,"href":"https:\/\/sp2aug.pl\/index.php\/wp-json\/wp\/v2\/posts\/2672\/revisions\/2674"}],"wp:attachment":[{"href":"https:\/\/sp2aug.pl\/index.php\/wp-json\/wp\/v2\/media?parent=2672"}],"wp:term":[{"taxonomy":"category","embeddable":true,"href":"https:\/\/sp2aug.pl\/index.php\/wp-json\/wp\/v2\/categories?post=2672"},{"taxonomy":"post_tag","embeddable":true,"href":"https:\/\/sp2aug.pl\/index.php\/wp-json\/wp\/v2\/tags?post=2672"}],"curies":[{"name":"wp","href":"https:\/\/api.w.org\/{rel}","templated":true}]}}