{"id":26423,"date":"2025-06-25T17:38:30","date_gmt":"2025-06-25T15:38:30","guid":{"rendered":"https:\/\/sp2aug.pl\/?p=26423"},"modified":"2025-06-25T17:42:00","modified_gmt":"2025-06-25T15:42:00","slug":"profilaktyka-czerniaka-4","status":"publish","type":"post","link":"https:\/\/sp2aug.pl\/index.php\/2025\/06\/25\/profilaktyka-czerniaka-4\/","title":{"rendered":"Profilaktyka czerniaka"},"content":{"rendered":"\t\t<div data-elementor-type=\"wp-post\" data-elementor-id=\"26423\" class=\"elementor elementor-26423\">\n\t\t\t\t\t\t<section class=\"elementor-section elementor-top-section elementor-element elementor-element-6f3b7bc elementor-section-boxed elementor-section-height-default elementor-section-height-default\" data-id=\"6f3b7bc\" data-element_type=\"section\">\n\t\t\t\t\t\t<div class=\"elementor-container elementor-column-gap-default\">\n\t\t\t\t\t<div class=\"elementor-column elementor-col-100 elementor-top-column elementor-element elementor-element-f3a3d23\" data-id=\"f3a3d23\" data-element_type=\"column\">\n\t\t\t<div class=\"elementor-widget-wrap elementor-element-populated\">\n\t\t\t\t\t\t<div class=\"elementor-element elementor-element-5192dc9 elementor-widget elementor-widget-text-editor\" data-id=\"5192dc9\" data-element_type=\"widget\" data-widget_type=\"text-editor.default\">\n\t\t\t\t<div class=\"elementor-widget-container\">\n\t\t\t\t\t\t\t\t\t<p>Dnia 25.06.2025r. na sali gimnastycznej odby\u0142o si\u0119 spotkanie klas si\u00f3dmych i \u00f3smych z p. Milen\u0105 Mas\u0142owsk\u0105, pracownikiem Promocji Zdrowia i Komunikacji Spo\u0142ecznej Powiatowej Stacji Sanitarno \u2013Epidemiologicznej w Augustowie.<br>Celem spotkania by\u0142o upowszechnianie w\u015br\u00f3d m\u0142odzie\u017cy wiedzy z zakresu profilaktyki czerniaka w ramach programu edukacyjnego ,,Znami\u0119! Znam je?\u2019\u2019 jako u\u015bwiadomienie potrzeby dbania o w\u0142asne zdrowie i bezpiecze\u0144stwo oraz kszta\u0142towanie umiej\u0119tno\u015bci niezb\u0119dnych do jego ochrony.<br>Podczas wyk\u0142adu uczniowie poznali ABCDE czerniaka, ,,z\u0142ote zasady\u2019\u2019 ochrony przed czerniakiem oraz jak samodzielnie przeprowadzi\u0107 badanie sk\u00f3ry.<br>Tematyka spotkania cieszy\u0142a si\u0119 du\u017cym zainteresowaniem w\u015br\u00f3d m\u0142odzie\u017cy, tym bardziej w okresie zbli\u017caj\u0105cego si\u0119 lata uczniowie wiedz\u0105 jak ochroni\u0107 sk\u00f3r\u0119 przed nadmiernym nas\u0142onecznieniem.<br>Spotkanie odby\u0142o si\u0119 w ramach akcji przeprowadzonej na terenie naszej szko\u0142y ,,Tydzie\u0144 dla Bezpiecze\u0144stwa\u2019\u2019<\/p>\n<p>Zesp\u00f3\u0142 Promocji Zdrowia<\/p>\t\t\t\t\t\t\t\t<\/div>\n\t\t\t\t<\/div>\n\t\t\t\t\t<\/div>\n\t\t<\/div>\n\t\t\t\t\t<\/div>\n\t\t<\/section>\n\t\t\t\t<section class=\"elementor-section elementor-top-section elementor-element elementor-element-b3c7d2b elementor-section-boxed elementor-section-height-default elementor-section-height-default\" data-id=\"b3c7d2b\" data-element_type=\"section\">\n\t\t\t\t\t\t<div class=\"elementor-container elementor-column-gap-default\">\n\t\t\t\t\t<div class=\"elementor-column elementor-col-100 elementor-top-column elementor-element elementor-element-b8fb183\" data-id=\"b8fb183\" data-element_type=\"column\">\n\t\t\t<div class=\"elementor-widget-wrap elementor-element-populated\">\n\t\t\t\t\t\t<div class=\"elementor-element elementor-element-7bd01da elementor-arrows-position-inside elementor-pagination-position-outside elementor-widget elementor-widget-image-carousel\" data-id=\"7bd01da\" data-element_type=\"widget\" data-settings=\"{&quot;navigation&quot;:&quot;both&quot;,&quot;autoplay&quot;:&quot;yes&quot;,&quot;pause_on_hover&quot;:&quot;yes&quot;,&quot;pause_on_interaction&quot;:&quot;yes&quot;,&quot;autoplay_speed&quot;:5000,&quot;infinite&quot;:&quot;yes&quot;,&quot;speed&quot;:500}\" data-widget_type=\"image-carousel.default\">\n\t\t\t\t<div class=\"elementor-widget-container\">\n\t\t\t\t\t\t\t<div class=\"elementor-image-carousel-wrapper swiper\" role=\"region\" aria-roledescription=\"carousel\" aria-label=\"Karuzela obrazk\u00f3w\" dir=\"ltr\">\n\t\t\t<div class=\"elementor-image-carousel swiper-wrapper\" aria-live=\"off\">\n\t\t\t\t\t\t\t\t<div class=\"swiper-slide\" role=\"group\" aria-roledescription=\"slide\" aria-label=\"1 z 4\"><a data-elementor-open-lightbox=\"yes\" data-elementor-lightbox-slideshow=\"7bd01da\" data-elementor-lightbox-title=\"1\" data-e-action-hash=\"#elementor-action%3Aaction%3Dlightbox%26settings%3DeyJpZCI6MjY0MjQsInVybCI6Imh0dHBzOlwvXC9zcDJhdWcucGxcL3dwLWNvbnRlbnRcL3VwbG9hZHNcLzIwMjVcLzA2XC8xLTIyLmpwZyIsInNsaWRlc2hvdyI6IjdiZDAxZGEifQ%3D%3D\" href=\"https:\/\/sp2aug.pl\/wp-content\/uploads\/2025\/06\/1-22.jpg\"><figure class=\"swiper-slide-inner\"><img decoding=\"async\" class=\"swiper-slide-image\" src=\"https:\/\/sp2aug.pl\/wp-content\/uploads\/2025\/06\/1-22-150x150.jpg\" alt=\"1\" \/><\/figure><\/a><\/div><div class=\"swiper-slide\" role=\"group\" aria-roledescription=\"slide\" aria-label=\"2 z 4\"><a data-elementor-open-lightbox=\"yes\" data-elementor-lightbox-slideshow=\"7bd01da\" data-elementor-lightbox-title=\"2\" data-e-action-hash=\"#elementor-action%3Aaction%3Dlightbox%26settings%3DeyJpZCI6MjY0MjUsInVybCI6Imh0dHBzOlwvXC9zcDJhdWcucGxcL3dwLWNvbnRlbnRcL3VwbG9hZHNcLzIwMjVcLzA2XC8yLTIyLmpwZyIsInNsaWRlc2hvdyI6IjdiZDAxZGEifQ%3D%3D\" href=\"https:\/\/sp2aug.pl\/wp-content\/uploads\/2025\/06\/2-22.jpg\"><figure class=\"swiper-slide-inner\"><img decoding=\"async\" class=\"swiper-slide-image\" src=\"https:\/\/sp2aug.pl\/wp-content\/uploads\/2025\/06\/2-22-150x150.jpg\" alt=\"2\" \/><\/figure><\/a><\/div><div class=\"swiper-slide\" role=\"group\" aria-roledescription=\"slide\" aria-label=\"3 z 4\"><a data-elementor-open-lightbox=\"yes\" data-elementor-lightbox-slideshow=\"7bd01da\" data-elementor-lightbox-title=\"3\" data-e-action-hash=\"#elementor-action%3Aaction%3Dlightbox%26settings%3DeyJpZCI6MjY0MjYsInVybCI6Imh0dHBzOlwvXC9zcDJhdWcucGxcL3dwLWNvbnRlbnRcL3VwbG9hZHNcLzIwMjVcLzA2XC8zLTIyLmpwZyIsInNsaWRlc2hvdyI6IjdiZDAxZGEifQ%3D%3D\" href=\"https:\/\/sp2aug.pl\/wp-content\/uploads\/2025\/06\/3-22.jpg\"><figure class=\"swiper-slide-inner\"><img decoding=\"async\" class=\"swiper-slide-image\" src=\"https:\/\/sp2aug.pl\/wp-content\/uploads\/2025\/06\/3-22-150x150.jpg\" alt=\"3\" \/><\/figure><\/a><\/div><div class=\"swiper-slide\" role=\"group\" aria-roledescription=\"slide\" aria-label=\"4 z 4\"><a data-elementor-open-lightbox=\"yes\" data-elementor-lightbox-slideshow=\"7bd01da\" data-elementor-lightbox-title=\"4\" data-e-action-hash=\"#elementor-action%3Aaction%3Dlightbox%26settings%3DeyJpZCI6MjY0MjcsInVybCI6Imh0dHBzOlwvXC9zcDJhdWcucGxcL3dwLWNvbnRlbnRcL3VwbG9hZHNcLzIwMjVcLzA2XC80LTE5LmpwZyIsInNsaWRlc2hvdyI6IjdiZDAxZGEifQ%3D%3D\" href=\"https:\/\/sp2aug.pl\/wp-content\/uploads\/2025\/06\/4-19.jpg\"><figure class=\"swiper-slide-inner\"><img decoding=\"async\" class=\"swiper-slide-image\" src=\"https:\/\/sp2aug.pl\/wp-content\/uploads\/2025\/06\/4-19-150x150.jpg\" alt=\"4\" \/><\/figure><\/a><\/div>\t\t\t<\/div>\n\t\t\t\t\t\t\t\t\t\t\t\t<div class=\"elementor-swiper-button elementor-swiper-button-prev\" role=\"button\" tabindex=\"0\">\n\t\t\t\t\t\t<i aria-hidden=\"true\" class=\"eicon-chevron-left\"><\/i>\t\t\t\t\t<\/div>\n\t\t\t\t\t<div class=\"elementor-swiper-button elementor-swiper-button-next\" role=\"button\" tabindex=\"0\">\n\t\t\t\t\t\t<i aria-hidden=\"true\" class=\"eicon-chevron-right\"><\/i>\t\t\t\t\t<\/div>\n\t\t\t\t\n\t\t\t\t\t\t\t\t\t<div class=\"swiper-pagination\"><\/div>\n\t\t\t\t\t\t\t\t\t<\/div>\n\t\t\t\t\t\t<\/div>\n\t\t\t\t<\/div>\n\t\t\t\t\t<\/div>\n\t\t<\/div>\n\t\t\t\t\t<\/div>\n\t\t<\/section>\n\t\t\t\t<\/div>\n\t\t","protected":false},"excerpt":{"rendered":"<p>Dnia 25.06.2025r. na sali gimnastycznej odby\u0142o si\u0119 spotkanie klas si\u00f3dmych i \u00f3smych z p. Milen\u0105 Mas\u0142owsk\u0105, pracownikiem Promocji Zdrowia i Komunikacji Spo\u0142ecznej Powiatowej Stacji Sanitarno \u2013Epidemiologicznej w Augustowie.Celem spotkania by\u0142o upowszechnianie w\u015br\u00f3d m\u0142odzie\u017cy wiedzy z zakresu profilaktyki czerniaka w ramach programu edukacyjnego ,,Znami\u0119! Znam je?\u2019\u2019 jako u\u015bwiadomienie potrzeby dbania o w\u0142asne zdrowie i bezpiecze\u0144stwo oraz&hellip;<\/p>\n","protected":false},"author":1,"featured_media":0,"comment_status":"closed","ping_status":"closed","sticky":false,"template":"","format":"standard","meta":{"footnotes":""},"categories":[4],"tags":[],"class_list":["post-26423","post","type-post","status-publish","format-standard","hentry","category-archiwalne"],"_links":{"self":[{"href":"https:\/\/sp2aug.pl\/index.php\/wp-json\/wp\/v2\/posts\/26423","targetHints":{"allow":["GET"]}}],"collection":[{"href":"https:\/\/sp2aug.pl\/index.php\/wp-json\/wp\/v2\/posts"}],"about":[{"href":"https:\/\/sp2aug.pl\/index.php\/wp-json\/wp\/v2\/types\/post"}],"author":[{"embeddable":true,"href":"https:\/\/sp2aug.pl\/index.php\/wp-json\/wp\/v2\/users\/1"}],"replies":[{"embeddable":true,"href":"https:\/\/sp2aug.pl\/index.php\/wp-json\/wp\/v2\/comments?post=26423"}],"version-history":[{"count":3,"href":"https:\/\/sp2aug.pl\/index.php\/wp-json\/wp\/v2\/posts\/26423\/revisions"}],"predecessor-version":[{"id":26430,"href":"https:\/\/sp2aug.pl\/index.php\/wp-json\/wp\/v2\/posts\/26423\/revisions\/26430"}],"wp:attachment":[{"href":"https:\/\/sp2aug.pl\/index.php\/wp-json\/wp\/v2\/media?parent=26423"}],"wp:term":[{"taxonomy":"category","embeddable":true,"href":"https:\/\/sp2aug.pl\/index.php\/wp-json\/wp\/v2\/categories?post=26423"},{"taxonomy":"post_tag","embeddable":true,"href":"https:\/\/sp2aug.pl\/index.php\/wp-json\/wp\/v2\/tags?post=26423"}],"curies":[{"name":"wp","href":"https:\/\/api.w.org\/{rel}","templated":true}]}}