{"id":26250,"date":"2025-06-17T18:58:16","date_gmt":"2025-06-17T16:58:16","guid":{"rendered":"https:\/\/sp2aug.pl\/?p=26250"},"modified":"2025-06-17T18:59:30","modified_gmt":"2025-06-17T16:59:30","slug":"dwojkowe-zmagania-z-kaligrafia","status":"publish","type":"post","link":"https:\/\/sp2aug.pl\/index.php\/2025\/06\/17\/dwojkowe-zmagania-z-kaligrafia\/","title":{"rendered":"Dw\u00f3jkowe zmagania z kaligrafi\u0105"},"content":{"rendered":"\t\t<div data-elementor-type=\"wp-post\" data-elementor-id=\"26250\" class=\"elementor elementor-26250\">\n\t\t\t\t\t\t<section class=\"elementor-section elementor-top-section elementor-element elementor-element-f12f6f2 elementor-section-boxed elementor-section-height-default elementor-section-height-default\" data-id=\"f12f6f2\" data-element_type=\"section\">\n\t\t\t\t\t\t<div class=\"elementor-container elementor-column-gap-default\">\n\t\t\t\t\t<div class=\"elementor-column elementor-col-100 elementor-top-column elementor-element elementor-element-f439ceb\" data-id=\"f439ceb\" data-element_type=\"column\">\n\t\t\t<div class=\"elementor-widget-wrap elementor-element-populated\">\n\t\t\t\t\t\t<div class=\"elementor-element elementor-element-9619071 elementor-widget elementor-widget-text-editor\" data-id=\"9619071\" data-element_type=\"widget\" data-widget_type=\"text-editor.default\">\n\t\t\t\t<div class=\"elementor-widget-container\">\n\t\t\t\t\t\t\t\t\t<p>Uczniowie naszej szko\u0142y mieli zaszczyt wzi\u0105\u0107 udzia\u0142 w X Jubileuszowym Og\u00f3lnopolskim Konkursie \u201eZ kaligrafi\u0105 na co dzie\u0144&#8230;\u201d. Zmagania odby\u0142y si\u0119 w r\u00f3\u017cnych kategoriach wiekowych, a jego uczestnicy zmierzyli si\u0119 z zadaniem przepisania kr\u00f3tkiego tekstu literackiego.<br \/>Jury, oceniaj\u0105c prace, bra\u0142o pod uwag\u0119 m.in. : proporcje i kszta\u0142t liter, odst\u0119py mi\u0119dzy wyrazami, czytelno\u015b\u0107 oraz organizacj\u0119 przestrzenn\u0105 tekstu. Na szczeg\u00f3lne uznanie zas\u0142u\u017cyli:<\/p><p>\u00a0<\/p><p><b>I miejsce i tytu\u0142 Laureatki<\/b> zdoby\u0142a Gabriela Smole\u0144ska z klasy 1c<\/p><p><b>I miejsce i tytu\u0142 Laureatki<\/b> zdoby\u0142a Maja Zaborowska z klasy 7b<\/p><p>\u00a0<\/p><p><b>WYR\u00d3\u017bNIENIA:<\/b><\/p><p>KAT.\u00a0 kl.1: wyr\u00f3\u017cnienia Lena Wr\u00f3blewska z klasy 1e, Maja Zyskowska z klasy 1a,\u00a0<\/p><p>KAT.\u00a0 kl.2: Aleksandra Skowro\u0144ska z klasy 2b, Julia Puchalska z klasy 2b, Nikola Czarnowska z klasy 2d, Zuzanna Kownacka z klasy 2d, Zofia \u015awi\u0105tkowska z klasy 2d, Yuliya Shkliar z klasy 2d<\/p><p>KAT.\u00a0 kl.3: Igor Jag\u0142owski z klasy 3a i Maja Puczy\u0142owska z klasy 3a,<\/p><p>KAT. kl.4: wyr\u00f3\u017cnienia Maria Czajko z klsy 4c,\u00a0<\/p><p>KAT. kl.5: wyr\u00f3\u017cnienia Wiktoria Zdanowicz z klasy 5a, Amelia Szlau\u017cys z klsy 5a,<\/p><p>KAT. kl.6: wyr\u00f3\u017cnienia Wiktoria Bujnowska z klasy 6a, Wiktoria Nycz z klasy 6a, Anna\u00a0\u00a0\u00a0<\/p><p>Bie\u0144kowska z klasy 6a, Kaja Giczewska z klasy 6a, Laura Lewo\u0144 z klasy 6c, Hanna Samocik z klasy 6d,<\/p><p>KAT. kl.7: wyr\u00f3\u017cnienie Julia Niedba\u0142a z klasy 7b<\/p><p>KAT. kl.8: wyr\u00f3\u017cnienie Zuzanna Niekra\u015b z klasy 8b.<\/p><p>Jeste\u015bmy dumni z osi\u0105gni\u0119\u0107 naszych uczni\u00f3w, kt\u00f3rzy wykazali si\u0119 niezwyk\u0142\u0105 precyzj\u0105 i estetyk\u0105 pisma! Gratulujemy.<\/p>\t\t\t\t\t\t\t\t<\/div>\n\t\t\t\t<\/div>\n\t\t\t\t\t<\/div>\n\t\t<\/div>\n\t\t\t\t\t<\/div>\n\t\t<\/section>\n\t\t\t\t<section class=\"elementor-section elementor-top-section elementor-element elementor-element-29c0ed8 elementor-section-boxed elementor-section-height-default elementor-section-height-default\" data-id=\"29c0ed8\" data-element_type=\"section\">\n\t\t\t\t\t\t<div class=\"elementor-container elementor-column-gap-default\">\n\t\t\t\t\t<div class=\"elementor-column elementor-col-100 elementor-top-column elementor-element elementor-element-2b52798\" data-id=\"2b52798\" data-element_type=\"column\">\n\t\t\t<div class=\"elementor-widget-wrap elementor-element-populated\">\n\t\t\t\t\t\t<div class=\"elementor-element elementor-element-4ccfbb4 elementor-arrows-position-inside elementor-pagination-position-outside elementor-widget elementor-widget-image-carousel\" data-id=\"4ccfbb4\" data-element_type=\"widget\" data-settings=\"{&quot;navigation&quot;:&quot;both&quot;,&quot;autoplay&quot;:&quot;yes&quot;,&quot;pause_on_hover&quot;:&quot;yes&quot;,&quot;pause_on_interaction&quot;:&quot;yes&quot;,&quot;autoplay_speed&quot;:5000,&quot;infinite&quot;:&quot;yes&quot;,&quot;speed&quot;:500}\" data-widget_type=\"image-carousel.default\">\n\t\t\t\t<div class=\"elementor-widget-container\">\n\t\t\t\t\t\t\t<div class=\"elementor-image-carousel-wrapper swiper\" role=\"region\" aria-roledescription=\"carousel\" aria-label=\"Karuzela obrazk\u00f3w\" dir=\"ltr\">\n\t\t\t<div class=\"elementor-image-carousel swiper-wrapper\" aria-live=\"off\">\n\t\t\t\t\t\t\t\t<div class=\"swiper-slide\" role=\"group\" aria-roledescription=\"slide\" aria-label=\"1 z 3\"><a data-elementor-open-lightbox=\"yes\" data-elementor-lightbox-slideshow=\"4ccfbb4\" data-elementor-lightbox-title=\"1\" data-e-action-hash=\"#elementor-action%3Aaction%3Dlightbox%26settings%3DeyJpZCI6MjYyNTEsInVybCI6Imh0dHBzOlwvXC9zcDJhdWcucGxcL3dwLWNvbnRlbnRcL3VwbG9hZHNcLzIwMjVcLzA2XC8xLTE1LmpwZyIsInNsaWRlc2hvdyI6IjRjY2ZiYjQifQ%3D%3D\" href=\"https:\/\/sp2aug.pl\/wp-content\/uploads\/2025\/06\/1-15.jpg\"><figure class=\"swiper-slide-inner\"><img decoding=\"async\" class=\"swiper-slide-image\" src=\"https:\/\/sp2aug.pl\/wp-content\/uploads\/2025\/06\/1-15-150x150.jpg\" alt=\"1\" \/><\/figure><\/a><\/div><div class=\"swiper-slide\" role=\"group\" aria-roledescription=\"slide\" aria-label=\"2 z 3\"><a data-elementor-open-lightbox=\"yes\" data-elementor-lightbox-slideshow=\"4ccfbb4\" data-elementor-lightbox-title=\"2\" data-e-action-hash=\"#elementor-action%3Aaction%3Dlightbox%26settings%3DeyJpZCI6MjYyNTIsInVybCI6Imh0dHBzOlwvXC9zcDJhdWcucGxcL3dwLWNvbnRlbnRcL3VwbG9hZHNcLzIwMjVcLzA2XC8yLTE1LmpwZyIsInNsaWRlc2hvdyI6IjRjY2ZiYjQifQ%3D%3D\" href=\"https:\/\/sp2aug.pl\/wp-content\/uploads\/2025\/06\/2-15.jpg\"><figure class=\"swiper-slide-inner\"><img decoding=\"async\" class=\"swiper-slide-image\" src=\"https:\/\/sp2aug.pl\/wp-content\/uploads\/2025\/06\/2-15-150x150.jpg\" alt=\"2\" \/><\/figure><\/a><\/div><div class=\"swiper-slide\" role=\"group\" aria-roledescription=\"slide\" aria-label=\"3 z 3\"><a data-elementor-open-lightbox=\"yes\" data-elementor-lightbox-slideshow=\"4ccfbb4\" data-elementor-lightbox-title=\"3\" data-e-action-hash=\"#elementor-action%3Aaction%3Dlightbox%26settings%3DeyJpZCI6MjYyNTMsInVybCI6Imh0dHBzOlwvXC9zcDJhdWcucGxcL3dwLWNvbnRlbnRcL3VwbG9hZHNcLzIwMjVcLzA2XC8zLTE1LmpwZyIsInNsaWRlc2hvdyI6IjRjY2ZiYjQifQ%3D%3D\" href=\"https:\/\/sp2aug.pl\/wp-content\/uploads\/2025\/06\/3-15.jpg\"><figure class=\"swiper-slide-inner\"><img decoding=\"async\" class=\"swiper-slide-image\" src=\"https:\/\/sp2aug.pl\/wp-content\/uploads\/2025\/06\/3-15-150x150.jpg\" alt=\"3\" \/><\/figure><\/a><\/div>\t\t\t<\/div>\n\t\t\t\t\t\t\t\t\t\t\t\t<div class=\"elementor-swiper-button elementor-swiper-button-prev\" role=\"button\" tabindex=\"0\">\n\t\t\t\t\t\t<i aria-hidden=\"true\" class=\"eicon-chevron-left\"><\/i>\t\t\t\t\t<\/div>\n\t\t\t\t\t<div class=\"elementor-swiper-button elementor-swiper-button-next\" role=\"button\" tabindex=\"0\">\n\t\t\t\t\t\t<i aria-hidden=\"true\" class=\"eicon-chevron-right\"><\/i>\t\t\t\t\t<\/div>\n\t\t\t\t\n\t\t\t\t\t\t\t\t\t<div class=\"swiper-pagination\"><\/div>\n\t\t\t\t\t\t\t\t\t<\/div>\n\t\t\t\t\t\t<\/div>\n\t\t\t\t<\/div>\n\t\t\t\t\t<\/div>\n\t\t<\/div>\n\t\t\t\t\t<\/div>\n\t\t<\/section>\n\t\t\t\t<\/div>\n\t\t","protected":false},"excerpt":{"rendered":"<p>Uczniowie naszej szko\u0142y mieli zaszczyt wzi\u0105\u0107 udzia\u0142 w X Jubileuszowym Og\u00f3lnopolskim Konkursie \u201eZ kaligrafi\u0105 na co dzie\u0144&#8230;\u201d. Zmagania odby\u0142y si\u0119 w r\u00f3\u017cnych kategoriach wiekowych, a jego uczestnicy zmierzyli si\u0119 z zadaniem przepisania kr\u00f3tkiego tekstu literackiego.Jury, oceniaj\u0105c prace, bra\u0142o pod uwag\u0119 m.in. : proporcje i kszta\u0142t liter, odst\u0119py mi\u0119dzy wyrazami, czytelno\u015b\u0107 oraz organizacj\u0119 przestrzenn\u0105 tekstu. Na&hellip;<\/p>\n","protected":false},"author":1,"featured_media":0,"comment_status":"closed","ping_status":"closed","sticky":false,"template":"","format":"standard","meta":{"footnotes":""},"categories":[4],"tags":[],"class_list":["post-26250","post","type-post","status-publish","format-standard","hentry","category-archiwalne"],"_links":{"self":[{"href":"https:\/\/sp2aug.pl\/index.php\/wp-json\/wp\/v2\/posts\/26250","targetHints":{"allow":["GET"]}}],"collection":[{"href":"https:\/\/sp2aug.pl\/index.php\/wp-json\/wp\/v2\/posts"}],"about":[{"href":"https:\/\/sp2aug.pl\/index.php\/wp-json\/wp\/v2\/types\/post"}],"author":[{"embeddable":true,"href":"https:\/\/sp2aug.pl\/index.php\/wp-json\/wp\/v2\/users\/1"}],"replies":[{"embeddable":true,"href":"https:\/\/sp2aug.pl\/index.php\/wp-json\/wp\/v2\/comments?post=26250"}],"version-history":[{"count":3,"href":"https:\/\/sp2aug.pl\/index.php\/wp-json\/wp\/v2\/posts\/26250\/revisions"}],"predecessor-version":[{"id":26256,"href":"https:\/\/sp2aug.pl\/index.php\/wp-json\/wp\/v2\/posts\/26250\/revisions\/26256"}],"wp:attachment":[{"href":"https:\/\/sp2aug.pl\/index.php\/wp-json\/wp\/v2\/media?parent=26250"}],"wp:term":[{"taxonomy":"category","embeddable":true,"href":"https:\/\/sp2aug.pl\/index.php\/wp-json\/wp\/v2\/categories?post=26250"},{"taxonomy":"post_tag","embeddable":true,"href":"https:\/\/sp2aug.pl\/index.php\/wp-json\/wp\/v2\/tags?post=26250"}],"curies":[{"name":"wp","href":"https:\/\/api.w.org\/{rel}","templated":true}]}}