{"id":25368,"date":"2025-05-04T14:26:19","date_gmt":"2025-05-04T12:26:19","guid":{"rendered":"https:\/\/sp2aug.pl\/?p=25368"},"modified":"2025-05-04T14:28:03","modified_gmt":"2025-05-04T12:28:03","slug":"miejskie-obchody","status":"publish","type":"post","link":"https:\/\/sp2aug.pl\/index.php\/2025\/05\/04\/miejskie-obchody\/","title":{"rendered":"Miejskie obchody"},"content":{"rendered":"\t\t<div data-elementor-type=\"wp-post\" data-elementor-id=\"25368\" class=\"elementor elementor-25368\">\n\t\t\t\t\t\t<section class=\"elementor-section elementor-top-section elementor-element elementor-element-6075634 elementor-section-boxed elementor-section-height-default elementor-section-height-default\" data-id=\"6075634\" data-element_type=\"section\">\n\t\t\t\t\t\t<div class=\"elementor-container elementor-column-gap-default\">\n\t\t\t\t\t<div class=\"elementor-column elementor-col-100 elementor-top-column elementor-element elementor-element-8873b8a\" data-id=\"8873b8a\" data-element_type=\"column\">\n\t\t\t<div class=\"elementor-widget-wrap elementor-element-populated\">\n\t\t\t\t\t\t<div class=\"elementor-element elementor-element-936a4c2 elementor-widget elementor-widget-text-editor\" data-id=\"936a4c2\" data-element_type=\"widget\" data-widget_type=\"text-editor.default\">\n\t\t\t\t<div class=\"elementor-widget-container\">\n\t\t\t\t\t\t\t\t\t<p>W sobot\u0119 uczniowie z pocztu sztandarowego naszej szko\u0142y uczestniczyli w obchodach 234. rocznicy uchwalenia pierwszej w Europie, za\u015b drugiej na \u015bwiecie Ustawy Rz\u0105dowej z 3 Maja 1791 roku. Uroczysto\u015bci rozpocz\u0119\u0142y si\u0119 Msz\u0105 \u015awi\u0119t\u0105 w intencji Ojczyzny w Bazylice Mniejszej pw. Naj\u015bwi\u0119tszego Serca Jezusowego. Nast\u0119pnie wszyscy uczestnicy przeszli ulicami Augustowa pod pomnik \u201eTym, kt\u00f3rzy oddali swe \u017cycie za woln\u0105 i sprawiedliw\u0105 Ojczyzn\u0119\u201d. Na Rynku Zygmunta Augusta zosta\u0142a wci\u0105gni\u0119ta polska flaga bia\u0142o \u2013 czerwona i wsp\u00f3lnie od\u015bpiewano \u201eMazurek D\u0105browskiego\u201d. Po przem\u00f3wieniach w\u0142adz naszego kr\u00f3lewskiego grodu, przedstawiciele miasta, szk\u00f3\u0142 oraz organizacji, w tym Zwi\u0105zku Sybirak\u00f3w oddzia\u0142u <br>w Augustowie z\u0142o\u017cyli wi\u0105zanki kwiat\u00f3w, aby odda\u0107 ho\u0142d tym, kt\u00f3rzy bronili naszej Ojczyzny.<br>Gratulujemy uczennicom i uczniom z klas: VIIIa, VIIIb, VIIIc i VII d, kt\u00f3rzy reprezentowali nasz\u0105 spo\u0142eczno\u015b\u0107 szkoln\u0105 <br>w poczcie sztandarowym. Dzi\u0119kujemy rodzicom za wsp\u00f3\u0142prac\u0119 w tym wydarzeniu.<\/p>\n<p>Opiekunki pocztu sztandarowego:<br>p. Marianna Maksimowska \u2013 Doroszko i Danuta J. Gregorowicz<br>Art. i zdj., D. Gregorowicz<\/p>\t\t\t\t\t\t\t\t<\/div>\n\t\t\t\t<\/div>\n\t\t\t\t\t<\/div>\n\t\t<\/div>\n\t\t\t\t\t<\/div>\n\t\t<\/section>\n\t\t\t\t<section class=\"elementor-section elementor-top-section elementor-element elementor-element-fa7b981 elementor-section-boxed elementor-section-height-default elementor-section-height-default\" data-id=\"fa7b981\" data-element_type=\"section\">\n\t\t\t\t\t\t<div class=\"elementor-container elementor-column-gap-default\">\n\t\t\t\t\t<div class=\"elementor-column elementor-col-100 elementor-top-column elementor-element elementor-element-0442097\" data-id=\"0442097\" data-element_type=\"column\">\n\t\t\t<div class=\"elementor-widget-wrap elementor-element-populated\">\n\t\t\t\t\t\t<div class=\"elementor-element elementor-element-72f88d4 elementor-arrows-position-inside elementor-pagination-position-outside elementor-widget elementor-widget-image-carousel\" data-id=\"72f88d4\" data-element_type=\"widget\" data-settings=\"{&quot;navigation&quot;:&quot;both&quot;,&quot;autoplay&quot;:&quot;yes&quot;,&quot;pause_on_hover&quot;:&quot;yes&quot;,&quot;pause_on_interaction&quot;:&quot;yes&quot;,&quot;autoplay_speed&quot;:5000,&quot;infinite&quot;:&quot;yes&quot;,&quot;speed&quot;:500}\" data-widget_type=\"image-carousel.default\">\n\t\t\t\t<div class=\"elementor-widget-container\">\n\t\t\t\t\t\t\t<div class=\"elementor-image-carousel-wrapper swiper\" role=\"region\" aria-roledescription=\"carousel\" aria-label=\"Karuzela obrazk\u00f3w\" dir=\"ltr\">\n\t\t\t<div class=\"elementor-image-carousel swiper-wrapper\" aria-live=\"off\">\n\t\t\t\t\t\t\t\t<div class=\"swiper-slide\" role=\"group\" aria-roledescription=\"slide\" aria-label=\"1 z 7\"><figure class=\"swiper-slide-inner\"><img decoding=\"async\" class=\"swiper-slide-image\" src=\"https:\/\/sp2aug.pl\/wp-content\/uploads\/2025\/05\/1-1-150x150.jpg\" alt=\"1\" \/><\/figure><\/div><div class=\"swiper-slide\" role=\"group\" aria-roledescription=\"slide\" aria-label=\"2 z 7\"><figure class=\"swiper-slide-inner\"><img decoding=\"async\" class=\"swiper-slide-image\" src=\"https:\/\/sp2aug.pl\/wp-content\/uploads\/2025\/05\/2-1-150x150.jpg\" alt=\"2\" \/><\/figure><\/div><div class=\"swiper-slide\" role=\"group\" aria-roledescription=\"slide\" aria-label=\"3 z 7\"><figure class=\"swiper-slide-inner\"><img decoding=\"async\" class=\"swiper-slide-image\" src=\"https:\/\/sp2aug.pl\/wp-content\/uploads\/2025\/05\/3-1-150x150.jpg\" alt=\"3\" \/><\/figure><\/div><div class=\"swiper-slide\" role=\"group\" aria-roledescription=\"slide\" aria-label=\"4 z 7\"><figure class=\"swiper-slide-inner\"><img decoding=\"async\" class=\"swiper-slide-image\" src=\"https:\/\/sp2aug.pl\/wp-content\/uploads\/2025\/05\/4-1-150x150.jpg\" alt=\"4\" \/><\/figure><\/div><div class=\"swiper-slide\" role=\"group\" aria-roledescription=\"slide\" aria-label=\"5 z 7\"><figure class=\"swiper-slide-inner\"><img decoding=\"async\" class=\"swiper-slide-image\" src=\"https:\/\/sp2aug.pl\/wp-content\/uploads\/2025\/05\/5-1-150x150.jpg\" alt=\"5\" \/><\/figure><\/div><div class=\"swiper-slide\" role=\"group\" aria-roledescription=\"slide\" aria-label=\"6 z 7\"><figure class=\"swiper-slide-inner\"><img decoding=\"async\" class=\"swiper-slide-image\" src=\"https:\/\/sp2aug.pl\/wp-content\/uploads\/2025\/05\/6-1-150x150.jpg\" alt=\"6\" \/><\/figure><\/div><div class=\"swiper-slide\" role=\"group\" aria-roledescription=\"slide\" aria-label=\"7 z 7\"><figure class=\"swiper-slide-inner\"><img decoding=\"async\" class=\"swiper-slide-image\" src=\"https:\/\/sp2aug.pl\/wp-content\/uploads\/2025\/05\/7-150x150.jpg\" alt=\"7\" \/><\/figure><\/div>\t\t\t<\/div>\n\t\t\t\t\t\t\t\t\t\t\t\t<div class=\"elementor-swiper-button elementor-swiper-button-prev\" role=\"button\" tabindex=\"0\">\n\t\t\t\t\t\t<i aria-hidden=\"true\" class=\"eicon-chevron-left\"><\/i>\t\t\t\t\t<\/div>\n\t\t\t\t\t<div class=\"elementor-swiper-button elementor-swiper-button-next\" role=\"button\" tabindex=\"0\">\n\t\t\t\t\t\t<i aria-hidden=\"true\" class=\"eicon-chevron-right\"><\/i>\t\t\t\t\t<\/div>\n\t\t\t\t\n\t\t\t\t\t\t\t\t\t<div class=\"swiper-pagination\"><\/div>\n\t\t\t\t\t\t\t\t\t<\/div>\n\t\t\t\t\t\t<\/div>\n\t\t\t\t<\/div>\n\t\t\t\t\t<\/div>\n\t\t<\/div>\n\t\t\t\t\t<\/div>\n\t\t<\/section>\n\t\t\t\t<\/div>\n\t\t","protected":false},"excerpt":{"rendered":"<p>W sobot\u0119 uczniowie z pocztu sztandarowego naszej szko\u0142y uczestniczyli w obchodach 234. rocznicy uchwalenia pierwszej w Europie, za\u015b drugiej na \u015bwiecie Ustawy Rz\u0105dowej z 3 Maja 1791 roku. Uroczysto\u015bci rozpocz\u0119\u0142y si\u0119 Msz\u0105 \u015awi\u0119t\u0105 w intencji Ojczyzny w Bazylice Mniejszej pw. Naj\u015bwi\u0119tszego Serca Jezusowego. Nast\u0119pnie wszyscy uczestnicy przeszli ulicami Augustowa pod pomnik \u201eTym, kt\u00f3rzy oddali swe&hellip;<\/p>\n","protected":false},"author":1,"featured_media":0,"comment_status":"closed","ping_status":"closed","sticky":false,"template":"","format":"standard","meta":{"footnotes":""},"categories":[4],"tags":[],"class_list":["post-25368","post","type-post","status-publish","format-standard","hentry","category-archiwalne"],"_links":{"self":[{"href":"https:\/\/sp2aug.pl\/index.php\/wp-json\/wp\/v2\/posts\/25368","targetHints":{"allow":["GET"]}}],"collection":[{"href":"https:\/\/sp2aug.pl\/index.php\/wp-json\/wp\/v2\/posts"}],"about":[{"href":"https:\/\/sp2aug.pl\/index.php\/wp-json\/wp\/v2\/types\/post"}],"author":[{"embeddable":true,"href":"https:\/\/sp2aug.pl\/index.php\/wp-json\/wp\/v2\/users\/1"}],"replies":[{"embeddable":true,"href":"https:\/\/sp2aug.pl\/index.php\/wp-json\/wp\/v2\/comments?post=25368"}],"version-history":[{"count":3,"href":"https:\/\/sp2aug.pl\/index.php\/wp-json\/wp\/v2\/posts\/25368\/revisions"}],"predecessor-version":[{"id":25378,"href":"https:\/\/sp2aug.pl\/index.php\/wp-json\/wp\/v2\/posts\/25368\/revisions\/25378"}],"wp:attachment":[{"href":"https:\/\/sp2aug.pl\/index.php\/wp-json\/wp\/v2\/media?parent=25368"}],"wp:term":[{"taxonomy":"category","embeddable":true,"href":"https:\/\/sp2aug.pl\/index.php\/wp-json\/wp\/v2\/categories?post=25368"},{"taxonomy":"post_tag","embeddable":true,"href":"https:\/\/sp2aug.pl\/index.php\/wp-json\/wp\/v2\/tags?post=25368"}],"curies":[{"name":"wp","href":"https:\/\/api.w.org\/{rel}","templated":true}]}}