{"id":25110,"date":"2025-04-15T07:44:27","date_gmt":"2025-04-15T05:44:27","guid":{"rendered":"https:\/\/sp2aug.pl\/?p=25110"},"modified":"2025-04-15T07:46:49","modified_gmt":"2025-04-15T05:46:49","slug":"rocznica-chrztu-polski","status":"publish","type":"post","link":"https:\/\/sp2aug.pl\/index.php\/2025\/04\/15\/rocznica-chrztu-polski\/","title":{"rendered":"Rocznica Chrztu Polski"},"content":{"rendered":"\t\t<div data-elementor-type=\"wp-post\" data-elementor-id=\"25110\" class=\"elementor elementor-25110\">\n\t\t\t\t\t\t<section class=\"elementor-section elementor-top-section elementor-element elementor-element-b511ace elementor-section-boxed elementor-section-height-default elementor-section-height-default\" data-id=\"b511ace\" data-element_type=\"section\">\n\t\t\t\t\t\t<div class=\"elementor-container elementor-column-gap-default\">\n\t\t\t\t\t<div class=\"elementor-column elementor-col-50 elementor-top-column elementor-element elementor-element-bc9ae93\" data-id=\"bc9ae93\" data-element_type=\"column\">\n\t\t\t<div class=\"elementor-widget-wrap elementor-element-populated\">\n\t\t\t\t\t\t<div class=\"elementor-element elementor-element-858d4ac elementor-widget elementor-widget-spacer\" data-id=\"858d4ac\" data-element_type=\"widget\" data-widget_type=\"spacer.default\">\n\t\t\t\t<div class=\"elementor-widget-container\">\n\t\t\t\t\t\t\t<div class=\"elementor-spacer\">\n\t\t\t<div class=\"elementor-spacer-inner\"><\/div>\n\t\t<\/div>\n\t\t\t\t\t\t<\/div>\n\t\t\t\t<\/div>\n\t\t\t\t<div class=\"elementor-element elementor-element-b702d35 elementor-widget elementor-widget-image\" data-id=\"b702d35\" data-element_type=\"widget\" data-widget_type=\"image.default\">\n\t\t\t\t<div class=\"elementor-widget-container\">\n\t\t\t\t\t\t\t\t\t\t\t\t\t\t\t\t<a href=\"https:\/\/sp2aug.pl\/wp-content\/uploads\/2025\/04\/chrzest.jpg\" data-elementor-open-lightbox=\"yes\" data-elementor-lightbox-title=\"chrzest\" data-e-action-hash=\"#elementor-action%3Aaction%3Dlightbox%26settings%3DeyJpZCI6MjUxMTEsInVybCI6Imh0dHBzOlwvXC9zcDJhdWcucGxcL3dwLWNvbnRlbnRcL3VwbG9hZHNcLzIwMjVcLzA0XC9jaHJ6ZXN0LmpwZyJ9\">\n\t\t\t\t\t\t\t<img fetchpriority=\"high\" decoding=\"async\" width=\"923\" height=\"521\" src=\"https:\/\/sp2aug.pl\/wp-content\/uploads\/2025\/04\/chrzest-1024x578.jpg\" class=\"attachment-large size-large wp-image-25111\" alt=\"\" srcset=\"https:\/\/sp2aug.pl\/wp-content\/uploads\/2025\/04\/chrzest-1024x578.jpg 1024w, https:\/\/sp2aug.pl\/wp-content\/uploads\/2025\/04\/chrzest-300x169.jpg 300w, https:\/\/sp2aug.pl\/wp-content\/uploads\/2025\/04\/chrzest-768x434.jpg 768w, https:\/\/sp2aug.pl\/wp-content\/uploads\/2025\/04\/chrzest-1536x868.jpg 1536w, https:\/\/sp2aug.pl\/wp-content\/uploads\/2025\/04\/chrzest-720x405.jpg 720w, https:\/\/sp2aug.pl\/wp-content\/uploads\/2025\/04\/chrzest.jpg 1556w\" sizes=\"(max-width: 923px) 100vw, 923px\" \/>\t\t\t\t\t\t\t\t<\/a>\n\t\t\t\t\t\t\t\t\t\t\t\t\t\t\t<\/div>\n\t\t\t\t<\/div>\n\t\t\t\t\t<\/div>\n\t\t<\/div>\n\t\t\t\t<div class=\"elementor-column elementor-col-50 elementor-top-column elementor-element elementor-element-239b7f3\" data-id=\"239b7f3\" data-element_type=\"column\">\n\t\t\t<div class=\"elementor-widget-wrap elementor-element-populated\">\n\t\t\t\t\t\t<div class=\"elementor-element elementor-element-3109b6f elementor-widget elementor-widget-text-editor\" data-id=\"3109b6f\" data-element_type=\"widget\" data-widget_type=\"text-editor.default\">\n\t\t\t\t<div class=\"elementor-widget-container\">\n\t\t\t\t\t\t\t\t\t<p>\u201eNiech nam m\u00f3wi\u0105 o tym<br \/>Te wiosenne kwietne b\u0142onie<br \/>I skowronek co z piosenk\u0105<br \/>W tych lazurach czystych tonie\u201d<br \/>M. Konopnicka &#8211; \u201eO \u015bwi\u0119tym Wojciechu\u201d<\/p><p>14 kwietnia obchodzimy pa\u0144stwowe \u015awi\u0119to Chrztu Polski. Wydarzenie to uznawane jest jako pocz\u0105tek pa\u0144stwa polskiego. W dniu 2 lutego 2019 r. Sejm Rzeczpospolitej Polskiej przyj\u0105\u0142 ustaw\u0119 zak\u0142adaj\u0105c\u0105 ustanowienie tego dnia. Chrzest wprowadzi\u0142 nas kraj w kultur\u0119 chrze\u015bcija\u0144sk\u0105 i cywilizacyjn\u0105. Ksi\u0105\u017c\u0119 Mieszko I zdecydowa\u0142 si\u0119 na przyj\u0119cie chrztu w obrz\u0105dku \u0142aci\u0144skim, za po\u015brednictwem misjonarzy z Czech. Znaleziska archeologiczne sugeruj\u0105, \u017ce chrzest m\u00f3g\u0142 mie\u0107 miejsce na wyspie Ostr\u00f3w Lednicki, blisko grodu<br \/>gnie\u017anie\u0144skiego.<br \/>Uczennice z klasy 4b \/Lena, Klaudia, Zosia, Gabrysia, Natalia, Amelia, Ola, Hania i Amelka\/ w formie poetyckiej przypomnia\u0142y o tym wydarzeniu.<\/p><p>Art., zdj.: D. J. Gregorowicz<\/p>\t\t\t\t\t\t\t\t<\/div>\n\t\t\t\t<\/div>\n\t\t\t\t\t<\/div>\n\t\t<\/div>\n\t\t\t\t\t<\/div>\n\t\t<\/section>\n\t\t\t\t<section class=\"elementor-section elementor-top-section elementor-element elementor-element-c9481ba elementor-section-boxed elementor-section-height-default elementor-section-height-default\" data-id=\"c9481ba\" data-element_type=\"section\">\n\t\t\t\t\t\t<div class=\"elementor-container elementor-column-gap-default\">\n\t\t\t\t\t<div class=\"elementor-column elementor-col-100 elementor-top-column elementor-element elementor-element-f3391f0\" data-id=\"f3391f0\" data-element_type=\"column\">\n\t\t\t<div class=\"elementor-widget-wrap elementor-element-populated\">\n\t\t\t\t\t\t<div class=\"elementor-element elementor-element-877a7b3 elementor-widget elementor-widget-text-editor\" data-id=\"877a7b3\" data-element_type=\"widget\" data-widget_type=\"text-editor.default\">\n\t\t\t\t<div class=\"elementor-widget-container\">\n\t\t\t\t\t\t\t\t\t<p>\u201eNiech nam m\u00f3wi\u0105 o tym<br>Te wiosenne kwietne b\u0142onie<br>I skowronek co z piosenk\u0105<br>W tych lazurach czystych tonie\u201d<br>M. Konopnicka &#8211; \u201eO \u015bwi\u0119tym Wojciechu\u201d<\/p><p>14 kwietnia obchodzimy pa\u0144stwowe \u015awi\u0119to Chrztu Polski. Wydarzenie to uznawane jest jako pocz\u0105tek pa\u0144stwa polskiego. W dniu 2 lutego 2019 r. Sejm Rzeczpospolitej Polskiej przyj\u0105\u0142 ustaw\u0119 zak\u0142adaj\u0105c\u0105 ustanowienie tego dnia. Chrzest wprowadzi\u0142 nas kraj w kultur\u0119 chrze\u015bcija\u0144sk\u0105 i cywilizacyjn\u0105. Ksi\u0105\u017c\u0119 Mieszko I zdecydowa\u0142 si\u0119 na przyj\u0119cie chrztu w obrz\u0105dku \u0142aci\u0144skim, za po\u015brednictwem misjonarzy z Czech. Znaleziska archeologiczne sugeruj\u0105, \u017ce chrzest m\u00f3g\u0142 mie\u0107 miejsce na wyspie Ostr\u00f3w Lednicki, blisko grodu<br>gnie\u017anie\u0144skiego.<br>Uczennice z klasy 4b \/Lena, Klaudia, Zosia, Gabrysia, Natalia, Amelia, Ola, Hania i Amelka\/ w formie poetyckiej przypomnia\u0142y o tym wydarzeniu.<\/p>\n<p>Art., zdj.: D. J. Gregorowicz<\/p>\t\t\t\t\t\t\t\t<\/div>\n\t\t\t\t<\/div>\n\t\t\t\t\t<\/div>\n\t\t<\/div>\n\t\t\t\t\t<\/div>\n\t\t<\/section>\n\t\t\t\t<\/div>\n\t\t","protected":false},"excerpt":{"rendered":"<p>\u201eNiech nam m\u00f3wi\u0105 o tymTe wiosenne kwietne b\u0142onieI skowronek co z piosenk\u0105W tych lazurach czystych tonie\u201dM. Konopnicka &#8211; \u201eO \u015bwi\u0119tym Wojciechu\u201d 14 kwietnia obchodzimy pa\u0144stwowe \u015awi\u0119to Chrztu Polski. Wydarzenie to uznawane jest jako pocz\u0105tek pa\u0144stwa polskiego. W dniu 2 lutego 2019 r. Sejm Rzeczpospolitej Polskiej przyj\u0105\u0142 ustaw\u0119 zak\u0142adaj\u0105c\u0105 ustanowienie tego dnia. Chrzest wprowadzi\u0142 nas kraj&hellip;<\/p>\n","protected":false},"author":1,"featured_media":0,"comment_status":"closed","ping_status":"closed","sticky":false,"template":"","format":"standard","meta":{"footnotes":""},"categories":[4],"tags":[],"class_list":["post-25110","post","type-post","status-publish","format-standard","hentry","category-archiwalne"],"_links":{"self":[{"href":"https:\/\/sp2aug.pl\/index.php\/wp-json\/wp\/v2\/posts\/25110","targetHints":{"allow":["GET"]}}],"collection":[{"href":"https:\/\/sp2aug.pl\/index.php\/wp-json\/wp\/v2\/posts"}],"about":[{"href":"https:\/\/sp2aug.pl\/index.php\/wp-json\/wp\/v2\/types\/post"}],"author":[{"embeddable":true,"href":"https:\/\/sp2aug.pl\/index.php\/wp-json\/wp\/v2\/users\/1"}],"replies":[{"embeddable":true,"href":"https:\/\/sp2aug.pl\/index.php\/wp-json\/wp\/v2\/comments?post=25110"}],"version-history":[{"count":3,"href":"https:\/\/sp2aug.pl\/index.php\/wp-json\/wp\/v2\/posts\/25110\/revisions"}],"predecessor-version":[{"id":25114,"href":"https:\/\/sp2aug.pl\/index.php\/wp-json\/wp\/v2\/posts\/25110\/revisions\/25114"}],"wp:attachment":[{"href":"https:\/\/sp2aug.pl\/index.php\/wp-json\/wp\/v2\/media?parent=25110"}],"wp:term":[{"taxonomy":"category","embeddable":true,"href":"https:\/\/sp2aug.pl\/index.php\/wp-json\/wp\/v2\/categories?post=25110"},{"taxonomy":"post_tag","embeddable":true,"href":"https:\/\/sp2aug.pl\/index.php\/wp-json\/wp\/v2\/tags?post=25110"}],"curies":[{"name":"wp","href":"https:\/\/api.w.org\/{rel}","templated":true}]}}