{"id":23292,"date":"2025-01-14T16:20:44","date_gmt":"2025-01-14T15:20:44","guid":{"rendered":"https:\/\/sp2aug.pl\/?p=23292"},"modified":"2025-01-14T16:22:15","modified_gmt":"2025-01-14T15:22:15","slug":"xx-olimpiada-matematyczna-juniorow","status":"publish","type":"post","link":"https:\/\/sp2aug.pl\/index.php\/2025\/01\/14\/xx-olimpiada-matematyczna-juniorow\/","title":{"rendered":"XX Olimpiada Matematyczna Junior\u00f3w"},"content":{"rendered":"\t\t<div data-elementor-type=\"wp-post\" data-elementor-id=\"23292\" class=\"elementor elementor-23292\">\n\t\t\t\t\t\t<section class=\"elementor-section elementor-top-section elementor-element elementor-element-ef24feb elementor-section-boxed elementor-section-height-default elementor-section-height-default\" data-id=\"ef24feb\" data-element_type=\"section\">\n\t\t\t\t\t\t<div class=\"elementor-container elementor-column-gap-default\">\n\t\t\t\t\t<div class=\"elementor-column elementor-col-50 elementor-top-column elementor-element elementor-element-854aed9\" data-id=\"854aed9\" data-element_type=\"column\">\n\t\t\t<div class=\"elementor-widget-wrap elementor-element-populated\">\n\t\t\t\t\t\t<div class=\"elementor-element elementor-element-2b9854d elementor-widget elementor-widget-image\" data-id=\"2b9854d\" data-element_type=\"widget\" data-widget_type=\"image.default\">\n\t\t\t\t<div class=\"elementor-widget-container\">\n\t\t\t\t\t\t\t\t\t\t\t\t\t\t\t\t<a href=\"https:\/\/sp2aug.pl\/wp-content\/uploads\/2025\/01\/olim.png\" data-elementor-open-lightbox=\"yes\" data-elementor-lightbox-title=\"olim\" data-e-action-hash=\"#elementor-action%3Aaction%3Dlightbox%26settings%3DeyJpZCI6MjMyOTMsInVybCI6Imh0dHBzOlwvXC9zcDJhdWcucGxcL3dwLWNvbnRlbnRcL3VwbG9hZHNcLzIwMjVcLzAxXC9vbGltLnBuZyJ9\">\n\t\t\t\t\t\t\t<img decoding=\"async\" width=\"159\" height=\"104\" src=\"https:\/\/sp2aug.pl\/wp-content\/uploads\/2025\/01\/olim.png\" class=\"attachment-large size-large wp-image-23293\" alt=\"\" \/>\t\t\t\t\t\t\t\t<\/a>\n\t\t\t\t\t\t\t\t\t\t\t\t\t\t\t<\/div>\n\t\t\t\t<\/div>\n\t\t\t\t\t<\/div>\n\t\t<\/div>\n\t\t\t\t<div class=\"elementor-column elementor-col-50 elementor-top-column elementor-element elementor-element-3541ae4\" data-id=\"3541ae4\" data-element_type=\"column\">\n\t\t\t<div class=\"elementor-widget-wrap elementor-element-populated\">\n\t\t\t\t\t\t<div class=\"elementor-element elementor-element-2aa74d1 elementor-widget elementor-widget-text-editor\" data-id=\"2aa74d1\" data-element_type=\"widget\" data-widget_type=\"text-editor.default\">\n\t\t\t\t<div class=\"elementor-widget-container\">\n\t\t\t\t\t\t\t\t\t<p>XX Olimpiada Matematyczna Junior\u00f3w<br \/>11 stycznia 2025 r. uczennica klasy 8b Iga Przekop bra\u0142a udzia\u0142<br \/>w zawodach II stopnia Olimpiady Matematycznej Junior\u00f3w, kt\u00f3re odby\u0142y<br \/>si\u0119 w II Liceum Og\u00f3lnokszta\u0142c\u0105cym im. Anny z Sapieh\u00f3w Jab\u0142onowskiej<br \/>w Bia\u0142ymstoku. Olimpiada polega\u0142a na rozwi\u0105zaniu pi\u0119ciu zada\u0144. Czas<br \/>na wykonanie tej pracy wynosi\u0142 trzy godziny.<br \/>Z wojew\u00f3dztwa podlaskiego i wojew\u00f3dztwa warmi\u0144sko \u2013<br \/>mazurskiego do udzia\u0142u w II stopniu tej olimpiady zakwalifikowa\u0142o si\u0119<br \/>tylko 36 uczni\u00f3w.<br \/>Osoby zainteresowane poznaniem zada\u0144 odsy\u0142amy na stron\u0119<br \/>www.omj.edu.pl\/zadania<br \/>Gratulujemy Idze i \u017cyczymy wielu ciekawych zada\u0144 do rozwi\u0105zania.<\/p>\t\t\t\t\t\t\t\t<\/div>\n\t\t\t\t<\/div>\n\t\t\t\t\t<\/div>\n\t\t<\/div>\n\t\t\t\t\t<\/div>\n\t\t<\/section>\n\t\t\t\t<\/div>\n\t\t","protected":false},"excerpt":{"rendered":"<p>XX Olimpiada Matematyczna Junior\u00f3w11 stycznia 2025 r. uczennica klasy 8b Iga Przekop bra\u0142a udzia\u0142w zawodach II stopnia Olimpiady Matematycznej Junior\u00f3w, kt\u00f3re odby\u0142ysi\u0119 w II Liceum Og\u00f3lnokszta\u0142c\u0105cym im. Anny z Sapieh\u00f3w Jab\u0142onowskiejw Bia\u0142ymstoku. Olimpiada polega\u0142a na rozwi\u0105zaniu pi\u0119ciu zada\u0144. Czasna wykonanie tej pracy wynosi\u0142 trzy godziny.Z wojew\u00f3dztwa podlaskiego i wojew\u00f3dztwa warmi\u0144sko \u2013mazurskiego do udzia\u0142u w II&hellip;<\/p>\n","protected":false},"author":1,"featured_media":0,"comment_status":"closed","ping_status":"closed","sticky":false,"template":"","format":"standard","meta":{"footnotes":""},"categories":[4],"tags":[],"class_list":["post-23292","post","type-post","status-publish","format-standard","hentry","category-archiwalne"],"_links":{"self":[{"href":"https:\/\/sp2aug.pl\/index.php\/wp-json\/wp\/v2\/posts\/23292","targetHints":{"allow":["GET"]}}],"collection":[{"href":"https:\/\/sp2aug.pl\/index.php\/wp-json\/wp\/v2\/posts"}],"about":[{"href":"https:\/\/sp2aug.pl\/index.php\/wp-json\/wp\/v2\/types\/post"}],"author":[{"embeddable":true,"href":"https:\/\/sp2aug.pl\/index.php\/wp-json\/wp\/v2\/users\/1"}],"replies":[{"embeddable":true,"href":"https:\/\/sp2aug.pl\/index.php\/wp-json\/wp\/v2\/comments?post=23292"}],"version-history":[{"count":3,"href":"https:\/\/sp2aug.pl\/index.php\/wp-json\/wp\/v2\/posts\/23292\/revisions"}],"predecessor-version":[{"id":23296,"href":"https:\/\/sp2aug.pl\/index.php\/wp-json\/wp\/v2\/posts\/23292\/revisions\/23296"}],"wp:attachment":[{"href":"https:\/\/sp2aug.pl\/index.php\/wp-json\/wp\/v2\/media?parent=23292"}],"wp:term":[{"taxonomy":"category","embeddable":true,"href":"https:\/\/sp2aug.pl\/index.php\/wp-json\/wp\/v2\/categories?post=23292"},{"taxonomy":"post_tag","embeddable":true,"href":"https:\/\/sp2aug.pl\/index.php\/wp-json\/wp\/v2\/tags?post=23292"}],"curies":[{"name":"wp","href":"https:\/\/api.w.org\/{rel}","templated":true}]}}