{"id":21890,"date":"2024-10-20T21:16:27","date_gmt":"2024-10-20T19:16:27","guid":{"rendered":"https:\/\/sp2aug.pl\/?p=21890"},"modified":"2024-10-20T21:17:54","modified_gmt":"2024-10-20T19:17:54","slug":"final-wojewodzki-ims","status":"publish","type":"post","link":"https:\/\/sp2aug.pl\/index.php\/2024\/10\/20\/final-wojewodzki-ims\/","title":{"rendered":"Fina\u0142 Wojew\u00f3dzki IMS"},"content":{"rendered":"\t\t<div data-elementor-type=\"wp-post\" data-elementor-id=\"21890\" class=\"elementor elementor-21890\">\n\t\t\t\t\t\t<section class=\"elementor-section elementor-top-section elementor-element elementor-element-6912375 elementor-section-boxed elementor-section-height-default elementor-section-height-default\" data-id=\"6912375\" data-element_type=\"section\">\n\t\t\t\t\t\t<div class=\"elementor-container elementor-column-gap-default\">\n\t\t\t\t\t<div class=\"elementor-column elementor-col-100 elementor-top-column elementor-element elementor-element-7fca5d8\" data-id=\"7fca5d8\" data-element_type=\"column\">\n\t\t\t<div class=\"elementor-widget-wrap elementor-element-populated\">\n\t\t\t\t\t\t<div class=\"elementor-element elementor-element-6879578 elementor-widget elementor-widget-text-editor\" data-id=\"6879578\" data-element_type=\"widget\" data-widget_type=\"text-editor.default\">\n\t\t\t\t<div class=\"elementor-widget-container\">\n\t\t\t\t\t\t\t\t\t<p>W Przewi\u0119zi 19.10.2024r. 20 zespo\u0142\u00f3w z grup po\u0142udniowej, wschodniej, p\u00f3\u0142nocnej i zachodniej wojew\u00f3dztwa podlaskiego stawi\u0142o si\u0119 na starcie, by wy\u0142oni\u0107 Mistrz\u00f3w Wojew\u00f3dztwa w Sztafetowych Biegach Prze\u0142ajowych. Nie<br>zabrak\u0142o tam dziewcz\u0105t naszej szko\u0142y, kt\u00f3re po bardzo wyr\u00f3wnanej walce zaj\u0119\u0142y 10 miejsce.<br>Wielkie gratulacje zawodniczkom z klas VII i VIII.<br>Sk\u0142ad dru\u017cyny:<br><\/p><ul><li>Jag\u0142owska Marcelina Kl. VIIIa<\/li><li>Zarzecka Dominika KL. VIIIa<\/li><li>Wysocka Maja Kl. VIIIa<\/li><li>Niedba\u0142a Julia Kl. VIIb<\/li><li>Okr\u0105g\u0142a Maja Kl. VIId<\/li><li>Rymarczyk Patrycja Kl. VIIIa<\/li><li>Rez. Zaborowska Maja Kl. VIIb<\/li><\/ul><p>Haponik Julia Kl. VIIb Nauczyciel WF: Agnieszka Zarzecka<\/p>\t\t\t\t\t\t\t\t<\/div>\n\t\t\t\t<\/div>\n\t\t\t\t\t<\/div>\n\t\t<\/div>\n\t\t\t\t\t<\/div>\n\t\t<\/section>\n\t\t\t\t<section class=\"elementor-section elementor-top-section elementor-element elementor-element-8fec8de elementor-section-boxed elementor-section-height-default elementor-section-height-default\" data-id=\"8fec8de\" data-element_type=\"section\">\n\t\t\t\t\t\t<div class=\"elementor-container elementor-column-gap-default\">\n\t\t\t\t\t<div class=\"elementor-column elementor-col-100 elementor-top-column elementor-element elementor-element-8d2736c\" data-id=\"8d2736c\" data-element_type=\"column\">\n\t\t\t<div class=\"elementor-widget-wrap elementor-element-populated\">\n\t\t\t\t\t\t<div class=\"elementor-element elementor-element-32055fd elementor-arrows-position-inside elementor-pagination-position-outside elementor-widget elementor-widget-image-carousel\" data-id=\"32055fd\" data-element_type=\"widget\" data-settings=\"{&quot;navigation&quot;:&quot;both&quot;,&quot;autoplay&quot;:&quot;yes&quot;,&quot;pause_on_hover&quot;:&quot;yes&quot;,&quot;pause_on_interaction&quot;:&quot;yes&quot;,&quot;autoplay_speed&quot;:5000,&quot;infinite&quot;:&quot;yes&quot;,&quot;speed&quot;:500}\" data-widget_type=\"image-carousel.default\">\n\t\t\t\t<div class=\"elementor-widget-container\">\n\t\t\t\t\t\t\t<div class=\"elementor-image-carousel-wrapper swiper\" role=\"region\" aria-roledescription=\"carousel\" aria-label=\"Karuzela obrazk\u00f3w\" dir=\"ltr\">\n\t\t\t<div class=\"elementor-image-carousel swiper-wrapper\" aria-live=\"off\">\n\t\t\t\t\t\t\t\t<div class=\"swiper-slide\" role=\"group\" aria-roledescription=\"slide\" aria-label=\"1 z 3\"><a data-elementor-open-lightbox=\"yes\" data-elementor-lightbox-slideshow=\"32055fd\" data-elementor-lightbox-title=\"1\" data-e-action-hash=\"#elementor-action%3Aaction%3Dlightbox%26settings%3DeyJpZCI6MjE4OTEsInVybCI6Imh0dHBzOlwvXC9zcDJhdWcucGxcL3dwLWNvbnRlbnRcL3VwbG9hZHNcLzIwMjRcLzEwXC8xLTE1LmpwZyIsInNsaWRlc2hvdyI6IjMyMDU1ZmQifQ%3D%3D\" href=\"https:\/\/sp2aug.pl\/wp-content\/uploads\/2024\/10\/1-15.jpg\"><figure class=\"swiper-slide-inner\"><img decoding=\"async\" class=\"swiper-slide-image\" src=\"https:\/\/sp2aug.pl\/wp-content\/uploads\/2024\/10\/1-15-150x150.jpg\" alt=\"1\" \/><\/figure><\/a><\/div><div class=\"swiper-slide\" role=\"group\" aria-roledescription=\"slide\" aria-label=\"2 z 3\"><a data-elementor-open-lightbox=\"yes\" data-elementor-lightbox-slideshow=\"32055fd\" data-elementor-lightbox-title=\"2\" data-e-action-hash=\"#elementor-action%3Aaction%3Dlightbox%26settings%3DeyJpZCI6MjE4OTIsInVybCI6Imh0dHBzOlwvXC9zcDJhdWcucGxcL3dwLWNvbnRlbnRcL3VwbG9hZHNcLzIwMjRcLzEwXC8yLTE2LmpwZyIsInNsaWRlc2hvdyI6IjMyMDU1ZmQifQ%3D%3D\" href=\"https:\/\/sp2aug.pl\/wp-content\/uploads\/2024\/10\/2-16.jpg\"><figure class=\"swiper-slide-inner\"><img decoding=\"async\" class=\"swiper-slide-image\" src=\"https:\/\/sp2aug.pl\/wp-content\/uploads\/2024\/10\/2-16-150x150.jpg\" alt=\"2\" \/><\/figure><\/a><\/div><div class=\"swiper-slide\" role=\"group\" aria-roledescription=\"slide\" aria-label=\"3 z 3\"><a data-elementor-open-lightbox=\"yes\" data-elementor-lightbox-slideshow=\"32055fd\" data-elementor-lightbox-title=\"3\" data-e-action-hash=\"#elementor-action%3Aaction%3Dlightbox%26settings%3DeyJpZCI6MjE4OTMsInVybCI6Imh0dHBzOlwvXC9zcDJhdWcucGxcL3dwLWNvbnRlbnRcL3VwbG9hZHNcLzIwMjRcLzEwXC8zLTEzLmpwZyIsInNsaWRlc2hvdyI6IjMyMDU1ZmQifQ%3D%3D\" href=\"https:\/\/sp2aug.pl\/wp-content\/uploads\/2024\/10\/3-13.jpg\"><figure class=\"swiper-slide-inner\"><img decoding=\"async\" class=\"swiper-slide-image\" src=\"https:\/\/sp2aug.pl\/wp-content\/uploads\/2024\/10\/3-13-150x150.jpg\" alt=\"3\" \/><\/figure><\/a><\/div>\t\t\t<\/div>\n\t\t\t\t\t\t\t\t\t\t\t\t<div class=\"elementor-swiper-button elementor-swiper-button-prev\" role=\"button\" tabindex=\"0\">\n\t\t\t\t\t\t<i aria-hidden=\"true\" class=\"eicon-chevron-left\"><\/i>\t\t\t\t\t<\/div>\n\t\t\t\t\t<div class=\"elementor-swiper-button elementor-swiper-button-next\" role=\"button\" tabindex=\"0\">\n\t\t\t\t\t\t<i aria-hidden=\"true\" class=\"eicon-chevron-right\"><\/i>\t\t\t\t\t<\/div>\n\t\t\t\t\n\t\t\t\t\t\t\t\t\t<div class=\"swiper-pagination\"><\/div>\n\t\t\t\t\t\t\t\t\t<\/div>\n\t\t\t\t\t\t<\/div>\n\t\t\t\t<\/div>\n\t\t\t\t\t<\/div>\n\t\t<\/div>\n\t\t\t\t\t<\/div>\n\t\t<\/section>\n\t\t\t\t<\/div>\n\t\t","protected":false},"excerpt":{"rendered":"<p>W Przewi\u0119zi 19.10.2024r. 20 zespo\u0142\u00f3w z grup po\u0142udniowej, wschodniej, p\u00f3\u0142nocnej i zachodniej wojew\u00f3dztwa podlaskiego stawi\u0142o si\u0119 na starcie, by wy\u0142oni\u0107 Mistrz\u00f3w Wojew\u00f3dztwa w Sztafetowych Biegach Prze\u0142ajowych. Niezabrak\u0142o tam dziewcz\u0105t naszej szko\u0142y, kt\u00f3re po bardzo wyr\u00f3wnanej walce zaj\u0119\u0142y 10 miejsce.Wielkie gratulacje zawodniczkom z klas VII i VIII.Sk\u0142ad dru\u017cyny: Jag\u0142owska Marcelina Kl. VIIIa Zarzecka Dominika KL. VIIIa&hellip;<\/p>\n","protected":false},"author":1,"featured_media":0,"comment_status":"closed","ping_status":"closed","sticky":false,"template":"","format":"standard","meta":{"footnotes":""},"categories":[4],"tags":[],"class_list":["post-21890","post","type-post","status-publish","format-standard","hentry","category-archiwalne"],"_links":{"self":[{"href":"https:\/\/sp2aug.pl\/index.php\/wp-json\/wp\/v2\/posts\/21890","targetHints":{"allow":["GET"]}}],"collection":[{"href":"https:\/\/sp2aug.pl\/index.php\/wp-json\/wp\/v2\/posts"}],"about":[{"href":"https:\/\/sp2aug.pl\/index.php\/wp-json\/wp\/v2\/types\/post"}],"author":[{"embeddable":true,"href":"https:\/\/sp2aug.pl\/index.php\/wp-json\/wp\/v2\/users\/1"}],"replies":[{"embeddable":true,"href":"https:\/\/sp2aug.pl\/index.php\/wp-json\/wp\/v2\/comments?post=21890"}],"version-history":[{"count":3,"href":"https:\/\/sp2aug.pl\/index.php\/wp-json\/wp\/v2\/posts\/21890\/revisions"}],"predecessor-version":[{"id":21896,"href":"https:\/\/sp2aug.pl\/index.php\/wp-json\/wp\/v2\/posts\/21890\/revisions\/21896"}],"wp:attachment":[{"href":"https:\/\/sp2aug.pl\/index.php\/wp-json\/wp\/v2\/media?parent=21890"}],"wp:term":[{"taxonomy":"category","embeddable":true,"href":"https:\/\/sp2aug.pl\/index.php\/wp-json\/wp\/v2\/categories?post=21890"},{"taxonomy":"post_tag","embeddable":true,"href":"https:\/\/sp2aug.pl\/index.php\/wp-json\/wp\/v2\/tags?post=21890"}],"curies":[{"name":"wp","href":"https:\/\/api.w.org\/{rel}","templated":true}]}}