{"id":20978,"date":"2024-07-15T08:48:59","date_gmt":"2024-07-15T06:48:59","guid":{"rendered":"https:\/\/sp2aug.pl\/?p=20978"},"modified":"2024-07-15T08:50:15","modified_gmt":"2024-07-15T06:50:15","slug":"dzien-pamieci-ofiar-oblawy-augustowskiej","status":"publish","type":"post","link":"https:\/\/sp2aug.pl\/index.php\/2024\/07\/15\/dzien-pamieci-ofiar-oblawy-augustowskiej\/","title":{"rendered":"Dzie\u0144 Pami\u0119ci Ofiar Ob\u0142awy Augustowskiej"},"content":{"rendered":"\t\t<div data-elementor-type=\"wp-post\" data-elementor-id=\"20978\" class=\"elementor elementor-20978\">\n\t\t\t\t\t\t<section class=\"elementor-section elementor-top-section elementor-element elementor-element-d55a7fe elementor-section-boxed elementor-section-height-default elementor-section-height-default\" data-id=\"d55a7fe\" data-element_type=\"section\">\n\t\t\t\t\t\t<div class=\"elementor-container elementor-column-gap-default\">\n\t\t\t\t\t<div class=\"elementor-column elementor-col-100 elementor-top-column elementor-element elementor-element-ab89803\" data-id=\"ab89803\" data-element_type=\"column\">\n\t\t\t<div class=\"elementor-widget-wrap elementor-element-populated\">\n\t\t\t\t\t\t<div class=\"elementor-element elementor-element-eb050fb elementor-widget elementor-widget-text-editor\" data-id=\"eb050fb\" data-element_type=\"widget\" data-widget_type=\"text-editor.default\">\n\t\t\t\t<div class=\"elementor-widget-container\">\n\t\t\t\t\t\t\t\t\t<p>12 lipca 2024 r., w Dniu Pami\u0119ci Ofiar Ob\u0142awy Augustowskiej, poczet sztandarowy naszej szko\u0142y na czele z panem dyrektorem Leszkiem Mo\u0142odziejko oraz nauczycielami, uczestniczy\u0142 w uroczysto\u015bciach patriotyczno \u2013 religijnych po\u015bwi\u0119conym 79 rocznicy tych tragicznych wydarze\u0144.<br>Na placu powstaj\u0105cego Domu Ob\u0142awy Augustowskiej, zaproszeni go\u015bcie przypomnieli nazwiska Ofiar Ob\u0142awy Augustowskiej. Zgromadzeni przedstawiciele r\u00f3\u017cnych organizacji, reprezentanci wojska, Ko\u015bcio\u0142a, harcerstwa, jednostek samorz\u0105dowych, plac\u00f3wek kultury i o\u015bwiaty z\u0142o\u017cyli kwiaty i oddali ho\u0142d Ofiarom Ob\u0142awy Augustowskiej.<br>Pi\u0119kn\u0105 postaw\u0119 zaprezentowali nasi uczniowie i uczennice z pocztu sztandarowego, kt\u00f3rzy wzorowo uczestniczyli w uroczysto\u015bciach pomimo trwaj\u0105cych wakacji.<\/p>\n<p>Opiekunowie pocztu: Marianna Doroszko \u2013 Maksimowska<br>Danuta Jolanta Gregorowicz<\/p>\t\t\t\t\t\t\t\t<\/div>\n\t\t\t\t<\/div>\n\t\t\t\t\t<\/div>\n\t\t<\/div>\n\t\t\t\t\t<\/div>\n\t\t<\/section>\n\t\t\t\t<section class=\"elementor-section elementor-top-section elementor-element elementor-element-3befa0f elementor-section-boxed elementor-section-height-default elementor-section-height-default\" data-id=\"3befa0f\" data-element_type=\"section\">\n\t\t\t\t\t\t<div class=\"elementor-container elementor-column-gap-default\">\n\t\t\t\t\t<div class=\"elementor-column elementor-col-100 elementor-top-column elementor-element elementor-element-c8432ea\" data-id=\"c8432ea\" data-element_type=\"column\">\n\t\t\t<div class=\"elementor-widget-wrap elementor-element-populated\">\n\t\t\t\t\t\t<div class=\"elementor-element elementor-element-0af8b20 elementor-arrows-position-inside elementor-pagination-position-outside elementor-widget elementor-widget-image-carousel\" data-id=\"0af8b20\" data-element_type=\"widget\" data-settings=\"{&quot;navigation&quot;:&quot;both&quot;,&quot;autoplay&quot;:&quot;yes&quot;,&quot;pause_on_hover&quot;:&quot;yes&quot;,&quot;pause_on_interaction&quot;:&quot;yes&quot;,&quot;autoplay_speed&quot;:5000,&quot;infinite&quot;:&quot;yes&quot;,&quot;speed&quot;:500}\" data-widget_type=\"image-carousel.default\">\n\t\t\t\t<div class=\"elementor-widget-container\">\n\t\t\t\t\t\t\t<div class=\"elementor-image-carousel-wrapper swiper\" role=\"region\" aria-roledescription=\"carousel\" aria-label=\"Karuzela obrazk\u00f3w\" dir=\"ltr\">\n\t\t\t<div class=\"elementor-image-carousel swiper-wrapper\" aria-live=\"off\">\n\t\t\t\t\t\t\t\t<div class=\"swiper-slide\" role=\"group\" aria-roledescription=\"slide\" aria-label=\"1 z 4\"><a data-elementor-open-lightbox=\"yes\" data-elementor-lightbox-slideshow=\"0af8b20\" data-elementor-lightbox-title=\"1\" data-e-action-hash=\"#elementor-action%3Aaction%3Dlightbox%26settings%3DeyJpZCI6MjA5NzksInVybCI6Imh0dHBzOlwvXC9zcDJhdWcucGxcL3dwLWNvbnRlbnRcL3VwbG9hZHNcLzIwMjRcLzA3XC8xLmpwZyIsInNsaWRlc2hvdyI6IjBhZjhiMjAifQ%3D%3D\" href=\"https:\/\/sp2aug.pl\/wp-content\/uploads\/2024\/07\/1.jpg\"><figure class=\"swiper-slide-inner\"><img decoding=\"async\" class=\"swiper-slide-image\" src=\"https:\/\/sp2aug.pl\/wp-content\/uploads\/2024\/07\/1-150x150.jpg\" alt=\"1\" \/><\/figure><\/a><\/div><div class=\"swiper-slide\" role=\"group\" aria-roledescription=\"slide\" aria-label=\"2 z 4\"><a data-elementor-open-lightbox=\"yes\" data-elementor-lightbox-slideshow=\"0af8b20\" data-elementor-lightbox-title=\"2\" data-e-action-hash=\"#elementor-action%3Aaction%3Dlightbox%26settings%3DeyJpZCI6MjA5ODAsInVybCI6Imh0dHBzOlwvXC9zcDJhdWcucGxcL3dwLWNvbnRlbnRcL3VwbG9hZHNcLzIwMjRcLzA3XC8yLmpwZyIsInNsaWRlc2hvdyI6IjBhZjhiMjAifQ%3D%3D\" href=\"https:\/\/sp2aug.pl\/wp-content\/uploads\/2024\/07\/2.jpg\"><figure class=\"swiper-slide-inner\"><img decoding=\"async\" class=\"swiper-slide-image\" src=\"https:\/\/sp2aug.pl\/wp-content\/uploads\/2024\/07\/2-150x150.jpg\" alt=\"2\" \/><\/figure><\/a><\/div><div class=\"swiper-slide\" role=\"group\" aria-roledescription=\"slide\" aria-label=\"3 z 4\"><a data-elementor-open-lightbox=\"yes\" data-elementor-lightbox-slideshow=\"0af8b20\" data-elementor-lightbox-title=\"3\" data-e-action-hash=\"#elementor-action%3Aaction%3Dlightbox%26settings%3DeyJpZCI6MjA5ODEsInVybCI6Imh0dHBzOlwvXC9zcDJhdWcucGxcL3dwLWNvbnRlbnRcL3VwbG9hZHNcLzIwMjRcLzA3XC8zLmpwZyIsInNsaWRlc2hvdyI6IjBhZjhiMjAifQ%3D%3D\" href=\"https:\/\/sp2aug.pl\/wp-content\/uploads\/2024\/07\/3.jpg\"><figure class=\"swiper-slide-inner\"><img decoding=\"async\" class=\"swiper-slide-image\" src=\"https:\/\/sp2aug.pl\/wp-content\/uploads\/2024\/07\/3-150x150.jpg\" alt=\"3\" \/><\/figure><\/a><\/div><div class=\"swiper-slide\" role=\"group\" aria-roledescription=\"slide\" aria-label=\"4 z 4\"><a data-elementor-open-lightbox=\"yes\" data-elementor-lightbox-slideshow=\"0af8b20\" data-elementor-lightbox-title=\"4\" data-e-action-hash=\"#elementor-action%3Aaction%3Dlightbox%26settings%3DeyJpZCI6MjA5ODIsInVybCI6Imh0dHBzOlwvXC9zcDJhdWcucGxcL3dwLWNvbnRlbnRcL3VwbG9hZHNcLzIwMjRcLzA3XC80LmpwZyIsInNsaWRlc2hvdyI6IjBhZjhiMjAifQ%3D%3D\" href=\"https:\/\/sp2aug.pl\/wp-content\/uploads\/2024\/07\/4.jpg\"><figure class=\"swiper-slide-inner\"><img decoding=\"async\" class=\"swiper-slide-image\" src=\"https:\/\/sp2aug.pl\/wp-content\/uploads\/2024\/07\/4-150x150.jpg\" alt=\"4\" \/><\/figure><\/a><\/div>\t\t\t<\/div>\n\t\t\t\t\t\t\t\t\t\t\t\t<div class=\"elementor-swiper-button elementor-swiper-button-prev\" role=\"button\" tabindex=\"0\">\n\t\t\t\t\t\t<i aria-hidden=\"true\" class=\"eicon-chevron-left\"><\/i>\t\t\t\t\t<\/div>\n\t\t\t\t\t<div class=\"elementor-swiper-button elementor-swiper-button-next\" role=\"button\" tabindex=\"0\">\n\t\t\t\t\t\t<i aria-hidden=\"true\" class=\"eicon-chevron-right\"><\/i>\t\t\t\t\t<\/div>\n\t\t\t\t\n\t\t\t\t\t\t\t\t\t<div class=\"swiper-pagination\"><\/div>\n\t\t\t\t\t\t\t\t\t<\/div>\n\t\t\t\t\t\t<\/div>\n\t\t\t\t<\/div>\n\t\t\t\t\t<\/div>\n\t\t<\/div>\n\t\t\t\t\t<\/div>\n\t\t<\/section>\n\t\t\t\t<\/div>\n\t\t","protected":false},"excerpt":{"rendered":"<p>12 lipca 2024 r., w Dniu Pami\u0119ci Ofiar Ob\u0142awy Augustowskiej, poczet sztandarowy naszej szko\u0142y na czele z panem dyrektorem Leszkiem Mo\u0142odziejko oraz nauczycielami, uczestniczy\u0142 w uroczysto\u015bciach patriotyczno \u2013 religijnych po\u015bwi\u0119conym 79 rocznicy tych tragicznych wydarze\u0144.Na placu powstaj\u0105cego Domu Ob\u0142awy Augustowskiej, zaproszeni go\u015bcie przypomnieli nazwiska Ofiar Ob\u0142awy Augustowskiej. Zgromadzeni przedstawiciele r\u00f3\u017cnych organizacji, reprezentanci wojska, Ko\u015bcio\u0142a, harcerstwa,&hellip;<\/p>\n","protected":false},"author":1,"featured_media":0,"comment_status":"closed","ping_status":"closed","sticky":false,"template":"","format":"standard","meta":{"footnotes":""},"categories":[4],"tags":[],"class_list":["post-20978","post","type-post","status-publish","format-standard","hentry","category-archiwalne"],"_links":{"self":[{"href":"https:\/\/sp2aug.pl\/index.php\/wp-json\/wp\/v2\/posts\/20978","targetHints":{"allow":["GET"]}}],"collection":[{"href":"https:\/\/sp2aug.pl\/index.php\/wp-json\/wp\/v2\/posts"}],"about":[{"href":"https:\/\/sp2aug.pl\/index.php\/wp-json\/wp\/v2\/types\/post"}],"author":[{"embeddable":true,"href":"https:\/\/sp2aug.pl\/index.php\/wp-json\/wp\/v2\/users\/1"}],"replies":[{"embeddable":true,"href":"https:\/\/sp2aug.pl\/index.php\/wp-json\/wp\/v2\/comments?post=20978"}],"version-history":[{"count":3,"href":"https:\/\/sp2aug.pl\/index.php\/wp-json\/wp\/v2\/posts\/20978\/revisions"}],"predecessor-version":[{"id":20985,"href":"https:\/\/sp2aug.pl\/index.php\/wp-json\/wp\/v2\/posts\/20978\/revisions\/20985"}],"wp:attachment":[{"href":"https:\/\/sp2aug.pl\/index.php\/wp-json\/wp\/v2\/media?parent=20978"}],"wp:term":[{"taxonomy":"category","embeddable":true,"href":"https:\/\/sp2aug.pl\/index.php\/wp-json\/wp\/v2\/categories?post=20978"},{"taxonomy":"post_tag","embeddable":true,"href":"https:\/\/sp2aug.pl\/index.php\/wp-json\/wp\/v2\/tags?post=20978"}],"curies":[{"name":"wp","href":"https:\/\/api.w.org\/{rel}","templated":true}]}}