{"id":20621,"date":"2024-06-16T17:27:34","date_gmt":"2024-06-16T15:27:34","guid":{"rendered":"https:\/\/sp2aug.pl\/?p=20621"},"modified":"2024-06-16T17:28:07","modified_gmt":"2024-06-16T15:28:07","slug":"xxix-miedzyszkolny-konkurs-ortograficzny","status":"publish","type":"post","link":"https:\/\/sp2aug.pl\/index.php\/2024\/06\/16\/xxix-miedzyszkolny-konkurs-ortograficzny\/","title":{"rendered":"XXIX Mi\u0119dzyszkolny Konkurs Ortograficzny"},"content":{"rendered":"\t\t<div data-elementor-type=\"wp-post\" data-elementor-id=\"20621\" class=\"elementor elementor-20621\">\n\t\t\t\t\t\t<section class=\"elementor-section elementor-top-section elementor-element elementor-element-1b149a7 elementor-section-boxed elementor-section-height-default elementor-section-height-default\" data-id=\"1b149a7\" data-element_type=\"section\">\n\t\t\t\t\t\t<div class=\"elementor-container elementor-column-gap-default\">\n\t\t\t\t\t<div class=\"elementor-column elementor-col-100 elementor-top-column elementor-element elementor-element-1de04d4\" data-id=\"1de04d4\" data-element_type=\"column\">\n\t\t\t<div class=\"elementor-widget-wrap elementor-element-populated\">\n\t\t\t\t\t\t<div class=\"elementor-element elementor-element-50593a0 elementor-widget elementor-widget-text-editor\" data-id=\"50593a0\" data-element_type=\"widget\" data-widget_type=\"text-editor.default\">\n\t\t\t\t<div class=\"elementor-widget-container\">\n\t\t\t\t\t\t\t\t\t<div dir=\"ltr\">14 czerwca 2024 r. odby\u0142 si\u0119 w naszej szkole XXIX Mi\u0119dzyszkolny Konkurs Ortograficzny. Uczestnicy napisali dyktando, w kt\u00f3rym musieli wykaza\u0107 si\u0119 wiedz\u0105 z zakresu znajomo\u015bci zasad ortograficznych. Celem konkursu by\u0142o pokazanie warto\u015bci uczenia si\u0119 i nabywania umiej\u0119tno\u015bci poprawnego pos\u0142ugiwania si\u0119 j\u0119zykiem ojczystym.<\/div><div dir=\"ltr\"><u>Oto tegoroczni laureaci:<\/u><\/div><div><b>I miejsce\u00a0<\/b>Emilia Piekarska<b>\u00a0<\/b>klasa III b Szko\u0142a Podstawowa nr 4<\/div><div><b>II miejsce<\/b>\u00a0Maja Sturgulewska III a Szko\u0142a Podstawowa nr 2<\/div><div><b>III miejsce<\/b>\u00a0Aleksandra Murawska III a Szko\u0142a Podstawowa nr 3<\/div><div>Gratulacje!<\/div>\t\t\t\t\t\t\t\t<\/div>\n\t\t\t\t<\/div>\n\t\t\t\t\t<\/div>\n\t\t<\/div>\n\t\t\t\t\t<\/div>\n\t\t<\/section>\n\t\t\t\t<section class=\"elementor-section elementor-top-section elementor-element elementor-element-bd90466 elementor-section-boxed elementor-section-height-default elementor-section-height-default\" data-id=\"bd90466\" data-element_type=\"section\">\n\t\t\t\t\t\t<div class=\"elementor-container elementor-column-gap-default\">\n\t\t\t\t\t<div class=\"elementor-column elementor-col-50 elementor-top-column elementor-element elementor-element-829177a\" data-id=\"829177a\" data-element_type=\"column\">\n\t\t\t<div class=\"elementor-widget-wrap elementor-element-populated\">\n\t\t\t\t\t\t<div class=\"elementor-element elementor-element-d7097fc elementor-widget elementor-widget-image\" data-id=\"d7097fc\" data-element_type=\"widget\" data-widget_type=\"image.default\">\n\t\t\t\t<div class=\"elementor-widget-container\">\n\t\t\t\t\t\t\t\t\t\t\t\t\t\t\t\t<a href=\"https:\/\/sp2aug.pl\/wp-content\/uploads\/2024\/06\/2-15.jpg\" data-elementor-open-lightbox=\"yes\" data-elementor-lightbox-title=\"2\" data-e-action-hash=\"#elementor-action%3Aaction%3Dlightbox%26settings%3DeyJpZCI6MjA2MjMsInVybCI6Imh0dHBzOlwvXC9zcDJhdWcucGxcL3dwLWNvbnRlbnRcL3VwbG9hZHNcLzIwMjRcLzA2XC8yLTE1LmpwZyJ9\">\n\t\t\t\t\t\t\t<img fetchpriority=\"high\" decoding=\"async\" width=\"482\" height=\"643\" src=\"https:\/\/sp2aug.pl\/wp-content\/uploads\/2024\/06\/2-15.jpg\" class=\"attachment-large size-large wp-image-20623\" alt=\"\" srcset=\"https:\/\/sp2aug.pl\/wp-content\/uploads\/2024\/06\/2-15.jpg 482w, https:\/\/sp2aug.pl\/wp-content\/uploads\/2024\/06\/2-15-225x300.jpg 225w\" sizes=\"(max-width: 482px) 100vw, 482px\" \/>\t\t\t\t\t\t\t\t<\/a>\n\t\t\t\t\t\t\t\t\t\t\t\t\t\t\t<\/div>\n\t\t\t\t<\/div>\n\t\t\t\t\t<\/div>\n\t\t<\/div>\n\t\t\t\t<div class=\"elementor-column elementor-col-50 elementor-top-column elementor-element elementor-element-8ebcd66\" data-id=\"8ebcd66\" data-element_type=\"column\">\n\t\t\t<div class=\"elementor-widget-wrap elementor-element-populated\">\n\t\t\t\t\t\t<div class=\"elementor-element elementor-element-414aa8d elementor-widget elementor-widget-image\" data-id=\"414aa8d\" data-element_type=\"widget\" data-widget_type=\"image.default\">\n\t\t\t\t<div class=\"elementor-widget-container\">\n\t\t\t\t\t\t\t\t\t\t\t\t\t\t\t\t<a href=\"https:\/\/sp2aug.pl\/wp-content\/uploads\/2024\/06\/1-14.jpg\" data-elementor-open-lightbox=\"yes\" data-elementor-lightbox-title=\"1\" data-e-action-hash=\"#elementor-action%3Aaction%3Dlightbox%26settings%3DeyJpZCI6MjA2MjIsInVybCI6Imh0dHBzOlwvXC9zcDJhdWcucGxcL3dwLWNvbnRlbnRcL3VwbG9hZHNcLzIwMjRcLzA2XC8xLTE0LmpwZyJ9\">\n\t\t\t\t\t\t\t<img decoding=\"async\" width=\"694\" height=\"925\" src=\"https:\/\/sp2aug.pl\/wp-content\/uploads\/2024\/06\/1-14.jpg\" class=\"attachment-large size-large wp-image-20622\" alt=\"\" srcset=\"https:\/\/sp2aug.pl\/wp-content\/uploads\/2024\/06\/1-14.jpg 694w, https:\/\/sp2aug.pl\/wp-content\/uploads\/2024\/06\/1-14-225x300.jpg 225w\" sizes=\"(max-width: 694px) 100vw, 694px\" \/>\t\t\t\t\t\t\t\t<\/a>\n\t\t\t\t\t\t\t\t\t\t\t\t\t\t\t<\/div>\n\t\t\t\t<\/div>\n\t\t\t\t\t<\/div>\n\t\t<\/div>\n\t\t\t\t\t<\/div>\n\t\t<\/section>\n\t\t\t\t<\/div>\n\t\t","protected":false},"excerpt":{"rendered":"<p>14 czerwca 2024 r. odby\u0142 si\u0119 w naszej szkole XXIX Mi\u0119dzyszkolny Konkurs Ortograficzny. Uczestnicy napisali dyktando, w kt\u00f3rym musieli wykaza\u0107 si\u0119 wiedz\u0105 z zakresu znajomo\u015bci zasad ortograficznych. Celem konkursu by\u0142o pokazanie warto\u015bci uczenia si\u0119 i nabywania umiej\u0119tno\u015bci poprawnego pos\u0142ugiwania si\u0119 j\u0119zykiem ojczystym.Oto tegoroczni laureaci:I miejsce\u00a0Emilia Piekarska\u00a0klasa III b Szko\u0142a Podstawowa nr 4II miejsce\u00a0Maja Sturgulewska III&hellip;<\/p>\n","protected":false},"author":1,"featured_media":0,"comment_status":"closed","ping_status":"closed","sticky":false,"template":"","format":"standard","meta":{"footnotes":""},"categories":[4],"tags":[],"class_list":["post-20621","post","type-post","status-publish","format-standard","hentry","category-archiwalne"],"_links":{"self":[{"href":"https:\/\/sp2aug.pl\/index.php\/wp-json\/wp\/v2\/posts\/20621","targetHints":{"allow":["GET"]}}],"collection":[{"href":"https:\/\/sp2aug.pl\/index.php\/wp-json\/wp\/v2\/posts"}],"about":[{"href":"https:\/\/sp2aug.pl\/index.php\/wp-json\/wp\/v2\/types\/post"}],"author":[{"embeddable":true,"href":"https:\/\/sp2aug.pl\/index.php\/wp-json\/wp\/v2\/users\/1"}],"replies":[{"embeddable":true,"href":"https:\/\/sp2aug.pl\/index.php\/wp-json\/wp\/v2\/comments?post=20621"}],"version-history":[{"count":3,"href":"https:\/\/sp2aug.pl\/index.php\/wp-json\/wp\/v2\/posts\/20621\/revisions"}],"predecessor-version":[{"id":20626,"href":"https:\/\/sp2aug.pl\/index.php\/wp-json\/wp\/v2\/posts\/20621\/revisions\/20626"}],"wp:attachment":[{"href":"https:\/\/sp2aug.pl\/index.php\/wp-json\/wp\/v2\/media?parent=20621"}],"wp:term":[{"taxonomy":"category","embeddable":true,"href":"https:\/\/sp2aug.pl\/index.php\/wp-json\/wp\/v2\/categories?post=20621"},{"taxonomy":"post_tag","embeddable":true,"href":"https:\/\/sp2aug.pl\/index.php\/wp-json\/wp\/v2\/tags?post=20621"}],"curies":[{"name":"wp","href":"https:\/\/api.w.org\/{rel}","templated":true}]}}