{"id":19952,"date":"2024-05-07T19:53:42","date_gmt":"2024-05-07T17:53:42","guid":{"rendered":"https:\/\/sp2aug.pl\/?p=19952"},"modified":"2024-05-07T19:55:39","modified_gmt":"2024-05-07T17:55:39","slug":"uroczystosci-trzeciomajowe","status":"publish","type":"post","link":"https:\/\/sp2aug.pl\/index.php\/2024\/05\/07\/uroczystosci-trzeciomajowe\/","title":{"rendered":"Uroczysto\u015bci trzeciomajowe"},"content":{"rendered":"\t\t<div data-elementor-type=\"wp-post\" data-elementor-id=\"19952\" class=\"elementor elementor-19952\">\n\t\t\t\t\t\t<section class=\"elementor-section elementor-top-section elementor-element elementor-element-f6dda95 elementor-section-boxed elementor-section-height-default elementor-section-height-default\" data-id=\"f6dda95\" data-element_type=\"section\">\n\t\t\t\t\t\t<div class=\"elementor-container elementor-column-gap-default\">\n\t\t\t\t\t<div class=\"elementor-column elementor-col-100 elementor-top-column elementor-element elementor-element-d1f2021\" data-id=\"d1f2021\" data-element_type=\"column\">\n\t\t\t<div class=\"elementor-widget-wrap elementor-element-populated\">\n\t\t\t\t\t\t<div class=\"elementor-element elementor-element-0e7debb elementor-widget elementor-widget-text-editor\" data-id=\"0e7debb\" data-element_type=\"widget\" data-widget_type=\"text-editor.default\">\n\t\t\t\t<div class=\"elementor-widget-container\">\n\t\t\t\t\t\t\t\t\t<p>W pi\u0105tek \u015bwi\u0119towali\u015bmy w Augustowie 233. rocznic\u0119 uchwalenia Konstytucji 3 Maja. Obchody rozpocz\u0119\u0142y si\u0119 Msz\u0105 \u015awi\u0119t\u0105 w intencji Ojczyzny, kt\u00f3ra zosta\u0142a odprawiona w Bazylice Mniejszej pw. Naj\u015bwi\u0119tszego Serca Jezusowego.<br>Na Rynku Zygmunta Augusta wsp\u00f3lnie od\u015bpiewali\u015bmy hymn narodowy oraz byli\u015bmy \u015bwiadkami podniesienia flagi pa\u0144stwowej z udzia\u0142em \u017bo\u0142nierzy I Batalionu Saper\u00f3w 15. Brygady Zmechanizowanej. Nast\u0119pnie wys\u0142uchali\u015bmy przem\u00f3wienia Miros\u0142awa Karolczuka, Burmistrza Augustowa.<br>Delegacja naszej szko\u0142y na czele z p. Leszkiem Mo\u0142odziejko, dyrektorem, z\u0142o\u017cy\u0142a wi\u0105zank\u0119 kwiat\u00f3w przed pomnikiem \u201eTym, kt\u00f3rzy oddali swe \u017cycie za woln\u0105 i sprawiedliw\u0105 Ojczyzn\u0119\u201d.<br>Gratulujemy uczennicom i uczniom, kt\u00f3rzy reprezentowali nasz\u0105 spo\u0142eczno\u015b\u0107 szkoln\u0105 w poczcie sztandarowym. Dzi\u0119kujemy rodzicom za wsp\u00f3\u0142prac\u0119.<\/p>\n<p>Art. i zdj.,<br>D. Gregorowicz<\/p>\t\t\t\t\t\t\t\t<\/div>\n\t\t\t\t<\/div>\n\t\t\t\t\t<\/div>\n\t\t<\/div>\n\t\t\t\t\t<\/div>\n\t\t<\/section>\n\t\t\t\t<section class=\"elementor-section elementor-top-section elementor-element elementor-element-2e83271 elementor-section-boxed elementor-section-height-default elementor-section-height-default\" data-id=\"2e83271\" data-element_type=\"section\">\n\t\t\t\t\t\t<div class=\"elementor-container elementor-column-gap-default\">\n\t\t\t\t\t<div class=\"elementor-column elementor-col-100 elementor-top-column elementor-element elementor-element-0ade86c\" data-id=\"0ade86c\" data-element_type=\"column\">\n\t\t\t<div class=\"elementor-widget-wrap elementor-element-populated\">\n\t\t\t\t\t\t<div class=\"elementor-element elementor-element-575332a elementor-arrows-position-inside elementor-pagination-position-outside elementor-widget elementor-widget-image-carousel\" data-id=\"575332a\" data-element_type=\"widget\" data-settings=\"{&quot;navigation&quot;:&quot;both&quot;,&quot;autoplay&quot;:&quot;yes&quot;,&quot;pause_on_hover&quot;:&quot;yes&quot;,&quot;pause_on_interaction&quot;:&quot;yes&quot;,&quot;autoplay_speed&quot;:5000,&quot;infinite&quot;:&quot;yes&quot;,&quot;speed&quot;:500}\" data-widget_type=\"image-carousel.default\">\n\t\t\t\t<div class=\"elementor-widget-container\">\n\t\t\t\t\t\t\t<div class=\"elementor-image-carousel-wrapper swiper\" role=\"region\" aria-roledescription=\"carousel\" aria-label=\"Karuzela obrazk\u00f3w\" dir=\"ltr\">\n\t\t\t<div class=\"elementor-image-carousel swiper-wrapper\" aria-live=\"off\">\n\t\t\t\t\t\t\t\t<div class=\"swiper-slide\" role=\"group\" aria-roledescription=\"slide\" aria-label=\"1 z 4\"><a data-elementor-open-lightbox=\"yes\" data-elementor-lightbox-slideshow=\"575332a\" data-elementor-lightbox-title=\"1\" data-e-action-hash=\"#elementor-action%3Aaction%3Dlightbox%26settings%3DeyJpZCI6MTk5NTMsInVybCI6Imh0dHBzOlwvXC9zcDJhdWcucGxcL3dwLWNvbnRlbnRcL3VwbG9hZHNcLzIwMjRcLzA1XC8xLTEuanBnIiwic2xpZGVzaG93IjoiNTc1MzMyYSJ9\" href=\"https:\/\/sp2aug.pl\/wp-content\/uploads\/2024\/05\/1-1.jpg\"><figure class=\"swiper-slide-inner\"><img decoding=\"async\" class=\"swiper-slide-image\" src=\"https:\/\/sp2aug.pl\/wp-content\/uploads\/2024\/05\/1-1-150x150.jpg\" alt=\"1\" \/><\/figure><\/a><\/div><div class=\"swiper-slide\" role=\"group\" aria-roledescription=\"slide\" aria-label=\"2 z 4\"><a data-elementor-open-lightbox=\"yes\" data-elementor-lightbox-slideshow=\"575332a\" data-elementor-lightbox-title=\"2\" data-e-action-hash=\"#elementor-action%3Aaction%3Dlightbox%26settings%3DeyJpZCI6MTk5NTQsInVybCI6Imh0dHBzOlwvXC9zcDJhdWcucGxcL3dwLWNvbnRlbnRcL3VwbG9hZHNcLzIwMjRcLzA1XC8yLTEuanBnIiwic2xpZGVzaG93IjoiNTc1MzMyYSJ9\" href=\"https:\/\/sp2aug.pl\/wp-content\/uploads\/2024\/05\/2-1.jpg\"><figure class=\"swiper-slide-inner\"><img decoding=\"async\" class=\"swiper-slide-image\" src=\"https:\/\/sp2aug.pl\/wp-content\/uploads\/2024\/05\/2-1-150x150.jpg\" alt=\"2\" \/><\/figure><\/a><\/div><div class=\"swiper-slide\" role=\"group\" aria-roledescription=\"slide\" aria-label=\"3 z 4\"><a data-elementor-open-lightbox=\"yes\" data-elementor-lightbox-slideshow=\"575332a\" data-elementor-lightbox-title=\"3\" data-e-action-hash=\"#elementor-action%3Aaction%3Dlightbox%26settings%3DeyJpZCI6MTk5NTUsInVybCI6Imh0dHBzOlwvXC9zcDJhdWcucGxcL3dwLWNvbnRlbnRcL3VwbG9hZHNcLzIwMjRcLzA1XC8zLTEuanBnIiwic2xpZGVzaG93IjoiNTc1MzMyYSJ9\" href=\"https:\/\/sp2aug.pl\/wp-content\/uploads\/2024\/05\/3-1.jpg\"><figure class=\"swiper-slide-inner\"><img decoding=\"async\" class=\"swiper-slide-image\" src=\"https:\/\/sp2aug.pl\/wp-content\/uploads\/2024\/05\/3-1-150x150.jpg\" alt=\"3\" \/><\/figure><\/a><\/div><div class=\"swiper-slide\" role=\"group\" aria-roledescription=\"slide\" aria-label=\"4 z 4\"><a data-elementor-open-lightbox=\"yes\" data-elementor-lightbox-slideshow=\"575332a\" data-elementor-lightbox-title=\"4\" data-e-action-hash=\"#elementor-action%3Aaction%3Dlightbox%26settings%3DeyJpZCI6MTk5NTYsInVybCI6Imh0dHBzOlwvXC9zcDJhdWcucGxcL3dwLWNvbnRlbnRcL3VwbG9hZHNcLzIwMjRcLzA1XC80LTEuanBnIiwic2xpZGVzaG93IjoiNTc1MzMyYSJ9\" href=\"https:\/\/sp2aug.pl\/wp-content\/uploads\/2024\/05\/4-1.jpg\"><figure class=\"swiper-slide-inner\"><img decoding=\"async\" class=\"swiper-slide-image\" src=\"https:\/\/sp2aug.pl\/wp-content\/uploads\/2024\/05\/4-1-150x150.jpg\" alt=\"4\" \/><\/figure><\/a><\/div>\t\t\t<\/div>\n\t\t\t\t\t\t\t\t\t\t\t\t<div class=\"elementor-swiper-button elementor-swiper-button-prev\" role=\"button\" tabindex=\"0\">\n\t\t\t\t\t\t<i aria-hidden=\"true\" class=\"eicon-chevron-left\"><\/i>\t\t\t\t\t<\/div>\n\t\t\t\t\t<div class=\"elementor-swiper-button elementor-swiper-button-next\" role=\"button\" tabindex=\"0\">\n\t\t\t\t\t\t<i aria-hidden=\"true\" class=\"eicon-chevron-right\"><\/i>\t\t\t\t\t<\/div>\n\t\t\t\t\n\t\t\t\t\t\t\t\t\t<div class=\"swiper-pagination\"><\/div>\n\t\t\t\t\t\t\t\t\t<\/div>\n\t\t\t\t\t\t<\/div>\n\t\t\t\t<\/div>\n\t\t\t\t\t<\/div>\n\t\t<\/div>\n\t\t\t\t\t<\/div>\n\t\t<\/section>\n\t\t\t\t<\/div>\n\t\t","protected":false},"excerpt":{"rendered":"<p>W pi\u0105tek \u015bwi\u0119towali\u015bmy w Augustowie 233. rocznic\u0119 uchwalenia Konstytucji 3 Maja. Obchody rozpocz\u0119\u0142y si\u0119 Msz\u0105 \u015awi\u0119t\u0105 w intencji Ojczyzny, kt\u00f3ra zosta\u0142a odprawiona w Bazylice Mniejszej pw. Naj\u015bwi\u0119tszego Serca Jezusowego.Na Rynku Zygmunta Augusta wsp\u00f3lnie od\u015bpiewali\u015bmy hymn narodowy oraz byli\u015bmy \u015bwiadkami podniesienia flagi pa\u0144stwowej z udzia\u0142em \u017bo\u0142nierzy I Batalionu Saper\u00f3w 15. Brygady Zmechanizowanej. Nast\u0119pnie wys\u0142uchali\u015bmy przem\u00f3wienia Miros\u0142awa&hellip;<\/p>\n","protected":false},"author":1,"featured_media":0,"comment_status":"closed","ping_status":"closed","sticky":false,"template":"","format":"standard","meta":{"footnotes":""},"categories":[4],"tags":[],"class_list":["post-19952","post","type-post","status-publish","format-standard","hentry","category-archiwalne"],"_links":{"self":[{"href":"https:\/\/sp2aug.pl\/index.php\/wp-json\/wp\/v2\/posts\/19952","targetHints":{"allow":["GET"]}}],"collection":[{"href":"https:\/\/sp2aug.pl\/index.php\/wp-json\/wp\/v2\/posts"}],"about":[{"href":"https:\/\/sp2aug.pl\/index.php\/wp-json\/wp\/v2\/types\/post"}],"author":[{"embeddable":true,"href":"https:\/\/sp2aug.pl\/index.php\/wp-json\/wp\/v2\/users\/1"}],"replies":[{"embeddable":true,"href":"https:\/\/sp2aug.pl\/index.php\/wp-json\/wp\/v2\/comments?post=19952"}],"version-history":[{"count":3,"href":"https:\/\/sp2aug.pl\/index.php\/wp-json\/wp\/v2\/posts\/19952\/revisions"}],"predecessor-version":[{"id":19959,"href":"https:\/\/sp2aug.pl\/index.php\/wp-json\/wp\/v2\/posts\/19952\/revisions\/19959"}],"wp:attachment":[{"href":"https:\/\/sp2aug.pl\/index.php\/wp-json\/wp\/v2\/media?parent=19952"}],"wp:term":[{"taxonomy":"category","embeddable":true,"href":"https:\/\/sp2aug.pl\/index.php\/wp-json\/wp\/v2\/categories?post=19952"},{"taxonomy":"post_tag","embeddable":true,"href":"https:\/\/sp2aug.pl\/index.php\/wp-json\/wp\/v2\/tags?post=19952"}],"curies":[{"name":"wp","href":"https:\/\/api.w.org\/{rel}","templated":true}]}}