{"id":19788,"date":"2024-04-24T17:57:13","date_gmt":"2024-04-24T15:57:13","guid":{"rendered":"https:\/\/sp2aug.pl\/?p=19788"},"modified":"2024-04-24T17:58:16","modified_gmt":"2024-04-24T15:58:16","slug":"podsumowanie-konkursow","status":"publish","type":"post","link":"https:\/\/sp2aug.pl\/index.php\/2024\/04\/24\/podsumowanie-konkursow\/","title":{"rendered":"Podsumowanie konkurs\u00f3w"},"content":{"rendered":"\t\t<div data-elementor-type=\"wp-post\" data-elementor-id=\"19788\" class=\"elementor elementor-19788\">\n\t\t\t\t\t\t<section class=\"elementor-section elementor-top-section elementor-element elementor-element-5d81aee elementor-section-boxed elementor-section-height-default elementor-section-height-default\" data-id=\"5d81aee\" data-element_type=\"section\">\n\t\t\t\t\t\t<div class=\"elementor-container elementor-column-gap-default\">\n\t\t\t\t\t<div class=\"elementor-column elementor-col-100 elementor-top-column elementor-element elementor-element-1db9816\" data-id=\"1db9816\" data-element_type=\"column\">\n\t\t\t<div class=\"elementor-widget-wrap elementor-element-populated\">\n\t\t\t\t\t\t<div class=\"elementor-element elementor-element-4a83d01 elementor-widget elementor-widget-text-editor\" data-id=\"4a83d01\" data-element_type=\"widget\" data-widget_type=\"text-editor.default\">\n\t\t\t\t<div class=\"elementor-widget-container\">\n\t\t\t\t\t\t\t\t\t<p>We \u015brod\u0119 24.04.2024r. odby\u0142o si\u0119 uroczyste podsumowanie wojew\u00f3dzkich konkurs\u00f3w przedmiotowych organizowanych przez Podlaskiego Kuratora O\u015bwiaty w Bia\u0142ymstoku. Na uroczysto\u015b\u0107 zostali zaproszeni laureaci konkurs\u00f3w z wszystkich przedmiot\u00f3w z wojew\u00f3dztwa podlaskiego. Pani mgr Agnieszka Krokos-Janczy\u0142o -Podlaski Kurator O\u015bwiaty wr\u0119cza\u0142a za\u015bwiadczenia potwierdzaj\u0105ce zdobycie tytu\u0142u laureata. W\u015br\u00f3d wielu uczni\u00f3w, r\u00f3wnie\u017c ucze\u0144 naszej szko\u0142y &#8211; Marcin Mierzejewski otrzyma\u0142 za\u015bwiadczenie potwierdzaj\u0105ce zdobycie tytu\u0142u laureata z Informatyki z maksymaln\u0105 ilo\u015bci\u0105 punkt\u00f3w i<br>gratulacje od pani kurator. Jeszcze raz gratulujemy osi\u0105gni\u0119cia tak du\u017cego sukcesu.<\/p>\t\t\t\t\t\t\t\t<\/div>\n\t\t\t\t<\/div>\n\t\t\t\t\t<\/div>\n\t\t<\/div>\n\t\t\t\t\t<\/div>\n\t\t<\/section>\n\t\t\t\t<section class=\"elementor-section elementor-top-section elementor-element elementor-element-957064e elementor-section-boxed elementor-section-height-default elementor-section-height-default\" data-id=\"957064e\" data-element_type=\"section\">\n\t\t\t\t\t\t<div class=\"elementor-container elementor-column-gap-default\">\n\t\t\t\t\t<div class=\"elementor-column elementor-col-50 elementor-top-column elementor-element elementor-element-cb740b6\" data-id=\"cb740b6\" data-element_type=\"column\">\n\t\t\t<div class=\"elementor-widget-wrap elementor-element-populated\">\n\t\t\t\t\t\t<div class=\"elementor-element elementor-element-e18ba63 elementor-widget elementor-widget-image\" data-id=\"e18ba63\" data-element_type=\"widget\" data-widget_type=\"image.default\">\n\t\t\t\t<div class=\"elementor-widget-container\">\n\t\t\t\t\t\t\t\t\t\t\t\t\t\t\t\t<a href=\"https:\/\/sp2aug.pl\/wp-content\/uploads\/2024\/04\/2-17.jpg\" data-elementor-open-lightbox=\"yes\" data-elementor-lightbox-title=\"2\" data-e-action-hash=\"#elementor-action%3Aaction%3Dlightbox%26settings%3DeyJpZCI6MTk3OTEsInVybCI6Imh0dHBzOlwvXC9zcDJhdWcucGxcL3dwLWNvbnRlbnRcL3VwbG9hZHNcLzIwMjRcLzA0XC8yLTE3LmpwZyJ9\">\n\t\t\t\t\t\t\t<img fetchpriority=\"high\" decoding=\"async\" width=\"300\" height=\"232\" src=\"https:\/\/sp2aug.pl\/wp-content\/uploads\/2024\/04\/2-17-300x232.jpg\" class=\"attachment-medium size-medium wp-image-19791\" alt=\"\" srcset=\"https:\/\/sp2aug.pl\/wp-content\/uploads\/2024\/04\/2-17-300x232.jpg 300w, https:\/\/sp2aug.pl\/wp-content\/uploads\/2024\/04\/2-17-768x594.jpg 768w, https:\/\/sp2aug.pl\/wp-content\/uploads\/2024\/04\/2-17.jpg 774w\" sizes=\"(max-width: 300px) 100vw, 300px\" \/>\t\t\t\t\t\t\t\t<\/a>\n\t\t\t\t\t\t\t\t\t\t\t\t\t\t\t<\/div>\n\t\t\t\t<\/div>\n\t\t\t\t\t<\/div>\n\t\t<\/div>\n\t\t\t\t<div class=\"elementor-column elementor-col-50 elementor-top-column elementor-element elementor-element-aed52cd\" data-id=\"aed52cd\" data-element_type=\"column\">\n\t\t\t<div class=\"elementor-widget-wrap elementor-element-populated\">\n\t\t\t\t\t\t<div class=\"elementor-element elementor-element-8634f1a elementor-widget elementor-widget-image\" data-id=\"8634f1a\" data-element_type=\"widget\" data-widget_type=\"image.default\">\n\t\t\t\t<div class=\"elementor-widget-container\">\n\t\t\t\t\t\t\t\t\t\t\t\t\t\t\t\t<a href=\"https:\/\/sp2aug.pl\/wp-content\/uploads\/2024\/04\/1-18.jpg\" data-elementor-open-lightbox=\"yes\" data-elementor-lightbox-title=\"1\" data-e-action-hash=\"#elementor-action%3Aaction%3Dlightbox%26settings%3DeyJpZCI6MTk3OTAsInVybCI6Imh0dHBzOlwvXC9zcDJhdWcucGxcL3dwLWNvbnRlbnRcL3VwbG9hZHNcLzIwMjRcLzA0XC8xLTE4LmpwZyJ9\">\n\t\t\t\t\t\t\t<img decoding=\"async\" width=\"300\" height=\"225\" src=\"https:\/\/sp2aug.pl\/wp-content\/uploads\/2024\/04\/1-18-300x225.jpg\" class=\"attachment-medium size-medium wp-image-19790\" alt=\"\" srcset=\"https:\/\/sp2aug.pl\/wp-content\/uploads\/2024\/04\/1-18-300x225.jpg 300w, https:\/\/sp2aug.pl\/wp-content\/uploads\/2024\/04\/1-18-768x576.jpg 768w, https:\/\/sp2aug.pl\/wp-content\/uploads\/2024\/04\/1-18-160x120.jpg 160w, https:\/\/sp2aug.pl\/wp-content\/uploads\/2024\/04\/1-18.jpg 800w\" sizes=\"(max-width: 300px) 100vw, 300px\" \/>\t\t\t\t\t\t\t\t<\/a>\n\t\t\t\t\t\t\t\t\t\t\t\t\t\t\t<\/div>\n\t\t\t\t<\/div>\n\t\t\t\t\t<\/div>\n\t\t<\/div>\n\t\t\t\t\t<\/div>\n\t\t<\/section>\n\t\t\t\t<\/div>\n\t\t","protected":false},"excerpt":{"rendered":"<p>We \u015brod\u0119 24.04.2024r. odby\u0142o si\u0119 uroczyste podsumowanie wojew\u00f3dzkich konkurs\u00f3w przedmiotowych organizowanych przez Podlaskiego Kuratora O\u015bwiaty w Bia\u0142ymstoku. Na uroczysto\u015b\u0107 zostali zaproszeni laureaci konkurs\u00f3w z wszystkich przedmiot\u00f3w z wojew\u00f3dztwa podlaskiego. Pani mgr Agnieszka Krokos-Janczy\u0142o -Podlaski Kurator O\u015bwiaty wr\u0119cza\u0142a za\u015bwiadczenia potwierdzaj\u0105ce zdobycie tytu\u0142u laureata. W\u015br\u00f3d wielu uczni\u00f3w, r\u00f3wnie\u017c ucze\u0144 naszej szko\u0142y &#8211; Marcin Mierzejewski otrzyma\u0142 za\u015bwiadczenie potwierdzaj\u0105ce&hellip;<\/p>\n","protected":false},"author":1,"featured_media":0,"comment_status":"closed","ping_status":"closed","sticky":false,"template":"","format":"standard","meta":{"footnotes":""},"categories":[4],"tags":[],"class_list":["post-19788","post","type-post","status-publish","format-standard","hentry","category-archiwalne"],"_links":{"self":[{"href":"https:\/\/sp2aug.pl\/index.php\/wp-json\/wp\/v2\/posts\/19788","targetHints":{"allow":["GET"]}}],"collection":[{"href":"https:\/\/sp2aug.pl\/index.php\/wp-json\/wp\/v2\/posts"}],"about":[{"href":"https:\/\/sp2aug.pl\/index.php\/wp-json\/wp\/v2\/types\/post"}],"author":[{"embeddable":true,"href":"https:\/\/sp2aug.pl\/index.php\/wp-json\/wp\/v2\/users\/1"}],"replies":[{"embeddable":true,"href":"https:\/\/sp2aug.pl\/index.php\/wp-json\/wp\/v2\/comments?post=19788"}],"version-history":[{"count":4,"href":"https:\/\/sp2aug.pl\/index.php\/wp-json\/wp\/v2\/posts\/19788\/revisions"}],"predecessor-version":[{"id":19794,"href":"https:\/\/sp2aug.pl\/index.php\/wp-json\/wp\/v2\/posts\/19788\/revisions\/19794"}],"wp:attachment":[{"href":"https:\/\/sp2aug.pl\/index.php\/wp-json\/wp\/v2\/media?parent=19788"}],"wp:term":[{"taxonomy":"category","embeddable":true,"href":"https:\/\/sp2aug.pl\/index.php\/wp-json\/wp\/v2\/categories?post=19788"},{"taxonomy":"post_tag","embeddable":true,"href":"https:\/\/sp2aug.pl\/index.php\/wp-json\/wp\/v2\/tags?post=19788"}],"curies":[{"name":"wp","href":"https:\/\/api.w.org\/{rel}","templated":true}]}}