{"id":19635,"date":"2024-04-17T18:12:07","date_gmt":"2024-04-17T16:12:07","guid":{"rendered":"https:\/\/sp2aug.pl\/?p=19635"},"modified":"2024-04-17T18:13:36","modified_gmt":"2024-04-17T16:13:36","slug":"pamietamy-o-rocznicy-chrztu-polski","status":"publish","type":"post","link":"https:\/\/sp2aug.pl\/index.php\/2024\/04\/17\/pamietamy-o-rocznicy-chrztu-polski\/","title":{"rendered":"Pami\u0119tamy o rocznicy Chrztu Polski"},"content":{"rendered":"\t\t<div data-elementor-type=\"wp-post\" data-elementor-id=\"19635\" class=\"elementor elementor-19635\">\n\t\t\t\t\t\t<section class=\"elementor-section elementor-top-section elementor-element elementor-element-bca340b elementor-section-boxed elementor-section-height-default elementor-section-height-default\" data-id=\"bca340b\" data-element_type=\"section\">\n\t\t\t\t\t\t<div class=\"elementor-container elementor-column-gap-default\">\n\t\t\t\t\t<div class=\"elementor-column elementor-col-100 elementor-top-column elementor-element elementor-element-aff7f54\" data-id=\"aff7f54\" data-element_type=\"column\">\n\t\t\t<div class=\"elementor-widget-wrap elementor-element-populated\">\n\t\t\t\t\t\t<div class=\"elementor-element elementor-element-583279d elementor-widget elementor-widget-text-editor\" data-id=\"583279d\" data-element_type=\"widget\" data-widget_type=\"text-editor.default\">\n\t\t\t\t<div class=\"elementor-widget-container\">\n\t\t\t\t\t\t\t\t\t<p><b>\u201eJak\u0105\u017c broni\u0105, o p\u0105tniku,<br>Zwalcza\u0107 b\u0119dziesz \u015bwiat ten stary?<br>&#8211; Ja mi\u0142o\u015bci\u0105 walczy\u0107 b\u0119d\u0119<br>I p\u0142omieniem \u017cywej wiary\u201d<br>M. Konopnicka &#8211; \u201eO \u015bwi\u0119tym Wojciechu\u201d<\/b><br>W dniu 2 lutego 2019 r. Sejm Rzeczpospolitej Polskiej przyj\u0105\u0142 ustaw\u0119 zak\u0142adaj\u0105c\u0105 ustanowienie dnia 14 kwietnia pa\u0144stwowym \u015awi\u0119tem Chrztu Polski. Przypuszcza si\u0119, \u017ce wraz z ksi\u0119ciem zosta\u0142 ochrzczony tak\u017ce jego dw\u00f3r. Ksi\u0105\u017c\u0119 Mieszko I zdecydowa\u0142 si\u0119 na przyj\u0119cie chrztu w obrz\u0105dku \u0142aci\u0144skim, za po\u015brednictwem misjonarzy z Czech. Znaleziska archeologiczne sugeruj\u0105, \u017ce chrzest m\u00f3g\u0142 mie\u0107 miejsce na wyspie Ostr\u00f3w Lednicki, blisko grodu gnie\u017anie\u0144skiego.<br>Uczniowie z klasy 6d \/Kasia, Maja, Julia, Magdalena i Maciej\/ w formie poetyckiej przypomnieli spo\u0142eczno\u015bci szkolnej o tym wydarzeniu sprzed ponad tysi\u0105ca lat.<\/p>\n<p>Art., zdj. i przygotowanie: D. Gregorowicz<\/p>\t\t\t\t\t\t\t\t<\/div>\n\t\t\t\t<\/div>\n\t\t\t\t\t<\/div>\n\t\t<\/div>\n\t\t\t\t\t<\/div>\n\t\t<\/section>\n\t\t\t\t<section class=\"elementor-section elementor-top-section elementor-element elementor-element-cfc0f74 elementor-section-boxed elementor-section-height-default elementor-section-height-default\" data-id=\"cfc0f74\" data-element_type=\"section\">\n\t\t\t\t\t\t<div class=\"elementor-container elementor-column-gap-default\">\n\t\t\t\t\t<div class=\"elementor-column elementor-col-100 elementor-top-column elementor-element elementor-element-72ef278\" data-id=\"72ef278\" data-element_type=\"column\">\n\t\t\t<div class=\"elementor-widget-wrap elementor-element-populated\">\n\t\t\t\t\t\t<div class=\"elementor-element elementor-element-06f7109 elementor-arrows-position-inside elementor-pagination-position-outside elementor-widget elementor-widget-image-carousel\" data-id=\"06f7109\" data-element_type=\"widget\" data-settings=\"{&quot;navigation&quot;:&quot;both&quot;,&quot;autoplay&quot;:&quot;yes&quot;,&quot;pause_on_hover&quot;:&quot;yes&quot;,&quot;pause_on_interaction&quot;:&quot;yes&quot;,&quot;autoplay_speed&quot;:5000,&quot;infinite&quot;:&quot;yes&quot;,&quot;speed&quot;:500}\" data-widget_type=\"image-carousel.default\">\n\t\t\t\t<div class=\"elementor-widget-container\">\n\t\t\t\t\t\t\t<div class=\"elementor-image-carousel-wrapper swiper\" role=\"region\" aria-roledescription=\"carousel\" aria-label=\"Karuzela obrazk\u00f3w\" dir=\"ltr\">\n\t\t\t<div class=\"elementor-image-carousel swiper-wrapper\" aria-live=\"off\">\n\t\t\t\t\t\t\t\t<div class=\"swiper-slide\" role=\"group\" aria-roledescription=\"slide\" aria-label=\"1 z 3\"><a data-elementor-open-lightbox=\"yes\" data-elementor-lightbox-slideshow=\"06f7109\" data-elementor-lightbox-title=\"1\" data-e-action-hash=\"#elementor-action%3Aaction%3Dlightbox%26settings%3DeyJpZCI6MTk2MzYsInVybCI6Imh0dHBzOlwvXC9zcDJhdWcucGxcL3dwLWNvbnRlbnRcL3VwbG9hZHNcLzIwMjRcLzA0XC8xLTEwLmpwZyIsInNsaWRlc2hvdyI6IjA2ZjcxMDkifQ%3D%3D\" href=\"https:\/\/sp2aug.pl\/wp-content\/uploads\/2024\/04\/1-10.jpg\"><figure class=\"swiper-slide-inner\"><img decoding=\"async\" class=\"swiper-slide-image\" src=\"https:\/\/sp2aug.pl\/wp-content\/uploads\/2024\/04\/1-10-150x150.jpg\" alt=\"1\" \/><\/figure><\/a><\/div><div class=\"swiper-slide\" role=\"group\" aria-roledescription=\"slide\" aria-label=\"2 z 3\"><a data-elementor-open-lightbox=\"yes\" data-elementor-lightbox-slideshow=\"06f7109\" data-elementor-lightbox-title=\"2\" data-e-action-hash=\"#elementor-action%3Aaction%3Dlightbox%26settings%3DeyJpZCI6MTk2MzcsInVybCI6Imh0dHBzOlwvXC9zcDJhdWcucGxcL3dwLWNvbnRlbnRcL3VwbG9hZHNcLzIwMjRcLzA0XC8yLTkuanBnIiwic2xpZGVzaG93IjoiMDZmNzEwOSJ9\" href=\"https:\/\/sp2aug.pl\/wp-content\/uploads\/2024\/04\/2-9.jpg\"><figure class=\"swiper-slide-inner\"><img decoding=\"async\" class=\"swiper-slide-image\" src=\"https:\/\/sp2aug.pl\/wp-content\/uploads\/2024\/04\/2-9-150x150.jpg\" alt=\"2\" \/><\/figure><\/a><\/div><div class=\"swiper-slide\" role=\"group\" aria-roledescription=\"slide\" aria-label=\"3 z 3\"><a data-elementor-open-lightbox=\"yes\" data-elementor-lightbox-slideshow=\"06f7109\" data-elementor-lightbox-title=\"3\" data-e-action-hash=\"#elementor-action%3Aaction%3Dlightbox%26settings%3DeyJpZCI6MTk2MzgsInVybCI6Imh0dHBzOlwvXC9zcDJhdWcucGxcL3dwLWNvbnRlbnRcL3VwbG9hZHNcLzIwMjRcLzA0XC8zLTkuanBnIiwic2xpZGVzaG93IjoiMDZmNzEwOSJ9\" href=\"https:\/\/sp2aug.pl\/wp-content\/uploads\/2024\/04\/3-9.jpg\"><figure class=\"swiper-slide-inner\"><img decoding=\"async\" class=\"swiper-slide-image\" src=\"https:\/\/sp2aug.pl\/wp-content\/uploads\/2024\/04\/3-9-150x150.jpg\" alt=\"3\" \/><\/figure><\/a><\/div>\t\t\t<\/div>\n\t\t\t\t\t\t\t\t\t\t\t\t<div class=\"elementor-swiper-button elementor-swiper-button-prev\" role=\"button\" tabindex=\"0\">\n\t\t\t\t\t\t<i aria-hidden=\"true\" class=\"eicon-chevron-left\"><\/i>\t\t\t\t\t<\/div>\n\t\t\t\t\t<div class=\"elementor-swiper-button elementor-swiper-button-next\" role=\"button\" tabindex=\"0\">\n\t\t\t\t\t\t<i aria-hidden=\"true\" class=\"eicon-chevron-right\"><\/i>\t\t\t\t\t<\/div>\n\t\t\t\t\n\t\t\t\t\t\t\t\t\t<div class=\"swiper-pagination\"><\/div>\n\t\t\t\t\t\t\t\t\t<\/div>\n\t\t\t\t\t\t<\/div>\n\t\t\t\t<\/div>\n\t\t\t\t\t<\/div>\n\t\t<\/div>\n\t\t\t\t\t<\/div>\n\t\t<\/section>\n\t\t\t\t<\/div>\n\t\t","protected":false},"excerpt":{"rendered":"<p>\u201eJak\u0105\u017c broni\u0105, o p\u0105tniku,Zwalcza\u0107 b\u0119dziesz \u015bwiat ten stary?&#8211; Ja mi\u0142o\u015bci\u0105 walczy\u0107 b\u0119d\u0119I p\u0142omieniem \u017cywej wiary\u201dM. Konopnicka &#8211; \u201eO \u015bwi\u0119tym Wojciechu\u201dW dniu 2 lutego 2019 r. Sejm Rzeczpospolitej Polskiej przyj\u0105\u0142 ustaw\u0119 zak\u0142adaj\u0105c\u0105 ustanowienie dnia 14 kwietnia pa\u0144stwowym \u015awi\u0119tem Chrztu Polski. Przypuszcza si\u0119, \u017ce wraz z ksi\u0119ciem zosta\u0142 ochrzczony tak\u017ce jego dw\u00f3r. Ksi\u0105\u017c\u0119 Mieszko I zdecydowa\u0142 si\u0119&hellip;<\/p>\n","protected":false},"author":1,"featured_media":0,"comment_status":"closed","ping_status":"closed","sticky":false,"template":"","format":"standard","meta":{"footnotes":""},"categories":[4],"tags":[],"class_list":["post-19635","post","type-post","status-publish","format-standard","hentry","category-archiwalne"],"_links":{"self":[{"href":"https:\/\/sp2aug.pl\/index.php\/wp-json\/wp\/v2\/posts\/19635","targetHints":{"allow":["GET"]}}],"collection":[{"href":"https:\/\/sp2aug.pl\/index.php\/wp-json\/wp\/v2\/posts"}],"about":[{"href":"https:\/\/sp2aug.pl\/index.php\/wp-json\/wp\/v2\/types\/post"}],"author":[{"embeddable":true,"href":"https:\/\/sp2aug.pl\/index.php\/wp-json\/wp\/v2\/users\/1"}],"replies":[{"embeddable":true,"href":"https:\/\/sp2aug.pl\/index.php\/wp-json\/wp\/v2\/comments?post=19635"}],"version-history":[{"count":3,"href":"https:\/\/sp2aug.pl\/index.php\/wp-json\/wp\/v2\/posts\/19635\/revisions"}],"predecessor-version":[{"id":19641,"href":"https:\/\/sp2aug.pl\/index.php\/wp-json\/wp\/v2\/posts\/19635\/revisions\/19641"}],"wp:attachment":[{"href":"https:\/\/sp2aug.pl\/index.php\/wp-json\/wp\/v2\/media?parent=19635"}],"wp:term":[{"taxonomy":"category","embeddable":true,"href":"https:\/\/sp2aug.pl\/index.php\/wp-json\/wp\/v2\/categories?post=19635"},{"taxonomy":"post_tag","embeddable":true,"href":"https:\/\/sp2aug.pl\/index.php\/wp-json\/wp\/v2\/tags?post=19635"}],"curies":[{"name":"wp","href":"https:\/\/api.w.org\/{rel}","templated":true}]}}